{"id":47729,"date":"2024-11-05T12:55:31","date_gmt":"2024-11-05T15:55:31","guid":{"rendered":"https:\/\/radiorevelacionfm.cl\/?p=47729"},"modified":"2024-11-05T12:55:31","modified_gmt":"2024-11-05T15:55:31","slug":"cochrane-sera-sede-del-ii-encuentro-cientifico-y-cultural-para-la-valorizacion-de-la-reserva-de-la-biosfera-laguna-san-rafael-y-el-guayaneco","status":"publish","type":"post","link":"https:\/\/radiorevelacionfm.cl\/?p=47729","title":{"rendered":"Cochrane ser\u00e1 sede del II Encuentro Cient\u00edfico y Cultural para la Valorizaci\u00f3n de la Reserva de la Biosfera Laguna San Rafael y El Guayaneco"},"content":{"rendered":"<div class=\"flex_column av_one_full  flex_column_div av-zero-column-padding first  avia-builder-el-0  el_before_av_one_full  avia-builder-el-first  \" style='border-radius:0px; '><div  class='avia-image-container  av-styling-    avia-builder-el-1  avia-builder-el-no-sibling  avia-align-center '  itemprop=\"image\" itemscope=\"itemscope\" itemtype=\"https:\/\/schema.org\/ImageObject\"  ><div class='avia-image-container-inner'><div class='avia-image-overlay-wrap'><img decoding=\"async\" class='wp-image-47730 avia-img-lazy-loading-not-47730 avia_image' src=\"https:\/\/radiorevelacionfm.cl\/wp-content\/uploads\/2024\/11\/iinvestigadores-en-parque-nacional-laguna-san-rafael-1_optimized.jpg\" alt='' title='iinvestigadores-en-parque-nacional-laguna-san-rafael-(1)_optimized' height=\"600\" width=\"1067\"  itemprop=\"thumbnailUrl\" srcset=\"https:\/\/radiorevelacionfm.cl\/wp-content\/uploads\/2024\/11\/iinvestigadores-en-parque-nacional-laguna-san-rafael-1_optimized.jpg 1067w, https:\/\/radiorevelacionfm.cl\/wp-content\/uploads\/2024\/11\/iinvestigadores-en-parque-nacional-laguna-san-rafael-1_optimized-300x169.jpg 300w, https:\/\/radiorevelacionfm.cl\/wp-content\/uploads\/2024\/11\/iinvestigadores-en-parque-nacional-laguna-san-rafael-1_optimized-1030x579.jpg 1030w, https:\/\/radiorevelacionfm.cl\/wp-content\/uploads\/2024\/11\/iinvestigadores-en-parque-nacional-laguna-san-rafael-1_optimized-768x432.jpg 768w, https:\/\/radiorevelacionfm.cl\/wp-content\/uploads\/2024\/11\/iinvestigadores-en-parque-nacional-laguna-san-rafael-1_optimized-705x396.jpg 705w, https:\/\/radiorevelacionfm.cl\/wp-content\/uploads\/2024\/11\/iinvestigadores-en-parque-nacional-laguna-san-rafael-1_optimized-450x253.jpg 450w, https:\/\/radiorevelacionfm.cl\/wp-content\/uploads\/2024\/11\/iinvestigadores-en-parque-nacional-laguna-san-rafael-1_optimized-600x337.jpg 600w\" sizes=\"(max-width: 1067px) 100vw, 1067px\" \/><\/div><\/div><\/div><\/div><div class=\"flex_column av_one_full  flex_column_div av-zero-column-padding first  avia-builder-el-2  el_after_av_one_full  el_before_av_one_full  column-top-margin\" style='border-radius:0px; '><section class=\"av_textblock_section \"  itemscope=\"itemscope\" itemtype=\"https:\/\/schema.org\/BlogPosting\" itemprop=\"blogPost\" ><div class='avia_textblock  '   itemprop=\"text\" ><p style=\"text-align: center;\"><strong><span style=\"font-size: 18pt;\">Cochrane ser\u00e1 sede del II Encuentro Cient\u00edfico y Cultural para la Valorizaci\u00f3n de la Reserva de la Biosfera Laguna San Rafael y El Guayaneco<\/span><\/strong><\/p>\n<div id=\"gtx-trans\" style=\"position: absolute; left: -50px; top: 4.31534px;\">\n<div class=\"gtx-trans-icon\"><\/div>\n<\/div>\n<\/div><\/section><\/div><div class=\"flex_column av_one_full  flex_column_div av-zero-column-padding first  avia-builder-el-4  el_after_av_one_full  el_before_av_hr  column-top-margin\" style='border-radius:0px; '><section class=\"av_textblock_section \"  itemscope=\"itemscope\" itemtype=\"https:\/\/schema.org\/BlogPosting\" itemprop=\"blogPost\" ><div class='avia_textblock  '   itemprop=\"text\" ><p style=\"text-align: justify;\"><em>Durante tres d\u00edas, expertos nacionales e internacionales, autoridades y la comunidad se reunir\u00e1n en Cochrane para dialogar sobre gobernanza ambiental, conservaci\u00f3n y el rol de la cultura local en la identidad de la reserva. El evento ofrecer\u00e1, adem\u00e1s, actividades art\u00edsticas y de divulgaci\u00f3n cient\u00edfica para destacar el valor \u00fanico de este territorio.<\/em><\/p>\n<p style=\"text-align: justify;\">Del 14 al 16 de noviembre, Cochrane se convertir\u00e1 en el epicentro de la ciencia y la cultura con la realizaci\u00f3n del II Encuentro Cient\u00edfico y Cultural para la Valorizaci\u00f3n de la Reserva de la Biosfera Laguna San Rafael y El Guayaneco (RdB LSR-G). Este evento, organizado en el marco del proyecto FIC \u00abEstudio de la Resiliencia, Sustentabilidad y Valorizaci\u00f3n de la Reserva de la Biosfera LSR-G\u00bb, cuenta con el financiamiento del Gobierno Regional de Ays\u00e9n y su Consejo. La actividad reunir\u00e1 a expertos, autoridades y actores locales para abordar los desaf\u00edos y oportunidades en la preservaci\u00f3n y desarrollo de este territorio de reconocimiento internacional.<\/p>\n<p style=\"text-align: justify;\">El encuentro ofrecer\u00e1 un espacio de reflexi\u00f3n y di\u00e1logo sobre temas clave como la gobernanza de \u00e1reas protegidas, la resiliencia clim\u00e1tica y las iniciativas locales de conservaci\u00f3n. Adem\u00e1s, se llevar\u00e1n a cabo actividades de divulgaci\u00f3n cient\u00edfica orientadas a poner en valor la reserva, incluyendo la presentaci\u00f3n de una gu\u00eda destinada a fortalecer el conocimiento p\u00fablico sobre la importancia de la Reserva de la Biosfera Laguna San Rafael y El Guayaneco.<\/p>\n<p style=\"text-align: justify;\">Como parte del evento, se presentar\u00e1n espect\u00e1culos musicales en vivo, que resaltar\u00e1n el talento de los creadores locales y subrayar\u00e1n la importancia de la cultura regional en la identidad de la reserva. Estas actividades art\u00edsticas enriquecer\u00e1n la programaci\u00f3n cultural, creando un espacio de intercambio entre la ciencia y el arte donde se podr\u00e1n apreciar las tradiciones locales que forman parte del patrimonio de la reserva.<\/p>\n<p style=\"text-align: justify;\">Fabien Bourl\u00f3n, investigador del Centro de Investigaci\u00f3n en Ecosistemas de la Patagonia (CIEP) y director del proyecto FIC, destac\u00f3 la importancia de realizar este encuentro en el territorio de la reserva, con el objetivo de generar un espacio de di\u00e1logo con los actores locales.\u00a0\u00abEl segundo encuentro cultural y cient\u00edfico que estamos organizando para la valorizaci\u00f3n de la Reserva de Biosfera tiene como objetivo generar un espacio para presentar investigaciones cient\u00edficas que est\u00e1n ocurriendo en la reserva. Pero tambi\u00e9n queremos escuchar lo que los actores locales est\u00e1n haciendo; queremos que sean tambi\u00e9n los cient\u00edficos quienes aprendan de la comunidad local, para que se nutra un di\u00e1logo y logremos enfocarnos mejor en las acciones prioritarias a implementar en acuerdo con el comit\u00e9 de gesti\u00f3n de la Reserva de Biosfera\u00bb.<\/p>\n<p style=\"text-align: justify;\">Por su parte, el alcalde de Cochrane, Jorge Calder\u00f3n, valor\u00f3 la realizaci\u00f3n de este encuentro en su localidad:\u00a0\u00abDurante el mes de noviembre, Cochrane ser\u00e1 el centro de la ciencia y la investigaci\u00f3n gracias a un programa del CIEP con recursos del gobierno regional. Esto permitir\u00e1 que investigadores y cient\u00edficos de distintas instituciones se re\u00fanan en nuestra comuna para debatir y aportar sus perspectivas sobre la gesti\u00f3n sostenible de \u00e1reas silvestres protegidas, el desarrollo de proyectos comunitarios que promuevan el ecoturismo y, por cierto, la educaci\u00f3n ambiental. Creo que, de alguna manera, esto tambi\u00e9n es un reconocimiento a la vocaci\u00f3n y el rol territorial de nuestra comuna, lo cual nos tiene muy contentos y representa una gran oportunidad para Cochrane\u00bb, indic\u00f3 el Alcalde.<\/p>\n<p style=\"text-align: justify;\">Cabe se\u00f1alar que la realizaci\u00f3n de este seminario forma parte de las actividades comprometidas en el proyecto FIC BIP 40049360-0, ejecutado gracias al financiamiento del Fondo de Innovaci\u00f3n para la Competitividad 2023.<\/p>\n<p style=\"text-align: justify;\">Las personas interesadas en participar pueden inscribirse en el enlace habilitado en el sitio web del proyecto:<a href=\"http:\/\/www.aysenreservadelabiosfera.cl\/\">\u00a0<\/a><a href=\"http:\/\/www.aysenreservadelabiosfera.cl\/\">www.aysenreservadelabiosfera.cl<\/a>, donde tambi\u00e9n podr\u00e1n consultar el programa de actividades del seminario.<\/p>\n<\/div><\/section><\/div><div  style='height:50px' class='hr hr-invisible   avia-builder-el-6  el_after_av_one_full  el_before_av_social_share '><span class='hr-inner ' ><span class='hr-inner-style'><\/span><\/span><\/div><\/p>\n<div  class='av-social-sharing-box  avia-builder-el-7  el_after_av_hr  el_before_av_hr  '><div class='av-share-box'><h5 class='av-share-link-description av-no-toc '>Compartir esta noticia<\/h5><ul class='av-share-box-list noLightbox'><li class='av-share-link av-social-link-facebook' ><a target=\"_blank\" aria-label=\"Compartir en Facebook\" href='https:\/\/www.facebook.com\/sharer.php?u=https:\/\/radiorevelacionfm.cl\/?p=47729&#038;t=Cochrane%20ser%C3%A1%20sede%20del%20II%20Encuentro%20Cient%C3%ADfico%20y%20Cultural%20para%20la%20Valorizaci%C3%B3n%20de%20la%20Reserva%20de%20la%20Biosfera%20Laguna%20San%20Rafael%20y%20El%20Guayaneco' aria-hidden='false' data-av_icon='\ue8f3' data-av_iconfont='entypo-fontello' title='' data-avia-related-tooltip='Compartir en Facebook' rel=\"noopener\"><span class='avia_hidden_link_text'>Compartir en Facebook<\/span><\/a><\/li><li class='av-share-link av-social-link-twitter' ><a target=\"_blank\" aria-label=\"Compartir en Twitter\" href='https:\/\/twitter.com\/share?text=Cochrane%20ser%C3%A1%20sede%20del%20II%20Encuentro%20Cient%C3%ADfico%20y%20Cultural%20para%20la%20Valorizaci%C3%B3n%20de%20la%20Reserva%20de%20la%20Biosfera%20Laguna%20San%20Rafael%20y%20El%20Guayaneco&#038;url=https:\/\/radiorevelacionfm.cl\/?p=47729' aria-hidden='false' data-av_icon='\ue8f1' data-av_iconfont='entypo-fontello' title='' data-avia-related-tooltip='Compartir en Twitter' rel=\"noopener\"><span class='avia_hidden_link_text'>Compartir en Twitter<\/span><\/a><\/li><li class='av-share-link av-social-link-whatsapp' ><a target=\"_blank\" aria-label=\"Compartir en Whatsapp\" href='https:\/\/api.whatsapp.com\/send?text=https:\/\/radiorevelacionfm.cl\/?p=47729' aria-hidden='false' data-av_icon='\uf232' data-av_iconfont='entypo-fontello' title='' data-avia-related-tooltip='Compartir en Whatsapp' rel=\"noopener\"><span class='avia_hidden_link_text'>Compartir en Whatsapp<\/span><\/a><\/li><li class='av-share-link av-social-link-linkedin' ><a target=\"_blank\" aria-label=\"Compartir en LinkedIn\" href='https:\/\/linkedin.com\/shareArticle?mini=true&#038;title=Cochrane%20ser%C3%A1%20sede%20del%20II%20Encuentro%20Cient%C3%ADfico%20y%20Cultural%20para%20la%20Valorizaci%C3%B3n%20de%20la%20Reserva%20de%20la%20Biosfera%20Laguna%20San%20Rafael%20y%20El%20Guayaneco&#038;url=https:\/\/radiorevelacionfm.cl\/?p=47729' aria-hidden='false' data-av_icon='\ue8fc' data-av_iconfont='entypo-fontello' title='' data-avia-related-tooltip='Compartir en LinkedIn' rel=\"noopener\"><span class='avia_hidden_link_text'>Compartir en LinkedIn<\/span><\/a><\/li><li class='av-share-link av-social-link-mail' ><a  aria-label=\"Compartir por correo\" href='mailto:?subject=Cochrane%20ser%C3%A1%20sede%20del%20II%20Encuentro%20Cient%C3%ADfico%20y%20Cultural%20para%20la%20Valorizaci%C3%B3n%20de%20la%20Reserva%20de%20la%20Biosfera%20Laguna%20San%20Rafael%20y%20El%20Guayaneco&#038;body=https:\/\/radiorevelacionfm.cl\/?p=47729' aria-hidden='false' data-av_icon='\ue805' data-av_iconfont='entypo-fontello' title='' data-avia-related-tooltip='Compartir por correo'><span class='avia_hidden_link_text'>Compartir por correo<\/span><\/a><\/li><\/ul><\/div><\/div>\n<div  style='height:50px' class='hr hr-invisible   avia-builder-el-8  el_after_av_social_share  el_before_av_comments_list '><span class='hr-inner ' ><span class='hr-inner-style'><\/span><\/span><\/div>\n<div  class='av-buildercomment  av-blog-meta-html-info-disabled av-blog-meta-tag-disabled  '><\/div>\n","protected":false},"excerpt":{"rendered":"","protected":false},"author":1,"featured_media":47730,"comment_status":"open","ping_status":"open","sticky":false,"template":"","format":"standard","meta":{"footnotes":""},"categories":[38],"tags":[],"class_list":["post-47729","post","type-post","status-publish","format-standard","has-post-thumbnail","hentry","category-regional"],"jetpack_featured_media_url":"https:\/\/radiorevelacionfm.cl\/wp-content\/uploads\/2024\/11\/iinvestigadores-en-parque-nacional-laguna-san-rafael-1_optimized.jpg","_links":{"self":[{"href":"https:\/\/radiorevelacionfm.cl\/index.php?rest_route=\/wp\/v2\/posts\/47729","targetHints":{"allow":["GET"]}}],"collection":[{"href":"https:\/\/radiorevelacionfm.cl\/index.php?rest_route=\/wp\/v2\/posts"}],"about":[{"href":"https:\/\/radiorevelacionfm.cl\/index.php?rest_route=\/wp\/v2\/types\/post"}],"author":[{"embeddable":true,"href":"https:\/\/radiorevelacionfm.cl\/index.php?rest_route=\/wp\/v2\/users\/1"}],"replies":[{"embeddable":true,"href":"https:\/\/radiorevelacionfm.cl\/index.php?rest_route=%2Fwp%2Fv2%2Fcomments&post=47729"}],"version-history":[{"count":1,"href":"https:\/\/radiorevelacionfm.cl\/index.php?rest_route=\/wp\/v2\/posts\/47729\/revisions"}],"predecessor-version":[{"id":47731,"href":"https:\/\/radiorevelacionfm.cl\/index.php?rest_route=\/wp\/v2\/posts\/47729\/revisions\/47731"}],"wp:featuredmedia":[{"embeddable":true,"href":"https:\/\/radiorevelacionfm.cl\/index.php?rest_route=\/wp\/v2\/media\/47730"}],"wp:attachment":[{"href":"https:\/\/radiorevelacionfm.cl\/index.php?rest_route=%2Fwp%2Fv2%2Fmedia&parent=47729"}],"wp:term":[{"taxonomy":"category","embeddable":true,"href":"https:\/\/radiorevelacionfm.cl\/index.php?rest_route=%2Fwp%2Fv2%2Fcategories&post=47729"},{"taxonomy":"post_tag","embeddable":true,"href":"https:\/\/radiorevelacionfm.cl\/index.php?rest_route=%2Fwp%2Fv2%2Ftags&post=47729"}],"curies":[{"name":"wp","href":"https:\/\/api.w.org\/{rel}","templated":true}]}}