{"id":47726,"date":"2024-11-05T10:43:59","date_gmt":"2024-11-05T13:43:59","guid":{"rendered":"https:\/\/radiorevelacionfm.cl\/?p=47726"},"modified":"2024-11-05T10:43:59","modified_gmt":"2024-11-05T13:43:59","slug":"festival-internacional-de-musica-en-la-patagonia-abre-inscripciones-para-su-11a-academia-de-verano-fimp-en-coyhaique","status":"publish","type":"post","link":"https:\/\/radiorevelacionfm.cl\/?p=47726","title":{"rendered":"Festival Internacional de M\u00fasica en la Patagonia abre inscripciones para su 11\u00aa academia de verano FIMP en Coyhaique"},"content":{"rendered":"<div class=\"flex_column av_one_full  flex_column_div av-zero-column-padding first  avia-builder-el-0  el_before_av_one_full  avia-builder-el-first  \" style='border-radius:0px; '><div  class='avia-image-container  av-styling-    avia-builder-el-1  avia-builder-el-no-sibling  avia-align-center '  itemprop=\"image\" itemscope=\"itemscope\" itemtype=\"https:\/\/schema.org\/ImageObject\"  ><div class='avia-image-container-inner'><div class='avia-image-overlay-wrap'><img decoding=\"async\" class='wp-image-47727 avia-img-lazy-loading-not-47727 avia_image' src=\"https:\/\/radiorevelacionfm.cl\/wp-content\/uploads\/2024\/11\/fimp-1-1_optimized-1.jpg\" alt='' title='fimp-1-(1)_optimized (1)' height=\"600\" width=\"900\"  itemprop=\"thumbnailUrl\" srcset=\"https:\/\/radiorevelacionfm.cl\/wp-content\/uploads\/2024\/11\/fimp-1-1_optimized-1.jpg 900w, https:\/\/radiorevelacionfm.cl\/wp-content\/uploads\/2024\/11\/fimp-1-1_optimized-1-300x200.jpg 300w, https:\/\/radiorevelacionfm.cl\/wp-content\/uploads\/2024\/11\/fimp-1-1_optimized-1-768x512.jpg 768w, https:\/\/radiorevelacionfm.cl\/wp-content\/uploads\/2024\/11\/fimp-1-1_optimized-1-705x470.jpg 705w, https:\/\/radiorevelacionfm.cl\/wp-content\/uploads\/2024\/11\/fimp-1-1_optimized-1-450x300.jpg 450w, https:\/\/radiorevelacionfm.cl\/wp-content\/uploads\/2024\/11\/fimp-1-1_optimized-1-600x400.jpg 600w\" sizes=\"(max-width: 900px) 100vw, 900px\" \/><\/div><\/div><\/div><\/div><div class=\"flex_column av_one_full  flex_column_div av-zero-column-padding first  avia-builder-el-2  el_after_av_one_full  el_before_av_one_full  column-top-margin\" style='border-radius:0px; '><section class=\"av_textblock_section \"  itemscope=\"itemscope\" itemtype=\"https:\/\/schema.org\/BlogPosting\" itemprop=\"blogPost\" ><div class='avia_textblock  '   itemprop=\"text\" ><p style=\"text-align: center;\"><strong><span style=\"font-size: 18pt;\">Festival Internacional de M\u00fasica en la Patagonia abre inscripciones para su 11\u00aa academia de verano FIMP en Coyhaique<\/span><\/strong><\/p>\n<div id=\"gtx-trans\" style=\"position: absolute; left: -50px; top: 4.31534px;\">\n<div class=\"gtx-trans-icon\"><\/div>\n<\/div>\n<\/div><\/section><\/div><div class=\"flex_column av_one_full  flex_column_div av-zero-column-padding first  avia-builder-el-4  el_after_av_one_full  el_before_av_hr  column-top-margin\" style='border-radius:0px; '><section class=\"av_textblock_section \"  itemscope=\"itemscope\" itemtype=\"https:\/\/schema.org\/BlogPosting\" itemprop=\"blogPost\" ><div class='avia_textblock  '   itemprop=\"text\" ><p style=\"text-align: justify;\">El Festival Internacional de M\u00fasica en la Patagonia (FIMP) invita a instrumentistas en formaci\u00f3n para ser parte de la 11\u00aa Academia de Verano FIMP, que se llevar\u00e1 a cabo del 1 al 7 de febrero de 2025 en Coyhaique. Esta academia, reconocida por su prestigio y nivel de excelencia, es una oportunidad \u00fanica para perfeccionarse junto a destacados m\u00fasicos nacionales e internacionales en el entorno natural incomparable de la Patagonia chilena.<\/p>\n<p style=\"text-align: justify;\">La Academia FIMP forma parte del proyecto FIMP 2025-2026, financiado por el Fondo de la M\u00fasica Nacional, convocatoria 2024, del Ministerio de las Culturas, las Artes y el Patrimonio. En esta instancia, los participantes podr\u00e1n profundizar sus conocimientos a trav\u00e9s de tres modalidades: clases de instrumento, clases de m\u00fasica de c\u00e1mara y la Orquesta FIMP.<\/p>\n<p style=\"text-align: justify;\">Este a\u00f1o, la Academia contar\u00e1 con un destacado equipo de artistas invitados: el violinista y director brasile\u00f1o Alessandro Borgomanero, la violonchelista espa\u00f1ola Elisa S\u00e1daba y el pianista y compositor argentino Jorge Pepi-Alos, adem\u00e1s de los artistas nacionales Tania Donoso (viol\u00edn), Carola Fredes (viola), los pianistas de Ays\u00e9n Ricardo Bahamondez e Ignacio Gonz\u00e1lez, y el guitarrista y compositor Javier Contreras. Adem\u00e1s, habr\u00e1 charlas y conversatorios presenciales, que permitir\u00e1n a los estudiantes explorar temas claves en el\u00a0\u00e1mbito\u00a0musical.<\/p>\n<p style=\"text-align: justify;\"><strong>Requisitos para postular<\/strong><\/p>\n<ul style=\"text-align: justify;\">\n<li>Repertorio docto-cl\u00e1sico.<\/li>\n<li>Grupos conformados para m\u00fasica de c\u00e1mara, con inscripci\u00f3n completa de todos sus integrantes.<\/li>\n<li>Video demostrando dominio del instrumento (o, en el caso de m\u00fasica de c\u00e1mara, del grupo completo).<\/li>\n<li>Contar con propio instrumento, atril y ropa de concierto.<\/li>\n<\/ul>\n<p style=\"text-align: justify;\"><strong>Plazos de inscripci\u00f3n<\/strong><br \/>\nLa convocatoria estar\u00e1 abierta hasta el 23 de noviembre de 2024. Los resultados de la selecci\u00f3n se comunicar\u00e1n el 30 de noviembre. Para m\u00e1s informaci\u00f3n y postulaciones, visita:\u00a0<a href=\"http:\/\/fimp.cl\/\">fimp.cl<\/a><\/p>\n<\/div><\/section><\/div><div  style='height:50px' class='hr hr-invisible   avia-builder-el-6  el_after_av_one_full  el_before_av_social_share '><span class='hr-inner ' ><span class='hr-inner-style'><\/span><\/span><\/div><\/p>\n<div  class='av-social-sharing-box  avia-builder-el-7  el_after_av_hr  el_before_av_hr  '><div class='av-share-box'><h5 class='av-share-link-description av-no-toc '>Compartir esta noticia<\/h5><ul class='av-share-box-list noLightbox'><li class='av-share-link av-social-link-facebook' ><a target=\"_blank\" aria-label=\"Compartir en Facebook\" href='https:\/\/www.facebook.com\/sharer.php?u=https:\/\/radiorevelacionfm.cl\/?p=47726&#038;t=Festival%20Internacional%20de%20M%C3%BAsica%20en%20la%20Patagonia%20abre%20inscripciones%20para%20su%2011%C2%AA%20academia%20de%20verano%20FIMP%20en%20Coyhaique' aria-hidden='false' data-av_icon='\ue8f3' data-av_iconfont='entypo-fontello' title='' data-avia-related-tooltip='Compartir en Facebook' rel=\"noopener\"><span class='avia_hidden_link_text'>Compartir en Facebook<\/span><\/a><\/li><li class='av-share-link av-social-link-twitter' ><a target=\"_blank\" aria-label=\"Compartir en Twitter\" href='https:\/\/twitter.com\/share?text=Festival%20Internacional%20de%20M%C3%BAsica%20en%20la%20Patagonia%20abre%20inscripciones%20para%20su%2011%C2%AA%20academia%20de%20verano%20FIMP%20en%20Coyhaique&#038;url=https:\/\/radiorevelacionfm.cl\/?p=47726' aria-hidden='false' data-av_icon='\ue8f1' data-av_iconfont='entypo-fontello' title='' data-avia-related-tooltip='Compartir en Twitter' rel=\"noopener\"><span class='avia_hidden_link_text'>Compartir en Twitter<\/span><\/a><\/li><li class='av-share-link av-social-link-whatsapp' ><a target=\"_blank\" aria-label=\"Compartir en Whatsapp\" href='https:\/\/api.whatsapp.com\/send?text=https:\/\/radiorevelacionfm.cl\/?p=47726' aria-hidden='false' data-av_icon='\uf232' data-av_iconfont='entypo-fontello' title='' data-avia-related-tooltip='Compartir en Whatsapp' rel=\"noopener\"><span class='avia_hidden_link_text'>Compartir en Whatsapp<\/span><\/a><\/li><li class='av-share-link av-social-link-linkedin' ><a target=\"_blank\" aria-label=\"Compartir en LinkedIn\" href='https:\/\/linkedin.com\/shareArticle?mini=true&#038;title=Festival%20Internacional%20de%20M%C3%BAsica%20en%20la%20Patagonia%20abre%20inscripciones%20para%20su%2011%C2%AA%20academia%20de%20verano%20FIMP%20en%20Coyhaique&#038;url=https:\/\/radiorevelacionfm.cl\/?p=47726' aria-hidden='false' data-av_icon='\ue8fc' data-av_iconfont='entypo-fontello' title='' data-avia-related-tooltip='Compartir en LinkedIn' rel=\"noopener\"><span class='avia_hidden_link_text'>Compartir en LinkedIn<\/span><\/a><\/li><li class='av-share-link av-social-link-mail' ><a  aria-label=\"Compartir por correo\" href='mailto:?subject=Festival%20Internacional%20de%20M%C3%BAsica%20en%20la%20Patagonia%20abre%20inscripciones%20para%20su%2011%C2%AA%20academia%20de%20verano%20FIMP%20en%20Coyhaique&#038;body=https:\/\/radiorevelacionfm.cl\/?p=47726' aria-hidden='false' data-av_icon='\ue805' data-av_iconfont='entypo-fontello' title='' data-avia-related-tooltip='Compartir por correo'><span class='avia_hidden_link_text'>Compartir por correo<\/span><\/a><\/li><\/ul><\/div><\/div>\n<div  style='height:50px' class='hr hr-invisible   avia-builder-el-8  el_after_av_social_share  el_before_av_comments_list '><span class='hr-inner ' ><span class='hr-inner-style'><\/span><\/span><\/div>\n<div  class='av-buildercomment  av-blog-meta-html-info-disabled av-blog-meta-tag-disabled  '><\/div>\n","protected":false},"excerpt":{"rendered":"","protected":false},"author":1,"featured_media":47727,"comment_status":"open","ping_status":"open","sticky":false,"template":"","format":"standard","meta":{"footnotes":""},"categories":[43],"tags":[],"class_list":["post-47726","post","type-post","status-publish","format-standard","has-post-thumbnail","hentry","category-musica"],"jetpack_featured_media_url":"https:\/\/radiorevelacionfm.cl\/wp-content\/uploads\/2024\/11\/fimp-1-1_optimized-1.jpg","_links":{"self":[{"href":"https:\/\/radiorevelacionfm.cl\/index.php?rest_route=\/wp\/v2\/posts\/47726","targetHints":{"allow":["GET"]}}],"collection":[{"href":"https:\/\/radiorevelacionfm.cl\/index.php?rest_route=\/wp\/v2\/posts"}],"about":[{"href":"https:\/\/radiorevelacionfm.cl\/index.php?rest_route=\/wp\/v2\/types\/post"}],"author":[{"embeddable":true,"href":"https:\/\/radiorevelacionfm.cl\/index.php?rest_route=\/wp\/v2\/users\/1"}],"replies":[{"embeddable":true,"href":"https:\/\/radiorevelacionfm.cl\/index.php?rest_route=%2Fwp%2Fv2%2Fcomments&post=47726"}],"version-history":[{"count":1,"href":"https:\/\/radiorevelacionfm.cl\/index.php?rest_route=\/wp\/v2\/posts\/47726\/revisions"}],"predecessor-version":[{"id":47728,"href":"https:\/\/radiorevelacionfm.cl\/index.php?rest_route=\/wp\/v2\/posts\/47726\/revisions\/47728"}],"wp:featuredmedia":[{"embeddable":true,"href":"https:\/\/radiorevelacionfm.cl\/index.php?rest_route=\/wp\/v2\/media\/47727"}],"wp:attachment":[{"href":"https:\/\/radiorevelacionfm.cl\/index.php?rest_route=%2Fwp%2Fv2%2Fmedia&parent=47726"}],"wp:term":[{"taxonomy":"category","embeddable":true,"href":"https:\/\/radiorevelacionfm.cl\/index.php?rest_route=%2Fwp%2Fv2%2Fcategories&post=47726"},{"taxonomy":"post_tag","embeddable":true,"href":"https:\/\/radiorevelacionfm.cl\/index.php?rest_route=%2Fwp%2Fv2%2Ftags&post=47726"}],"curies":[{"name":"wp","href":"https:\/\/api.w.org\/{rel}","templated":true}]}}