{"id":47723,"date":"2024-11-05T20:35:55","date_gmt":"2024-11-05T23:35:55","guid":{"rendered":"https:\/\/radiorevelacionfm.cl\/?p=47723"},"modified":"2024-11-05T20:35:55","modified_gmt":"2024-11-05T23:35:55","slug":"personas-mayores-reciben-certificacion-para-prevenir-la-violencia-y-maltrato-en-puerto-aysen","status":"publish","type":"post","link":"https:\/\/radiorevelacionfm.cl\/?p=47723","title":{"rendered":"Personas mayores reciben certificaci\u00f3n para prevenir la violencia y maltrato en Puerto Ays\u00e9n"},"content":{"rendered":"<div class=\"flex_column av_one_full  flex_column_div av-zero-column-padding first  avia-builder-el-0  el_before_av_one_full  avia-builder-el-first  \" style='border-radius:0px; '><div  class='avia-image-container  av-styling-    avia-builder-el-1  avia-builder-el-no-sibling  avia-align-center '  itemprop=\"image\" itemscope=\"itemscope\" itemtype=\"https:\/\/schema.org\/ImageObject\"  ><div class='avia-image-container-inner'><div class='avia-image-overlay-wrap'><img decoding=\"async\" class='wp-image-47724 avia-img-lazy-loading-not-47724 avia_image' src=\"https:\/\/radiorevelacionfm.cl\/wp-content\/uploads\/2024\/11\/certificacion-1-1_optimized.jpg\" alt='' title='certificacion-1-(1)_optimized' height=\"600\" width=\"1318\"  itemprop=\"thumbnailUrl\" srcset=\"https:\/\/radiorevelacionfm.cl\/wp-content\/uploads\/2024\/11\/certificacion-1-1_optimized.jpg 1318w, https:\/\/radiorevelacionfm.cl\/wp-content\/uploads\/2024\/11\/certificacion-1-1_optimized-300x137.jpg 300w, https:\/\/radiorevelacionfm.cl\/wp-content\/uploads\/2024\/11\/certificacion-1-1_optimized-1030x469.jpg 1030w, https:\/\/radiorevelacionfm.cl\/wp-content\/uploads\/2024\/11\/certificacion-1-1_optimized-768x350.jpg 768w, https:\/\/radiorevelacionfm.cl\/wp-content\/uploads\/2024\/11\/certificacion-1-1_optimized-705x321.jpg 705w, https:\/\/radiorevelacionfm.cl\/wp-content\/uploads\/2024\/11\/certificacion-1-1_optimized-450x205.jpg 450w, https:\/\/radiorevelacionfm.cl\/wp-content\/uploads\/2024\/11\/certificacion-1-1_optimized-600x273.jpg 600w\" sizes=\"(max-width: 1318px) 100vw, 1318px\" \/><\/div><\/div><\/div><\/div><div class=\"flex_column av_one_full  flex_column_div av-zero-column-padding first  avia-builder-el-2  el_after_av_one_full  el_before_av_one_full  column-top-margin\" style='border-radius:0px; '><section class=\"av_textblock_section \"  itemscope=\"itemscope\" itemtype=\"https:\/\/schema.org\/BlogPosting\" itemprop=\"blogPost\" ><div class='avia_textblock  '   itemprop=\"text\" ><p style=\"text-align: center;\"><span style=\"font-size: 18pt;\"><strong>Personas mayores reciben certificaci\u00f3n para prevenir la violencia y maltrato en Puerto Ays\u00e9n<\/strong><\/span><\/p>\n<div id=\"gtx-trans\" style=\"position: absolute; left: -50px; top: 4.31534px;\">\n<div class=\"gtx-trans-icon\"><\/div>\n<\/div>\n<\/div><\/section><\/div><div class=\"flex_column av_one_full  flex_column_div av-zero-column-padding first  avia-builder-el-4  el_after_av_one_full  el_before_av_hr  column-top-margin\" style='border-radius:0px; '><section class=\"av_textblock_section \"  itemscope=\"itemscope\" itemtype=\"https:\/\/schema.org\/BlogPosting\" itemprop=\"blogPost\" ><div class='avia_textblock  '   itemprop=\"text\" ><p style=\"text-align: justify;\"><em>La segunda versi\u00f3n del proceso de formaci\u00f3n de dirigentes fue dirigida por profesionales de la Corporaci\u00f3n de Asistencia Judicial y el Servicio Nacional del Adulto Mayor en el Regi\u00f3n del Ays\u00e9n, bajo el alero de <\/em><em>Mesa Regional de V\u00edctimas (RAV). <\/em><\/p>\n<p style=\"text-align: justify;\">Tras cumplir un ciclo de formaci\u00f3n, dirigentes de distintos clubes de adulto mayor recibieron sus certificaciones que los acreditan como \u201cMonitores en prevenci\u00f3n de violencia y promoci\u00f3n de derechos de personas mayores\u201d, en una emotiva ceremonia que fue encabezada por autoridades locales y regionales en Puerto Ays\u00e9n.<\/p>\n<p style=\"text-align: justify;\">Esta segunda versi\u00f3n de la iniciativa fue encabezada por las profesiones de la Oficina de Defensa de Personas Mayores (ODAM), el Centro de Atenci\u00f3n Integral a V\u00edctimas de Delitos Violentos (CAVI) de la Corporaci\u00f3n de Asistencia Judicial en el Regi\u00f3n del Ays\u00e9n y el Servicio Nacional del Adulto Mayor (SENAMA), bajo el alero de Mesa Regional de V\u00edctimas (RAV), que lidera la Subsecretar\u00eda de Prevenci\u00f3n del Delito.<\/p>\n<p style=\"text-align: justify;\">Rosa Ch\u00e1vez, dirigente de la Agrupaci\u00f3n Barrial para el Buen Vivir y el Envejecimiento, destac\u00f3 la posibilidad de adquirir nuevos conocimientos y aplicarlos en su comunidad indicando que \u201cesto ha sido muy valioso, porque aprendimos hartas cosas que nos ayudan a proteger o de alguna manera ayudar a los adultos mayores que est\u00e9n viviendo alg\u00fan tipo de violencia o de maltrato, por ello esperamos replicar esto entre nuestros vecinos\u201d, agreg\u00f3.<\/p>\n<p style=\"text-align: justify;\">El seremi de Justicia y Derechos Humanos Samuel Navarro Castro, particip\u00f3 de la ceremonia destacando que \u201cmediante un trabajo intersectorial tanto de la Corporaci\u00f3n de Asistencia Judicial, Seremi de Salud, Carabineros de Chile, la Superintendencia de Educaci\u00f3n, Senama y otros actores permitieron entregar conocimientos, herramientas y habilidades a dirigentes de adultos mayores para la prevenci\u00f3n de la violencia y la promoci\u00f3n de los derechos de sus asociados, esta actividad que se enmarca en lo planificado por la Red de Asistencia a V\u00edctimas (RAV) que involucra a distintas instituciones nos permite ir avanzando en desarrollar competencias que a su vez estos monitores, dirigentes de personas mayores van a transmitir a sus asociados y asociadas\u201d.<\/p>\n<p style=\"text-align: justify;\">En el mismo sentido, la directora regional de la Corporaci\u00f3n de Asistencia Judicial del Biob\u00edo en la regi\u00f3n Mar\u00eda Francisca Vilches G\u00e1lvez, valor\u00f3 el trabajo desarrollado por los equipos de la CAJ. \u201cEstamos contentos de haber podido realizar esta actividad en Puerto Ays\u00e9n, pues consideramos que la prevenci\u00f3n del maltrato y el abuso debe ser erradicado totalmente y con estos talleres lo que fortalecemos es eso\u201d, agreg\u00f3.<\/p>\n<p style=\"text-align: justify;\">Finalmente mencionar que en total se certific\u00f3 la participaci\u00f3n de 12 personas, quienes asistieron a las instancias de formaci\u00f3n y cuyo proceso cerr\u00f3 con una ceremonia que fue acompa\u00f1ada por la banda instrumental de Carabineros de Puerto Ays\u00e9n.<\/p>\n<\/div><\/section><\/div><div  style='height:50px' class='hr hr-invisible   avia-builder-el-6  el_after_av_one_full  el_before_av_social_share '><span class='hr-inner ' ><span class='hr-inner-style'><\/span><\/span><\/div><\/p>\n<div  class='av-social-sharing-box  avia-builder-el-7  el_after_av_hr  el_before_av_hr  '><div class='av-share-box'><h5 class='av-share-link-description av-no-toc '>Compartir esta noticia<\/h5><ul class='av-share-box-list noLightbox'><li class='av-share-link av-social-link-facebook' ><a target=\"_blank\" aria-label=\"Compartir en Facebook\" href='https:\/\/www.facebook.com\/sharer.php?u=https:\/\/radiorevelacionfm.cl\/?p=47723&#038;t=Personas%20mayores%20reciben%20certificaci%C3%B3n%20para%20prevenir%20la%20violencia%20y%20maltrato%20en%20Puerto%20Ays%C3%A9n' aria-hidden='false' data-av_icon='\ue8f3' data-av_iconfont='entypo-fontello' title='' data-avia-related-tooltip='Compartir en Facebook' rel=\"noopener\"><span class='avia_hidden_link_text'>Compartir en Facebook<\/span><\/a><\/li><li class='av-share-link av-social-link-twitter' ><a target=\"_blank\" aria-label=\"Compartir en Twitter\" href='https:\/\/twitter.com\/share?text=Personas%20mayores%20reciben%20certificaci%C3%B3n%20para%20prevenir%20la%20violencia%20y%20maltrato%20en%20Puerto%20Ays%C3%A9n&#038;url=https:\/\/radiorevelacionfm.cl\/?p=47723' aria-hidden='false' data-av_icon='\ue8f1' data-av_iconfont='entypo-fontello' title='' data-avia-related-tooltip='Compartir en Twitter' rel=\"noopener\"><span class='avia_hidden_link_text'>Compartir en Twitter<\/span><\/a><\/li><li class='av-share-link av-social-link-whatsapp' ><a target=\"_blank\" aria-label=\"Compartir en Whatsapp\" href='https:\/\/api.whatsapp.com\/send?text=https:\/\/radiorevelacionfm.cl\/?p=47723' aria-hidden='false' data-av_icon='\uf232' data-av_iconfont='entypo-fontello' title='' data-avia-related-tooltip='Compartir en Whatsapp' rel=\"noopener\"><span class='avia_hidden_link_text'>Compartir en Whatsapp<\/span><\/a><\/li><li class='av-share-link av-social-link-linkedin' ><a target=\"_blank\" aria-label=\"Compartir en LinkedIn\" href='https:\/\/linkedin.com\/shareArticle?mini=true&#038;title=Personas%20mayores%20reciben%20certificaci%C3%B3n%20para%20prevenir%20la%20violencia%20y%20maltrato%20en%20Puerto%20Ays%C3%A9n&#038;url=https:\/\/radiorevelacionfm.cl\/?p=47723' aria-hidden='false' data-av_icon='\ue8fc' data-av_iconfont='entypo-fontello' title='' data-avia-related-tooltip='Compartir en LinkedIn' rel=\"noopener\"><span class='avia_hidden_link_text'>Compartir en LinkedIn<\/span><\/a><\/li><li class='av-share-link av-social-link-mail' ><a  aria-label=\"Compartir por correo\" href='mailto:?subject=Personas%20mayores%20reciben%20certificaci%C3%B3n%20para%20prevenir%20la%20violencia%20y%20maltrato%20en%20Puerto%20Ays%C3%A9n&#038;body=https:\/\/radiorevelacionfm.cl\/?p=47723' aria-hidden='false' data-av_icon='\ue805' data-av_iconfont='entypo-fontello' title='' data-avia-related-tooltip='Compartir por correo'><span class='avia_hidden_link_text'>Compartir por correo<\/span><\/a><\/li><\/ul><\/div><\/div>\n<div  style='height:50px' class='hr hr-invisible   avia-builder-el-8  el_after_av_social_share  el_before_av_comments_list '><span class='hr-inner ' ><span class='hr-inner-style'><\/span><\/span><\/div>\n<div  class='av-buildercomment  av-blog-meta-html-info-disabled av-blog-meta-tag-disabled  '><\/div>\n","protected":false},"excerpt":{"rendered":"","protected":false},"author":1,"featured_media":47724,"comment_status":"open","ping_status":"open","sticky":false,"template":"","format":"standard","meta":{"footnotes":""},"categories":[38],"tags":[],"class_list":["post-47723","post","type-post","status-publish","format-standard","has-post-thumbnail","hentry","category-regional"],"jetpack_featured_media_url":"https:\/\/radiorevelacionfm.cl\/wp-content\/uploads\/2024\/11\/certificacion-1-1_optimized.jpg","_links":{"self":[{"href":"https:\/\/radiorevelacionfm.cl\/index.php?rest_route=\/wp\/v2\/posts\/47723","targetHints":{"allow":["GET"]}}],"collection":[{"href":"https:\/\/radiorevelacionfm.cl\/index.php?rest_route=\/wp\/v2\/posts"}],"about":[{"href":"https:\/\/radiorevelacionfm.cl\/index.php?rest_route=\/wp\/v2\/types\/post"}],"author":[{"embeddable":true,"href":"https:\/\/radiorevelacionfm.cl\/index.php?rest_route=\/wp\/v2\/users\/1"}],"replies":[{"embeddable":true,"href":"https:\/\/radiorevelacionfm.cl\/index.php?rest_route=%2Fwp%2Fv2%2Fcomments&post=47723"}],"version-history":[{"count":2,"href":"https:\/\/radiorevelacionfm.cl\/index.php?rest_route=\/wp\/v2\/posts\/47723\/revisions"}],"predecessor-version":[{"id":47738,"href":"https:\/\/radiorevelacionfm.cl\/index.php?rest_route=\/wp\/v2\/posts\/47723\/revisions\/47738"}],"wp:featuredmedia":[{"embeddable":true,"href":"https:\/\/radiorevelacionfm.cl\/index.php?rest_route=\/wp\/v2\/media\/47724"}],"wp:attachment":[{"href":"https:\/\/radiorevelacionfm.cl\/index.php?rest_route=%2Fwp%2Fv2%2Fmedia&parent=47723"}],"wp:term":[{"taxonomy":"category","embeddable":true,"href":"https:\/\/radiorevelacionfm.cl\/index.php?rest_route=%2Fwp%2Fv2%2Fcategories&post=47723"},{"taxonomy":"post_tag","embeddable":true,"href":"https:\/\/radiorevelacionfm.cl\/index.php?rest_route=%2Fwp%2Fv2%2Ftags&post=47723"}],"curies":[{"name":"wp","href":"https:\/\/api.w.org\/{rel}","templated":true}]}}