{"id":47666,"date":"2024-11-04T11:32:31","date_gmt":"2024-11-04T14:32:31","guid":{"rendered":"https:\/\/radiorevelacionfm.cl\/?p=47666"},"modified":"2024-11-04T11:32:31","modified_gmt":"2024-11-04T14:32:31","slug":"invitan-a-participar-en-curso-virtual-derechos-de-las-personas-mayores","status":"publish","type":"post","link":"https:\/\/radiorevelacionfm.cl\/?p=47666","title":{"rendered":"Invitan a participar en curso virtual \u201cDerechos de las Personas Mayores\u201d"},"content":{"rendered":"<div class=\"flex_column av_one_full  flex_column_div av-zero-column-padding first  avia-builder-el-0  el_before_av_one_full  avia-builder-el-first  \" style='border-radius:0px; '><div  class='avia-image-container  av-styling-    avia-builder-el-1  avia-builder-el-no-sibling  avia-align-center '  itemprop=\"image\" itemscope=\"itemscope\" itemtype=\"https:\/\/schema.org\/ImageObject\"  ><div class='avia-image-container-inner'><div class='avia-image-overlay-wrap'><img decoding=\"async\" class='wp-image-47668 avia-img-lazy-loading-not-47668 avia_image' src=\"https:\/\/radiorevelacionfm.cl\/wp-content\/uploads\/2024\/11\/curso-dd_optimized_optimized.hh-1-1-1.jpg\" alt='' title='curso-dd_optimized_optimized.hh-(1)-(1) (1)' height=\"900\" width=\"800\"  itemprop=\"thumbnailUrl\" srcset=\"https:\/\/radiorevelacionfm.cl\/wp-content\/uploads\/2024\/11\/curso-dd_optimized_optimized.hh-1-1-1.jpg 800w, https:\/\/radiorevelacionfm.cl\/wp-content\/uploads\/2024\/11\/curso-dd_optimized_optimized.hh-1-1-1-267x300.jpg 267w, https:\/\/radiorevelacionfm.cl\/wp-content\/uploads\/2024\/11\/curso-dd_optimized_optimized.hh-1-1-1-768x864.jpg 768w, https:\/\/radiorevelacionfm.cl\/wp-content\/uploads\/2024\/11\/curso-dd_optimized_optimized.hh-1-1-1-627x705.jpg 627w, https:\/\/radiorevelacionfm.cl\/wp-content\/uploads\/2024\/11\/curso-dd_optimized_optimized.hh-1-1-1-450x506.jpg 450w, https:\/\/radiorevelacionfm.cl\/wp-content\/uploads\/2024\/11\/curso-dd_optimized_optimized.hh-1-1-1-600x675.jpg 600w\" sizes=\"(max-width: 800px) 100vw, 800px\" \/><\/div><\/div><\/div><\/div><div class=\"flex_column av_one_full  flex_column_div av-zero-column-padding first  avia-builder-el-2  el_after_av_one_full  el_before_av_one_full  column-top-margin\" style='border-radius:0px; '><section class=\"av_textblock_section \"  itemscope=\"itemscope\" itemtype=\"https:\/\/schema.org\/BlogPosting\" itemprop=\"blogPost\" ><div class='avia_textblock  '   itemprop=\"text\" ><p style=\"text-align: center;\"><span style=\"font-size: 18pt;\"><strong>Invitan a participar en curso virtual \u201cDerechos de las Personas Mayores\u201d<\/strong><\/span><\/p>\n<div id=\"gtx-trans\" style=\"position: absolute; left: -50px; top: 4.31534px;\">\n<div class=\"gtx-trans-icon\"><\/div>\n<\/div>\n<\/div><\/section><\/div><div class=\"flex_column av_one_full  flex_column_div av-zero-column-padding first  avia-builder-el-4  el_after_av_one_full  el_before_av_hr  column-top-margin\" style='border-radius:0px; '><section class=\"av_textblock_section \"  itemscope=\"itemscope\" itemtype=\"https:\/\/schema.org\/BlogPosting\" itemprop=\"blogPost\" ><div class='avia_textblock  '   itemprop=\"text\" ><p style=\"text-align: justify;\"><em>Este curso virtual busca promover la inclusi\u00f3n, el respeto y la defensa de los derechos de las Personas Mayores.<\/em><\/p>\n<p style=\"text-align: justify;\">Con el objetivo de promover la inclusi\u00f3n, el respeto y la defensa de los derechos de las personas mayores, los seremis de Justicia y Derechos Humanos Samuel Navarro y de Desarrollo Social y Familia Karina Acevedo invitan a la ciudadan\u00eda a participar del curso virtual \u00abDerechos Humanos de las Personas Mayores\u00bb, instancia lanzada recientemente por las autoridades de las carteras a nivel nacional y que viene a reconocer el aporte de los derechos de quienes representan un pilar fundamental de nuestra memoria e identidad colectiva.<\/p>\n<p style=\"text-align: justify;\">En este sentido, el seremi de Justicia y Derechos Humanos Samuel Navarro Castro explic\u00f3 que \u201cefectivamente en el mes de las personas mayores estamos muy contentos de poder ofrecer al p\u00fablico y a los funcionarios p\u00fablicos tambi\u00e9n, este curso aborda los derechos humanos de las personas mayores, en este sentido en que ya no son objeto de derechos sino que sujetos de derechos, para saber cu\u00e1l es su protecci\u00f3n desde el punto de vista legal, cuales son aquellos aspectos que reflejan el bienestar que debieran tener y el respeto que debieran tener las personas mayores, en ese sentido el llamado es a todos y todas a participar de este curso, que es de manera virtual, asincr\u00f3nico y las modalidades de invitaci\u00f3n est\u00e1n convocadas desde la seremi de Justicia y Derechos Humanos, en este punto reforzar que hay un compromiso del gobierno y del Presidente de la Rep\u00fablica Gabriel Boric en reforzar los derechos humanos en general, y en particular de las personas mayores que nos ofrecen su conocimiento, y dable tambi\u00e9n es que les podamos entregar una protecci\u00f3n adecuada en este sentido\u201d.<\/p>\n<p style=\"text-align: justify;\">Ahora, reconociendo la iniciativa de forma positiva, la Seremi de Desarrollo Social y Familia, Karina Acevedo Auad agreg\u00f3 \u201cvaloramos el lanzamiento de este curso que sin duda fortalece la tan necesaria mirada en cuanto a enfoque de derechos y respeto hacia las personas mayores, que como ministerio hemos trabajado arduamente.<br \/>\nEs muy relevante que se les reconozca como sujetos y no objetos de derecho, que dejemos de verlos de forma asistencialista sino m\u00e1s bien que les garanticemos su derecho a decidir, a participar, a estar activos porque ese es el compromiso que nos ha mandatado el presidente Boric. Esperamos que nos vaya muy bien en el congreso con el proyecto de Ley Integral de las personas mayores que son prioridad para el gobierno y se suman al Sistema Nacional de Apoyos y Cuidados\u201d.<\/p>\n<p style=\"text-align: justify;\">Cabe mencionar que el curso virtual se encuentra disponible en dos versiones: una de 20 horas orientada a funcionarios p\u00fablicas\/os, y otra de 15 horas destinada a toda la ciudadan\u00eda. Ambas versiones abordan de manera integral el fen\u00f3meno del envejecimiento, el marco de derechos humanos aplicable y las pol\u00edticas p\u00fablicas orientadas a la protecci\u00f3n de los derechos de las personas mayores en Chile.<\/p>\n<p style=\"text-align: justify;\">Ahora, este curso se divide en m\u00f3dulos que incluyen temas sobre la situaci\u00f3n del envejecimiento a nivel global y nacional, la normativa internacional y los avances institucionales en Chile. Adem\u00e1s, se incorporan enfoques de atenci\u00f3n inclusiva y de respeto hacia las personas mayores, promoviendo as\u00ed una cultura de envejecimiento digno y participativo.<\/p>\n<p style=\"text-align: justify;\">Finalmente, respecto a la inscripci\u00f3n esta es abierta y puede realizarse mediante clave \u00fanica a trav\u00e9s de la plataforma de Educaci\u00f3n en Derechos Humanos <strong><a href=\"https:\/\/formacionddhh.minjusticia.gob.cl\/\">https:\/\/formacionddhh.minjusticia.gob.cl\/<\/a>. <\/strong>Mientras que para los funcionarios\/as p\u00fablicos\/as la inscripci\u00f3n es mediada y requiere de una coordinaci\u00f3n entre instituciones p\u00fablicas y el Departamento de Formaci\u00f3n de la Subsecretar\u00eda, mediante listas consolidadas de participaci\u00f3n.<\/p>\n<\/div><\/section><\/div><div  style='height:50px' class='hr hr-invisible   avia-builder-el-6  el_after_av_one_full  el_before_av_social_share '><span class='hr-inner ' ><span class='hr-inner-style'><\/span><\/span><\/div><\/p>\n<div  class='av-social-sharing-box  avia-builder-el-7  el_after_av_hr  el_before_av_hr  '><div class='av-share-box'><h5 class='av-share-link-description av-no-toc '>Compartir esta noticia<\/h5><ul class='av-share-box-list noLightbox'><li class='av-share-link av-social-link-facebook' ><a target=\"_blank\" aria-label=\"Compartir en Facebook\" href='https:\/\/www.facebook.com\/sharer.php?u=https:\/\/radiorevelacionfm.cl\/?p=47666&#038;t=Invitan%20a%20participar%20en%20curso%20virtual%20%E2%80%9CDerechos%20de%20las%20Personas%20Mayores%E2%80%9D' aria-hidden='false' data-av_icon='\ue8f3' data-av_iconfont='entypo-fontello' title='' data-avia-related-tooltip='Compartir en Facebook' rel=\"noopener\"><span class='avia_hidden_link_text'>Compartir en Facebook<\/span><\/a><\/li><li class='av-share-link av-social-link-twitter' ><a target=\"_blank\" aria-label=\"Compartir en Twitter\" href='https:\/\/twitter.com\/share?text=Invitan%20a%20participar%20en%20curso%20virtual%20%E2%80%9CDerechos%20de%20las%20Personas%20Mayores%E2%80%9D&#038;url=https:\/\/radiorevelacionfm.cl\/?p=47666' aria-hidden='false' data-av_icon='\ue8f1' data-av_iconfont='entypo-fontello' title='' data-avia-related-tooltip='Compartir en Twitter' rel=\"noopener\"><span class='avia_hidden_link_text'>Compartir en Twitter<\/span><\/a><\/li><li class='av-share-link av-social-link-whatsapp' ><a target=\"_blank\" aria-label=\"Compartir en Whatsapp\" href='https:\/\/api.whatsapp.com\/send?text=https:\/\/radiorevelacionfm.cl\/?p=47666' aria-hidden='false' data-av_icon='\uf232' data-av_iconfont='entypo-fontello' title='' data-avia-related-tooltip='Compartir en Whatsapp' rel=\"noopener\"><span class='avia_hidden_link_text'>Compartir en Whatsapp<\/span><\/a><\/li><li class='av-share-link av-social-link-linkedin' ><a target=\"_blank\" aria-label=\"Compartir en LinkedIn\" href='https:\/\/linkedin.com\/shareArticle?mini=true&#038;title=Invitan%20a%20participar%20en%20curso%20virtual%20%E2%80%9CDerechos%20de%20las%20Personas%20Mayores%E2%80%9D&#038;url=https:\/\/radiorevelacionfm.cl\/?p=47666' aria-hidden='false' data-av_icon='\ue8fc' data-av_iconfont='entypo-fontello' title='' data-avia-related-tooltip='Compartir en LinkedIn' rel=\"noopener\"><span class='avia_hidden_link_text'>Compartir en LinkedIn<\/span><\/a><\/li><li class='av-share-link av-social-link-mail' ><a  aria-label=\"Compartir por correo\" href='mailto:?subject=Invitan%20a%20participar%20en%20curso%20virtual%20%E2%80%9CDerechos%20de%20las%20Personas%20Mayores%E2%80%9D&#038;body=https:\/\/radiorevelacionfm.cl\/?p=47666' aria-hidden='false' data-av_icon='\ue805' data-av_iconfont='entypo-fontello' title='' data-avia-related-tooltip='Compartir por correo'><span class='avia_hidden_link_text'>Compartir por correo<\/span><\/a><\/li><\/ul><\/div><\/div>\n<div  style='height:50px' class='hr hr-invisible   avia-builder-el-8  el_after_av_social_share  el_before_av_comments_list '><span class='hr-inner ' ><span class='hr-inner-style'><\/span><\/span><\/div>\n<div  class='av-buildercomment  av-blog-meta-html-info-disabled av-blog-meta-tag-disabled  '><\/div>\n","protected":false},"excerpt":{"rendered":"","protected":false},"author":1,"featured_media":47668,"comment_status":"open","ping_status":"open","sticky":false,"template":"","format":"standard","meta":{"footnotes":""},"categories":[55],"tags":[],"class_list":["post-47666","post","type-post","status-publish","format-standard","has-post-thumbnail","hentry","category-justicia"],"jetpack_featured_media_url":"https:\/\/radiorevelacionfm.cl\/wp-content\/uploads\/2024\/11\/curso-dd_optimized_optimized.hh-1-1-1.jpg","_links":{"self":[{"href":"https:\/\/radiorevelacionfm.cl\/index.php?rest_route=\/wp\/v2\/posts\/47666","targetHints":{"allow":["GET"]}}],"collection":[{"href":"https:\/\/radiorevelacionfm.cl\/index.php?rest_route=\/wp\/v2\/posts"}],"about":[{"href":"https:\/\/radiorevelacionfm.cl\/index.php?rest_route=\/wp\/v2\/types\/post"}],"author":[{"embeddable":true,"href":"https:\/\/radiorevelacionfm.cl\/index.php?rest_route=\/wp\/v2\/users\/1"}],"replies":[{"embeddable":true,"href":"https:\/\/radiorevelacionfm.cl\/index.php?rest_route=%2Fwp%2Fv2%2Fcomments&post=47666"}],"version-history":[{"count":1,"href":"https:\/\/radiorevelacionfm.cl\/index.php?rest_route=\/wp\/v2\/posts\/47666\/revisions"}],"predecessor-version":[{"id":47669,"href":"https:\/\/radiorevelacionfm.cl\/index.php?rest_route=\/wp\/v2\/posts\/47666\/revisions\/47669"}],"wp:featuredmedia":[{"embeddable":true,"href":"https:\/\/radiorevelacionfm.cl\/index.php?rest_route=\/wp\/v2\/media\/47668"}],"wp:attachment":[{"href":"https:\/\/radiorevelacionfm.cl\/index.php?rest_route=%2Fwp%2Fv2%2Fmedia&parent=47666"}],"wp:term":[{"taxonomy":"category","embeddable":true,"href":"https:\/\/radiorevelacionfm.cl\/index.php?rest_route=%2Fwp%2Fv2%2Fcategories&post=47666"},{"taxonomy":"post_tag","embeddable":true,"href":"https:\/\/radiorevelacionfm.cl\/index.php?rest_route=%2Fwp%2Fv2%2Ftags&post=47666"}],"curies":[{"name":"wp","href":"https:\/\/api.w.org\/{rel}","templated":true}]}}