{"id":47663,"date":"2024-11-03T18:32:34","date_gmt":"2024-11-03T21:32:34","guid":{"rendered":"https:\/\/radiorevelacionfm.cl\/?p=47663"},"modified":"2024-11-03T18:32:34","modified_gmt":"2024-11-03T21:32:34","slug":"sebastian-vera-ojeda-a-los-20-anos-se-convierte-en-el-concejal-electo-mas-joven-de-chile","status":"publish","type":"post","link":"https:\/\/radiorevelacionfm.cl\/?p=47663","title":{"rendered":"Sebasti\u00e1n Vera Ojeda: A los 20 a\u00f1os se convierte en el concejal electo m\u00e1s joven de Chile"},"content":{"rendered":"<div class=\"flex_column av_one_full  flex_column_div av-zero-column-padding first  avia-builder-el-0  el_before_av_one_full  avia-builder-el-first  \" style='border-radius:0px; '><div  class='avia-image-container  av-styling-    avia-builder-el-1  avia-builder-el-no-sibling  avia-align-center '  itemprop=\"image\" itemscope=\"itemscope\" itemtype=\"https:\/\/schema.org\/ImageObject\"  ><div class='avia-image-container-inner'><div class='avia-image-overlay-wrap'><img decoding=\"async\" class='wp-image-47664 avia-img-lazy-loading-not-47664 avia_image' src=\"https:\/\/radiorevelacionfm.cl\/wp-content\/uploads\/2024\/11\/foto-02-2-1_optimized-1.jpeg\" alt='' title='foto-02-(2)-(1)_optimized (1)' height=\"600\" width=\"800\"  itemprop=\"thumbnailUrl\" srcset=\"https:\/\/radiorevelacionfm.cl\/wp-content\/uploads\/2024\/11\/foto-02-2-1_optimized-1.jpeg 800w, https:\/\/radiorevelacionfm.cl\/wp-content\/uploads\/2024\/11\/foto-02-2-1_optimized-1-300x225.jpeg 300w, https:\/\/radiorevelacionfm.cl\/wp-content\/uploads\/2024\/11\/foto-02-2-1_optimized-1-768x576.jpeg 768w, https:\/\/radiorevelacionfm.cl\/wp-content\/uploads\/2024\/11\/foto-02-2-1_optimized-1-705x529.jpeg 705w, https:\/\/radiorevelacionfm.cl\/wp-content\/uploads\/2024\/11\/foto-02-2-1_optimized-1-450x338.jpeg 450w, https:\/\/radiorevelacionfm.cl\/wp-content\/uploads\/2024\/11\/foto-02-2-1_optimized-1-600x450.jpeg 600w\" sizes=\"(max-width: 800px) 100vw, 800px\" \/><\/div><\/div><\/div><\/div><div class=\"flex_column av_one_full  flex_column_div av-zero-column-padding first  avia-builder-el-2  el_after_av_one_full  el_before_av_one_full  column-top-margin\" style='border-radius:0px; '><section class=\"av_textblock_section \"  itemscope=\"itemscope\" itemtype=\"https:\/\/schema.org\/BlogPosting\" itemprop=\"blogPost\" ><div class='avia_textblock  '   itemprop=\"text\" ><p style=\"text-align: center;\"><strong><span style=\"font-size: 18pt;\">Sebasti\u00e1n Vera Ojeda: A los 20 a\u00f1os se convierte en el concejal electo m\u00e1s joven de Chile <\/span><\/strong><\/p>\n<div id=\"gtx-trans\" style=\"position: absolute; left: -50px; top: 4.31534px;\">\n<div class=\"gtx-trans-icon\"><\/div>\n<\/div>\n<\/div><\/section><\/div><div class=\"flex_column av_one_full  flex_column_div av-zero-column-padding first  avia-builder-el-4  el_after_av_one_full  el_before_av_hr  column-top-margin\" style='border-radius:0px; '><section class=\"av_textblock_section \"  itemscope=\"itemscope\" itemtype=\"https:\/\/schema.org\/BlogPosting\" itemprop=\"blogPost\" ><div class='avia_textblock  '   itemprop=\"text\" ><p style=\"text-align: justify;\">Con 2.949 votos, equivalente al 9,83% del total, Sebasti\u00e1n Vera Ojeda, de apenas 20 a\u00f1os, ha sido elegido concejal de Coyhaique, marcando un hito al convertirse en el concejal electo m\u00e1s joven en la historia de Chile. Representante del Partido Renovaci\u00f3n Nacional, Sebasti\u00e1n trae a este nuevo rol una trayectoria de compromiso social desde su adolescencia, tiempo en el que ha trabajado incansablemente por su comunidad y se ha hecho conocido en los medios locales, donde su voz ha sido un canal para las necesidades y sue\u00f1os de los vecinos de Coyhaique.<\/p>\n<p style=\"text-align: justify;\">Desde muy temprana edad, Sebasti\u00e1n se ha destacado por su cercan\u00eda y disposici\u00f3n a ayudar. A los 12 a\u00f1os comenz\u00f3 a involucrarse activamente en temas comunitarios, desarrollando un v\u00ednculo especial con cada barrio de Coyhaique. Ahora, con el respaldo de figuras influyentes como la exdiputada Aracely Leuqu\u00e9n, la exintendenta de la Regi\u00f3n de Ays\u00e9n, Pilar Cuevas, y el actual alcalde de Cisnes, Francisco Roncagliolo, su meta es llevar adelante una gesti\u00f3n que sea un reflejo del cari\u00f1o que siente por Coyhaique y sus habitantes.<\/p>\n<p style=\"text-align: justify;\"><strong>Una juventud al servicio de la comunidad<\/strong><\/p>\n<p style=\"text-align: justify;\">Para Sebasti\u00e1n, este triunfo representa mucho m\u00e1s que un logro pol\u00edtico. Es el resultado de a\u00f1os de trabajo social en terreno, escuchando a vecinos de todas las edades y entendiendo las diversas necesidades de la comuna. \u201cS\u00e9 que no puedo resolver todos los problemas, pero mi compromiso es estar presente, escuchar y buscar soluciones en conjunto\u201d, comenta. Este enfoque de cercan\u00eda y escucha activa es parte de lo que lo ha hecho ganar el respeto y la confianza de su comunidad, que ha depositado en \u00e9l la responsabilidad de representarlos en el Concejo Municipal.<\/p>\n<p style=\"text-align: justify;\">Adem\u00e1s de su compromiso social, Sebasti\u00e1n ha sido un constante defensor de la fiscalizaci\u00f3n como herramienta clave para la transparencia en la administraci\u00f3n p\u00fablica. Su rol, afirma, no solo ser\u00e1 proponer ideas, sino tambi\u00e9n vigilar el uso adecuado de los recursos municipales para que cada peso invertido por la comuna tenga un impacto positivo y significativo en la calidad de vida de los habitantes de Coyhaique. \u201cLa gente me ha confiado esta responsabilidad, y no pienso defraudarlos. Fiscalizar es esencial para asegurar que los recursos realmente lleguen a las personas\u201d, se\u00f1ala.<\/p>\n<p style=\"text-align: justify;\"><strong>El respaldo de grandes figuras de la regi\u00f3n<\/strong><\/p>\n<p style=\"text-align: justify;\">Su llegada al Concejo cuenta con el respaldo de importantes referentes de la pol\u00edtica y la gesti\u00f3n regional, como la exdiputada Aracely Leuqu\u00e9n y la exintendenta Pilar Cuevas, quienes han sido gu\u00edas y aliadas en su carrera. A este respaldo se suma el alcalde de Cisnes, Francisco Roncagliolo, quien ha sido un mentor clave, ayud\u00e1ndolo a entender los desaf\u00edos de la funci\u00f3n p\u00fablica y compartiendo con \u00e9l experiencias que fortalecen su preparaci\u00f3n para el cargo. \u201cMi compromiso con Coyhaique tambi\u00e9n es un compromiso de gratitud con quienes me han ense\u00f1ado a trabajar por mi comunidad\u201d, comenta Sebasti\u00e1n.<\/p>\n<p style=\"text-align: justify;\"><strong>Un liderazgo joven para Coyhaique<\/strong><\/p>\n<p style=\"text-align: justify;\">Sebasti\u00e1n Vera Ojeda asume oficialmente el cargo de concejal el pr\u00f3ximo 6 de diciembre, con la convicci\u00f3n de que su juventud y energ\u00eda ser\u00e1n una ventaja para Coyhaique, especialmente en temas de desarrollo local, integraci\u00f3n comunitaria y seguridad. En sus palabras, su rol ser\u00e1 el de un concejal en terreno, dispuesto a trabajar codo a codo con los vecinos, llevando al concejo las preocupaciones de quienes muchas veces no encuentran una voz que los represente.<\/p>\n<p style=\"text-align: justify;\">Su historia no solo marca un hito en la pol\u00edtica local, sino que tambi\u00e9n inspira a una generaci\u00f3n de j\u00f3venes a involucrarse en el servicio p\u00fablico, demostrando que el cambio puede comenzar desde cualquier edad cuando se tiene la dedicaci\u00f3n y el compromiso necesarios.<\/p>\n<p style=\"text-align: justify;\">Sebasti\u00e1n Vera llega al Concejo con las expectativas de una comuna que ha depositado su confianza en \u00e9l y con la certeza de que, para hacer realidad los anhelos de Coyhaique, su trabajo apenas comienza.<\/p>\n<\/div><\/section><\/div><div  style='height:50px' class='hr hr-invisible   avia-builder-el-6  el_after_av_one_full  el_before_av_social_share '><span class='hr-inner ' ><span class='hr-inner-style'><\/span><\/span><\/div><\/p>\n<div  class='av-social-sharing-box  avia-builder-el-7  el_after_av_hr  el_before_av_hr  '><div class='av-share-box'><h5 class='av-share-link-description av-no-toc '>Compartir esta noticia<\/h5><ul class='av-share-box-list noLightbox'><li class='av-share-link av-social-link-facebook' ><a target=\"_blank\" aria-label=\"Compartir en Facebook\" href='https:\/\/www.facebook.com\/sharer.php?u=https:\/\/radiorevelacionfm.cl\/?p=47663&#038;t=Sebasti%C3%A1n%20Vera%20Ojeda%3A%20A%20los%2020%20a%C3%B1os%20se%20convierte%20en%20el%20concejal%20electo%20m%C3%A1s%20joven%20de%20Chile' aria-hidden='false' data-av_icon='\ue8f3' data-av_iconfont='entypo-fontello' title='' data-avia-related-tooltip='Compartir en Facebook' rel=\"noopener\"><span class='avia_hidden_link_text'>Compartir en Facebook<\/span><\/a><\/li><li class='av-share-link av-social-link-twitter' ><a target=\"_blank\" aria-label=\"Compartir en Twitter\" href='https:\/\/twitter.com\/share?text=Sebasti%C3%A1n%20Vera%20Ojeda%3A%20A%20los%2020%20a%C3%B1os%20se%20convierte%20en%20el%20concejal%20electo%20m%C3%A1s%20joven%20de%20Chile&#038;url=https:\/\/radiorevelacionfm.cl\/?p=47663' aria-hidden='false' data-av_icon='\ue8f1' data-av_iconfont='entypo-fontello' title='' data-avia-related-tooltip='Compartir en Twitter' rel=\"noopener\"><span class='avia_hidden_link_text'>Compartir en Twitter<\/span><\/a><\/li><li class='av-share-link av-social-link-whatsapp' ><a target=\"_blank\" aria-label=\"Compartir en Whatsapp\" href='https:\/\/api.whatsapp.com\/send?text=https:\/\/radiorevelacionfm.cl\/?p=47663' aria-hidden='false' data-av_icon='\uf232' data-av_iconfont='entypo-fontello' title='' data-avia-related-tooltip='Compartir en Whatsapp' rel=\"noopener\"><span class='avia_hidden_link_text'>Compartir en Whatsapp<\/span><\/a><\/li><li class='av-share-link av-social-link-linkedin' ><a target=\"_blank\" aria-label=\"Compartir en LinkedIn\" href='https:\/\/linkedin.com\/shareArticle?mini=true&#038;title=Sebasti%C3%A1n%20Vera%20Ojeda%3A%20A%20los%2020%20a%C3%B1os%20se%20convierte%20en%20el%20concejal%20electo%20m%C3%A1s%20joven%20de%20Chile&#038;url=https:\/\/radiorevelacionfm.cl\/?p=47663' aria-hidden='false' data-av_icon='\ue8fc' data-av_iconfont='entypo-fontello' title='' data-avia-related-tooltip='Compartir en LinkedIn' rel=\"noopener\"><span class='avia_hidden_link_text'>Compartir en LinkedIn<\/span><\/a><\/li><li class='av-share-link av-social-link-mail' ><a  aria-label=\"Compartir por correo\" href='mailto:?subject=Sebasti%C3%A1n%20Vera%20Ojeda%3A%20A%20los%2020%20a%C3%B1os%20se%20convierte%20en%20el%20concejal%20electo%20m%C3%A1s%20joven%20de%20Chile&#038;body=https:\/\/radiorevelacionfm.cl\/?p=47663' aria-hidden='false' data-av_icon='\ue805' data-av_iconfont='entypo-fontello' title='' data-avia-related-tooltip='Compartir por correo'><span class='avia_hidden_link_text'>Compartir por correo<\/span><\/a><\/li><\/ul><\/div><\/div>\n<div  style='height:50px' class='hr hr-invisible   avia-builder-el-8  el_after_av_social_share  el_before_av_comments_list '><span class='hr-inner ' ><span class='hr-inner-style'><\/span><\/span><\/div>\n<div  class='av-buildercomment  av-blog-meta-html-info-disabled av-blog-meta-tag-disabled  '><\/div>\n","protected":false},"excerpt":{"rendered":"","protected":false},"author":1,"featured_media":47664,"comment_status":"open","ping_status":"open","sticky":false,"template":"","format":"standard","meta":{"footnotes":""},"categories":[35],"tags":[],"class_list":["post-47663","post","type-post","status-publish","format-standard","has-post-thumbnail","hentry","category-politica"],"jetpack_featured_media_url":"https:\/\/radiorevelacionfm.cl\/wp-content\/uploads\/2024\/11\/foto-02-2-1_optimized-1.jpeg","_links":{"self":[{"href":"https:\/\/radiorevelacionfm.cl\/index.php?rest_route=\/wp\/v2\/posts\/47663","targetHints":{"allow":["GET"]}}],"collection":[{"href":"https:\/\/radiorevelacionfm.cl\/index.php?rest_route=\/wp\/v2\/posts"}],"about":[{"href":"https:\/\/radiorevelacionfm.cl\/index.php?rest_route=\/wp\/v2\/types\/post"}],"author":[{"embeddable":true,"href":"https:\/\/radiorevelacionfm.cl\/index.php?rest_route=\/wp\/v2\/users\/1"}],"replies":[{"embeddable":true,"href":"https:\/\/radiorevelacionfm.cl\/index.php?rest_route=%2Fwp%2Fv2%2Fcomments&post=47663"}],"version-history":[{"count":1,"href":"https:\/\/radiorevelacionfm.cl\/index.php?rest_route=\/wp\/v2\/posts\/47663\/revisions"}],"predecessor-version":[{"id":47665,"href":"https:\/\/radiorevelacionfm.cl\/index.php?rest_route=\/wp\/v2\/posts\/47663\/revisions\/47665"}],"wp:featuredmedia":[{"embeddable":true,"href":"https:\/\/radiorevelacionfm.cl\/index.php?rest_route=\/wp\/v2\/media\/47664"}],"wp:attachment":[{"href":"https:\/\/radiorevelacionfm.cl\/index.php?rest_route=%2Fwp%2Fv2%2Fmedia&parent=47663"}],"wp:term":[{"taxonomy":"category","embeddable":true,"href":"https:\/\/radiorevelacionfm.cl\/index.php?rest_route=%2Fwp%2Fv2%2Fcategories&post=47663"},{"taxonomy":"post_tag","embeddable":true,"href":"https:\/\/radiorevelacionfm.cl\/index.php?rest_route=%2Fwp%2Fv2%2Ftags&post=47663"}],"curies":[{"name":"wp","href":"https:\/\/api.w.org\/{rel}","templated":true}]}}