{"id":47660,"date":"2024-11-04T10:09:13","date_gmt":"2024-11-04T13:09:13","guid":{"rendered":"https:\/\/radiorevelacionfm.cl\/?p=47660"},"modified":"2024-11-04T10:09:13","modified_gmt":"2024-11-04T13:09:13","slug":"julio-rossel-vuelvo-al-core-a-dialogar-y-trabajar-por-un-desarrollo-que-considere-cada-territorio-de-la-region-de-aysen","status":"publish","type":"post","link":"https:\/\/radiorevelacionfm.cl\/?p=47660","title":{"rendered":"Julio Rossel: \u201cVuelvo al CORE a dialogar y trabajar por un desarrollo que considere cada territorio de la regi\u00f3n de Ays\u00e9n\u201d"},"content":{"rendered":"<div class=\"flex_column av_one_full  flex_column_div av-zero-column-padding first  avia-builder-el-0  el_before_av_one_full  avia-builder-el-first  \" style='border-radius:0px; '><div  class='avia-image-container  av-styling-    avia-builder-el-1  avia-builder-el-no-sibling  avia-align-center '  itemprop=\"image\" itemscope=\"itemscope\" itemtype=\"https:\/\/schema.org\/ImageObject\"  ><div class='avia-image-container-inner'><div class='avia-image-overlay-wrap'><img decoding=\"async\" class='wp-image-47661 avia-img-lazy-loading-not-47661 avia_image' src=\"https:\/\/radiorevelacionfm.cl\/wp-content\/uploads\/2024\/11\/consejero-julio-rossel-ps-aysen-1-1_optimized.jpg\" alt='' title='consejero-julio-rossel-(ps-ays\u00e9n)--(1)-(1)_optimized' height=\"760\" width=\"800\"  itemprop=\"thumbnailUrl\" srcset=\"https:\/\/radiorevelacionfm.cl\/wp-content\/uploads\/2024\/11\/consejero-julio-rossel-ps-aysen-1-1_optimized.jpg 800w, https:\/\/radiorevelacionfm.cl\/wp-content\/uploads\/2024\/11\/consejero-julio-rossel-ps-aysen-1-1_optimized-300x285.jpg 300w, https:\/\/radiorevelacionfm.cl\/wp-content\/uploads\/2024\/11\/consejero-julio-rossel-ps-aysen-1-1_optimized-768x730.jpg 768w, https:\/\/radiorevelacionfm.cl\/wp-content\/uploads\/2024\/11\/consejero-julio-rossel-ps-aysen-1-1_optimized-705x670.jpg 705w, https:\/\/radiorevelacionfm.cl\/wp-content\/uploads\/2024\/11\/consejero-julio-rossel-ps-aysen-1-1_optimized-450x428.jpg 450w, https:\/\/radiorevelacionfm.cl\/wp-content\/uploads\/2024\/11\/consejero-julio-rossel-ps-aysen-1-1_optimized-600x570.jpg 600w\" sizes=\"(max-width: 800px) 100vw, 800px\" \/><\/div><\/div><\/div><\/div><div class=\"flex_column av_one_full  flex_column_div av-zero-column-padding first  avia-builder-el-2  el_after_av_one_full  el_before_av_one_full  column-top-margin\" style='border-radius:0px; '><section class=\"av_textblock_section \"  itemscope=\"itemscope\" itemtype=\"https:\/\/schema.org\/BlogPosting\" itemprop=\"blogPost\" ><div class='avia_textblock  '   itemprop=\"text\" ><p style=\"text-align: center;\"><strong><span style=\"font-size: 18pt;\">Julio Rossel: \u201cVuelvo al CORE a dialogar y trabajar por un desarrollo que considere cada territorio de la regi\u00f3n de Ays\u00e9n\u201d<\/span><\/strong><\/p>\n<div id=\"gtx-trans\" style=\"position: absolute; left: -50px; top: 4.31534px;\">\n<div class=\"gtx-trans-icon\"><\/div>\n<\/div>\n<\/div><\/section><\/div><div class=\"flex_column av_one_full  flex_column_div av-zero-column-padding first  avia-builder-el-4  el_after_av_one_full  el_before_av_hr  column-top-margin\" style='border-radius:0px; '><section class=\"av_textblock_section \"  itemscope=\"itemscope\" itemtype=\"https:\/\/schema.org\/BlogPosting\" itemprop=\"blogPost\" ><div class='avia_textblock  '   itemprop=\"text\" ><p style=\"text-align: justify;\"><em>Es uno de los 2 consejeros regionales del Partido Socialista y representante de una provincia que vivi\u00f3 un rev\u00e9s electoral al perder dos comunas del progresismo.<\/em><\/p>\n<p style=\"text-align: justify;\">Casado, padre de 3 hijos, Administrador de empresas con menci\u00f3n en planificaci\u00f3n Tur\u00edstica de la Universidad Austral de Chile y Militante Socialista, Julio Rossel ser\u00e1 consejero regional durante 4 a\u00f1os luego de obtener un 5,49% de los votos emitidos en la Provincia de Ays\u00e9n, 986 votos. Retorna al Consejo Regional por los pr\u00f3ximos 4 a\u00f1os y luego de haber formado parte de la primera camada de Consejeros Regionales electos democr\u00e1ticamente entre los a\u00f1os 2014-2018, ahora plantea que su principal objetivo es generar puentes y di\u00e1logos entre los diferentes actores y territorios que permitan llevar el desarrollo a los y las habitantes de Ays\u00e9n.<\/p>\n<p style=\"text-align: justify;\">Julio Rossel como es natural ha madurado desde su \u00faltima vez en el Consejo Regional, con un escenario diferente al 2014 e incluso, al momento que decidi\u00f3 ser candidato, siendo un convencido que el di\u00e1logo transversal con diferentes actores y sectores pol\u00edticos ser\u00e1 esencial para una mejorar calidad de vida en Ays\u00e9n. \u201cPerdimos en primera vuelta y con mayor\u00eda nacional la Gobernaci\u00f3n Regional, en mi provincia dos comunas: Ays\u00e9n y Guaitecas volvieron a la Derecha y, el escenario regional tampoco es el mejor. En ese nuevo escenario, manteniendo mis ideales y el compromiso que asum\u00ed con la comunidad, mi forma de trabajo ser\u00e1 la disposici\u00f3n a conversaci\u00f3n y a la cooperaci\u00f3n con las diferentes administraciones\u201d.<\/p>\n<p style=\"text-align: justify;\">Respecto al trabajo en su territorio Julio Rossel destac\u00f3 a los y las concejalas de su partido que fueron electas y con las cuales pretende tener un trabajo estrecho y coordinado. \u201cComo lo he dicho, mi gesti\u00f3n estar\u00e1 a disposici\u00f3n de los que quieren trabajar, destacando a Francisco Abarca, Paulina Zapata en Cisnes y Jorge Figueroa junto a Tatiana Villarroel en Ays\u00e9n, son y ser\u00e1n concejales que podr\u00e1n contar conmigo en cada momento. Aqu\u00ed la gente es lo importante y estos nombres cuentan con la confianza de su territorio y con el respaldo de este Consejero Regional\u201d.<\/p>\n<p style=\"text-align: justify;\">Respecto al retroceso de las fuerzas pol\u00edticas de izquierda en el territorio regional, Julio Rossel plantea que \u201caunque los tiempos son muy acotados, quiz\u00e1s es muy apresurado para hablar de candidaturas parlamentarias, quiz\u00e1s lo m\u00e1s oportuno es primeramente tratar de sacar lecciones de estas derrotas, pero con honestidad y autocritica de cara a la militancia. Tenemos hombre y mujeres de enorme valor para sumir desaf\u00edos futuros, habr\u00e1 que ver c\u00f3mo se definir\u00e1 quien represente al PS en Ays\u00e9n\u201d.<\/p>\n<p style=\"text-align: justify;\">Finalmente, Rossel en enf\u00e1tico es decir que desde su gesti\u00f3n espera propiciar la inversi\u00f3n en el territorio \u201centendiendo que el progreso tiene que ver con iniciativas sociales, pero tambi\u00e9n de infraestructura. Esta regi\u00f3n a diferencia de otras a\u00fan est\u00e1 en plena construcci\u00f3n y la responsabilidad de generar proyectos recae tanto en los sectores del Estado como en los Municipios, no podemos esperar un desarrollo integral si s\u00f3lo existen carteras FRIL (proyectos peque\u00f1os) y si los Municipios no aportan con proyectos de gran envergadura que contribuyan al progreso, absorci\u00f3n de mano de obra, reactivaci\u00f3n econ\u00f3mica y mejor calidad de vida de los y las habitantes de Ays\u00e9n\u201d.<\/p>\n<\/div><\/section><\/div><div  style='height:50px' class='hr hr-invisible   avia-builder-el-6  el_after_av_one_full  el_before_av_social_share '><span class='hr-inner ' ><span class='hr-inner-style'><\/span><\/span><\/div><\/p>\n<div  class='av-social-sharing-box  avia-builder-el-7  el_after_av_hr  el_before_av_hr  '><div class='av-share-box'><h5 class='av-share-link-description av-no-toc '>Compartir esta noticia<\/h5><ul class='av-share-box-list noLightbox'><li class='av-share-link av-social-link-facebook' ><a target=\"_blank\" aria-label=\"Compartir en Facebook\" href='https:\/\/www.facebook.com\/sharer.php?u=https:\/\/radiorevelacionfm.cl\/?p=47660&#038;t=Julio%20Rossel%3A%20%E2%80%9CVuelvo%20al%20CORE%20a%20dialogar%20y%20trabajar%20por%20un%20desarrollo%20que%20considere%20cada%20territorio%20de%20la%20regi%C3%B3n%20de%20Ays%C3%A9n%E2%80%9D' aria-hidden='false' data-av_icon='\ue8f3' data-av_iconfont='entypo-fontello' title='' data-avia-related-tooltip='Compartir en Facebook' rel=\"noopener\"><span class='avia_hidden_link_text'>Compartir en Facebook<\/span><\/a><\/li><li class='av-share-link av-social-link-twitter' ><a target=\"_blank\" aria-label=\"Compartir en Twitter\" href='https:\/\/twitter.com\/share?text=Julio%20Rossel%3A%20%E2%80%9CVuelvo%20al%20CORE%20a%20dialogar%20y%20trabajar%20por%20un%20desarrollo%20que%20considere%20cada%20territorio%20de%20la%20regi%C3%B3n%20de%20Ays%C3%A9n%E2%80%9D&#038;url=https:\/\/radiorevelacionfm.cl\/?p=47660' aria-hidden='false' data-av_icon='\ue8f1' data-av_iconfont='entypo-fontello' title='' data-avia-related-tooltip='Compartir en Twitter' rel=\"noopener\"><span class='avia_hidden_link_text'>Compartir en Twitter<\/span><\/a><\/li><li class='av-share-link av-social-link-whatsapp' ><a target=\"_blank\" aria-label=\"Compartir en Whatsapp\" href='https:\/\/api.whatsapp.com\/send?text=https:\/\/radiorevelacionfm.cl\/?p=47660' aria-hidden='false' data-av_icon='\uf232' data-av_iconfont='entypo-fontello' title='' data-avia-related-tooltip='Compartir en Whatsapp' rel=\"noopener\"><span class='avia_hidden_link_text'>Compartir en Whatsapp<\/span><\/a><\/li><li class='av-share-link av-social-link-linkedin' ><a target=\"_blank\" aria-label=\"Compartir en LinkedIn\" href='https:\/\/linkedin.com\/shareArticle?mini=true&#038;title=Julio%20Rossel%3A%20%E2%80%9CVuelvo%20al%20CORE%20a%20dialogar%20y%20trabajar%20por%20un%20desarrollo%20que%20considere%20cada%20territorio%20de%20la%20regi%C3%B3n%20de%20Ays%C3%A9n%E2%80%9D&#038;url=https:\/\/radiorevelacionfm.cl\/?p=47660' aria-hidden='false' data-av_icon='\ue8fc' data-av_iconfont='entypo-fontello' title='' data-avia-related-tooltip='Compartir en LinkedIn' rel=\"noopener\"><span class='avia_hidden_link_text'>Compartir en LinkedIn<\/span><\/a><\/li><li class='av-share-link av-social-link-mail' ><a  aria-label=\"Compartir por correo\" href='mailto:?subject=Julio%20Rossel%3A%20%E2%80%9CVuelvo%20al%20CORE%20a%20dialogar%20y%20trabajar%20por%20un%20desarrollo%20que%20considere%20cada%20territorio%20de%20la%20regi%C3%B3n%20de%20Ays%C3%A9n%E2%80%9D&#038;body=https:\/\/radiorevelacionfm.cl\/?p=47660' aria-hidden='false' data-av_icon='\ue805' data-av_iconfont='entypo-fontello' title='' data-avia-related-tooltip='Compartir por correo'><span class='avia_hidden_link_text'>Compartir por correo<\/span><\/a><\/li><\/ul><\/div><\/div>\n<div  style='height:50px' class='hr hr-invisible   avia-builder-el-8  el_after_av_social_share  el_before_av_comments_list '><span class='hr-inner ' ><span class='hr-inner-style'><\/span><\/span><\/div>\n<div  class='av-buildercomment  av-blog-meta-html-info-disabled av-blog-meta-tag-disabled  '><\/div>\n","protected":false},"excerpt":{"rendered":"","protected":false},"author":1,"featured_media":47661,"comment_status":"open","ping_status":"open","sticky":false,"template":"","format":"standard","meta":{"footnotes":""},"categories":[35],"tags":[],"class_list":["post-47660","post","type-post","status-publish","format-standard","has-post-thumbnail","hentry","category-politica"],"jetpack_featured_media_url":"https:\/\/radiorevelacionfm.cl\/wp-content\/uploads\/2024\/11\/consejero-julio-rossel-ps-aysen-1-1_optimized.jpg","_links":{"self":[{"href":"https:\/\/radiorevelacionfm.cl\/index.php?rest_route=\/wp\/v2\/posts\/47660","targetHints":{"allow":["GET"]}}],"collection":[{"href":"https:\/\/radiorevelacionfm.cl\/index.php?rest_route=\/wp\/v2\/posts"}],"about":[{"href":"https:\/\/radiorevelacionfm.cl\/index.php?rest_route=\/wp\/v2\/types\/post"}],"author":[{"embeddable":true,"href":"https:\/\/radiorevelacionfm.cl\/index.php?rest_route=\/wp\/v2\/users\/1"}],"replies":[{"embeddable":true,"href":"https:\/\/radiorevelacionfm.cl\/index.php?rest_route=%2Fwp%2Fv2%2Fcomments&post=47660"}],"version-history":[{"count":1,"href":"https:\/\/radiorevelacionfm.cl\/index.php?rest_route=\/wp\/v2\/posts\/47660\/revisions"}],"predecessor-version":[{"id":47662,"href":"https:\/\/radiorevelacionfm.cl\/index.php?rest_route=\/wp\/v2\/posts\/47660\/revisions\/47662"}],"wp:featuredmedia":[{"embeddable":true,"href":"https:\/\/radiorevelacionfm.cl\/index.php?rest_route=\/wp\/v2\/media\/47661"}],"wp:attachment":[{"href":"https:\/\/radiorevelacionfm.cl\/index.php?rest_route=%2Fwp%2Fv2%2Fmedia&parent=47660"}],"wp:term":[{"taxonomy":"category","embeddable":true,"href":"https:\/\/radiorevelacionfm.cl\/index.php?rest_route=%2Fwp%2Fv2%2Fcategories&post=47660"},{"taxonomy":"post_tag","embeddable":true,"href":"https:\/\/radiorevelacionfm.cl\/index.php?rest_route=%2Fwp%2Fv2%2Ftags&post=47660"}],"curies":[{"name":"wp","href":"https:\/\/api.w.org\/{rel}","templated":true}]}}