{"id":47657,"date":"2024-11-03T18:05:44","date_gmt":"2024-11-03T21:05:44","guid":{"rendered":"https:\/\/radiorevelacionfm.cl\/?p=47657"},"modified":"2024-11-03T18:05:44","modified_gmt":"2024-11-03T21:05:44","slug":"comienzan-obras-para-habilitar-unidad-de-paciente-critico-pediatrico-en-hospital-regional-coyhaique","status":"publish","type":"post","link":"https:\/\/radiorevelacionfm.cl\/?p=47657","title":{"rendered":"Comienzan obras para habilitar Unidad de Paciente Cr\u00edtico Pedi\u00e1trico en Hospital Regional Coyhaique"},"content":{"rendered":"<div class=\"flex_column av_one_full  flex_column_div av-zero-column-padding first  avia-builder-el-0  el_before_av_one_full  avia-builder-el-first  \" style='border-radius:0px; '><div  class='avia-image-container  av-styling-    avia-builder-el-1  avia-builder-el-no-sibling  avia-align-center '  itemprop=\"image\" itemscope=\"itemscope\" itemtype=\"https:\/\/schema.org\/ImageObject\"  ><div class='avia-image-container-inner'><div class='avia-image-overlay-wrap'><img decoding=\"async\" class='wp-image-47658 avia-img-lazy-loading-not-47658 avia_image' src=\"https:\/\/radiorevelacionfm.cl\/wp-content\/uploads\/2024\/11\/upc-2-1-1.jpg\" alt='' title='upc 2 (1) (1)' height=\"600\" width=\"800\"  itemprop=\"thumbnailUrl\" srcset=\"https:\/\/radiorevelacionfm.cl\/wp-content\/uploads\/2024\/11\/upc-2-1-1.jpg 800w, https:\/\/radiorevelacionfm.cl\/wp-content\/uploads\/2024\/11\/upc-2-1-1-300x225.jpg 300w, https:\/\/radiorevelacionfm.cl\/wp-content\/uploads\/2024\/11\/upc-2-1-1-768x576.jpg 768w, https:\/\/radiorevelacionfm.cl\/wp-content\/uploads\/2024\/11\/upc-2-1-1-705x529.jpg 705w, https:\/\/radiorevelacionfm.cl\/wp-content\/uploads\/2024\/11\/upc-2-1-1-450x338.jpg 450w, https:\/\/radiorevelacionfm.cl\/wp-content\/uploads\/2024\/11\/upc-2-1-1-600x450.jpg 600w\" sizes=\"(max-width: 800px) 100vw, 800px\" \/><\/div><\/div><\/div><\/div><div class=\"flex_column av_one_full  flex_column_div av-zero-column-padding first  avia-builder-el-2  el_after_av_one_full  el_before_av_one_full  column-top-margin\" style='border-radius:0px; '><section class=\"av_textblock_section \"  itemscope=\"itemscope\" itemtype=\"https:\/\/schema.org\/BlogPosting\" itemprop=\"blogPost\" ><div class='avia_textblock  '   itemprop=\"text\" ><p style=\"text-align: center;\"><span style=\"font-size: 18pt;\"><b>Comienzan obras para habilitar Unidad de Paciente Cr\u00edtico Pedi\u00e1trico en Hospital Regional Coyhaique<\/b><\/span><\/p>\n<div id=\"gtx-trans\" style=\"position: absolute; left: -50px; top: 4.31534px;\">\n<div class=\"gtx-trans-icon\"><\/div>\n<\/div>\n<\/div><\/section><\/div><div class=\"flex_column av_one_full  flex_column_div av-zero-column-padding first  avia-builder-el-4  el_after_av_one_full  el_before_av_hr  column-top-margin\" style='border-radius:0px; '><section class=\"av_textblock_section \"  itemscope=\"itemscope\" itemtype=\"https:\/\/schema.org\/BlogPosting\" itemprop=\"blogPost\" ><div class='avia_textblock  '   itemprop=\"text\" ><p style=\"font-weight: 400; text-align: justify;\">Ciento ochenta d\u00edas, es decir seis meses, es el plazo que tiene la constructora para habilitar la Unidad de Paciente Cr\u00edtico Pedi\u00e1trico (UPC) en el Hospital Regional Coyhaique, obra que una vez finalizada permitir\u00e1 reducir el traslado de ni\u00f1os y ni\u00f1as desde la regi\u00f3n de Ays\u00e9n a otros puntos del pa\u00eds.<\/p>\n<p style=\"font-weight: 400; text-align: justify;\">\u201cHay que reconocer el esfuerzo del Servicio de Salud Ays\u00e9n y el Hospital Regional de Coyhaique para ir generando las capacidades t\u00e9cnicas y contratando especialistas y equipo de apoyo, enfermeras, t\u00e9cnicos param\u00e9dicos correspondientes para brindar una atenci\u00f3n que ya est\u00e1 instalada en el Hospital desde inicios del a\u00f1o pasado y se ha ido consolidando y tambi\u00e9n el Gobierno Regional que aport\u00f3 recursos para tener una unidad que responda a las demandas de nuestra ciudadan\u00eda\u201d, manifest\u00f3 Rodrigo Araya, delegado presidencial de Ays\u00e9n.<\/p>\n<p style=\"font-weight: 400; text-align: justify;\">A su vez destac\u00f3 los cambios implementados por el Gobierno en materia del control del Virus Respiratorio Sincicial (VRS), a trav\u00e9s de la inmunizaci\u00f3n con anticuerpo monoclonal Nirsevimab y que redujo de forma importante las complicaciones para los ni\u00f1os y ni\u00f1as este invierno.<\/p>\n<p style=\"font-weight: 400; text-align: justify;\">\u201cPara nosotros como Gobierno Regional esto es un avance significativo en t\u00e9rminos de la respuesta que ofrecemos a los ni\u00f1os y ni\u00f1as de nuestra regi\u00f3n. El 2016 marc\u00f3 la historia para nosotros en t\u00e9rminos de pediatr\u00eda y 2017, donde hubo una fuerte crisis de virus respiratorio sincicial que hizo muy patente la necesidad de aumentar el nivel de especializaci\u00f3n y resoluci\u00f3n en la regi\u00f3n\u201d, se\u00f1al\u00f3 por su parte Andrea Mac\u00edas, gobernadora regional.<\/p>\n<p style=\"font-weight: 400; text-align: justify;\">Reconoci\u00f3 la llegada de la Dra. Camila Lambert, que junto a su equipo empuj\u00f3 para que este proyecto pudiera salir adelante.<\/p>\n<p style=\"font-weight: 400; text-align: justify;\">\u201cAqu\u00ed es importante se\u00f1alar que cuando se a\u00fanan voluntades es como tenemos que avanzar en la regi\u00f3n, confluyen todas las autoridades, el Gobierno, el Ministerio de Salud, la Delegaci\u00f3n Presidencial, el Gobierno Regional, los parlamentarios y usuarios para darle prioridad a este proyecto y que saliera en tiempos acotados y se\u00f1alar que en mayo del pr\u00f3ximo a\u00f1o estar\u00e1 listo el proyecto de la UCI pedi\u00e1trica y tendremos mejores capacidades para enfrentar la campa\u00f1a de invierno\u201d, explic\u00f3 Juan Pablo Bravo, director del Servicio de Salud Ays\u00e9n.<\/p>\n<p style=\"font-weight: 400; text-align: justify;\">La inversi\u00f3n es cercana a los 500 millones de pesos por parte del Gobierno Regional para una rehabilitaci\u00f3n de espacios en torno a los 300 metros cuadrados y contempla 4 camas UTI y 2 UCI, sector de enfermer\u00eda, bodegas, recintos administrativos y otros. \u201cTenemos constantemente el desaf\u00edo de poder entregar la atenci\u00f3n de la mejor calidad de acuerdo a los mejores est\u00e1ndares, a pesar de estar en una regi\u00f3n tan aislada como lo es Ays\u00e9n, por lo tanto, contar con esta capacidad para evitar traslados de los m\u00e1s peque\u00f1os es fundamental. Muy agradecido de este esfuerzo mancomunado de todas las autoridades\u201d, indic\u00f3 el Dr. Daniel Aravena, director (S) del Hospital Regional Coyhaique.<\/p>\n<p style=\"font-weight: 400; text-align: justify;\">La obra contempla reposici\u00f3n de revestimientos de pisos y cielos, apertura de vanos, recambio de puertas, ventanas, mobiliario, climatizaci\u00f3n, reposici\u00f3n de sistema el\u00e9ctrico y mejoramiento estructural, entre otras. \u201cLa importancia actualmente es que podemos brindar una oportunidad, al igual que todos los ni\u00f1os de Chile, de calidad de atenci\u00f3n, de una atenci\u00f3n segura a nuestros pacientes y sus familias y no tener que separarlos con estos traslados extrarregionales y sumar m\u00e1s crisis y angustia a lo que significa tener un ni\u00f1o, un hijo y tener que ingresarlo a una unidad de paciente cr\u00edtico pedi\u00e1trico. Es un tremendo desaf\u00edo, pero estamos muy contentos\u201d, puntualiz\u00f3 la Dra. Camila Lambert, Jefa de la UTI pedi\u00e1trica del principal establecimiento de salud de la regi\u00f3n de Ays\u00e9n.<\/p>\n<\/div><\/section><\/div><div  style='height:50px' class='hr hr-invisible   avia-builder-el-6  el_after_av_one_full  el_before_av_social_share '><span class='hr-inner ' ><span class='hr-inner-style'><\/span><\/span><\/div><\/p>\n<div  class='av-social-sharing-box  avia-builder-el-7  el_after_av_hr  el_before_av_hr  '><div class='av-share-box'><h5 class='av-share-link-description av-no-toc '>Compartir esta noticia<\/h5><ul class='av-share-box-list noLightbox'><li class='av-share-link av-social-link-facebook' ><a target=\"_blank\" aria-label=\"Compartir en Facebook\" href='https:\/\/www.facebook.com\/sharer.php?u=https:\/\/radiorevelacionfm.cl\/?p=47657&#038;t=Comienzan%20obras%20para%20habilitar%20Unidad%20de%20Paciente%20Cr%C3%ADtico%20Pedi%C3%A1trico%20en%20Hospital%20Regional%20Coyhaique' aria-hidden='false' data-av_icon='\ue8f3' data-av_iconfont='entypo-fontello' title='' data-avia-related-tooltip='Compartir en Facebook' rel=\"noopener\"><span class='avia_hidden_link_text'>Compartir en Facebook<\/span><\/a><\/li><li class='av-share-link av-social-link-twitter' ><a target=\"_blank\" aria-label=\"Compartir en Twitter\" href='https:\/\/twitter.com\/share?text=Comienzan%20obras%20para%20habilitar%20Unidad%20de%20Paciente%20Cr%C3%ADtico%20Pedi%C3%A1trico%20en%20Hospital%20Regional%20Coyhaique&#038;url=https:\/\/radiorevelacionfm.cl\/?p=47657' aria-hidden='false' data-av_icon='\ue8f1' data-av_iconfont='entypo-fontello' title='' data-avia-related-tooltip='Compartir en Twitter' rel=\"noopener\"><span class='avia_hidden_link_text'>Compartir en Twitter<\/span><\/a><\/li><li class='av-share-link av-social-link-whatsapp' ><a target=\"_blank\" aria-label=\"Compartir en Whatsapp\" href='https:\/\/api.whatsapp.com\/send?text=https:\/\/radiorevelacionfm.cl\/?p=47657' aria-hidden='false' data-av_icon='\uf232' data-av_iconfont='entypo-fontello' title='' data-avia-related-tooltip='Compartir en Whatsapp' rel=\"noopener\"><span class='avia_hidden_link_text'>Compartir en Whatsapp<\/span><\/a><\/li><li class='av-share-link av-social-link-linkedin' ><a target=\"_blank\" aria-label=\"Compartir en LinkedIn\" href='https:\/\/linkedin.com\/shareArticle?mini=true&#038;title=Comienzan%20obras%20para%20habilitar%20Unidad%20de%20Paciente%20Cr%C3%ADtico%20Pedi%C3%A1trico%20en%20Hospital%20Regional%20Coyhaique&#038;url=https:\/\/radiorevelacionfm.cl\/?p=47657' aria-hidden='false' data-av_icon='\ue8fc' data-av_iconfont='entypo-fontello' title='' data-avia-related-tooltip='Compartir en LinkedIn' rel=\"noopener\"><span class='avia_hidden_link_text'>Compartir en LinkedIn<\/span><\/a><\/li><li class='av-share-link av-social-link-mail' ><a  aria-label=\"Compartir por correo\" href='mailto:?subject=Comienzan%20obras%20para%20habilitar%20Unidad%20de%20Paciente%20Cr%C3%ADtico%20Pedi%C3%A1trico%20en%20Hospital%20Regional%20Coyhaique&#038;body=https:\/\/radiorevelacionfm.cl\/?p=47657' aria-hidden='false' data-av_icon='\ue805' data-av_iconfont='entypo-fontello' title='' data-avia-related-tooltip='Compartir por correo'><span class='avia_hidden_link_text'>Compartir por correo<\/span><\/a><\/li><\/ul><\/div><\/div>\n<div  style='height:50px' class='hr hr-invisible   avia-builder-el-8  el_after_av_social_share  el_before_av_comments_list '><span class='hr-inner ' ><span class='hr-inner-style'><\/span><\/span><\/div>\n<div  class='av-buildercomment  av-blog-meta-html-info-disabled av-blog-meta-tag-disabled  '><\/div>\n","protected":false},"excerpt":{"rendered":"","protected":false},"author":1,"featured_media":47658,"comment_status":"open","ping_status":"open","sticky":false,"template":"","format":"standard","meta":{"footnotes":""},"categories":[46],"tags":[],"class_list":["post-47657","post","type-post","status-publish","format-standard","has-post-thumbnail","hentry","category-salud"],"jetpack_featured_media_url":"https:\/\/radiorevelacionfm.cl\/wp-content\/uploads\/2024\/11\/upc-2-1-1.jpg","_links":{"self":[{"href":"https:\/\/radiorevelacionfm.cl\/index.php?rest_route=\/wp\/v2\/posts\/47657","targetHints":{"allow":["GET"]}}],"collection":[{"href":"https:\/\/radiorevelacionfm.cl\/index.php?rest_route=\/wp\/v2\/posts"}],"about":[{"href":"https:\/\/radiorevelacionfm.cl\/index.php?rest_route=\/wp\/v2\/types\/post"}],"author":[{"embeddable":true,"href":"https:\/\/radiorevelacionfm.cl\/index.php?rest_route=\/wp\/v2\/users\/1"}],"replies":[{"embeddable":true,"href":"https:\/\/radiorevelacionfm.cl\/index.php?rest_route=%2Fwp%2Fv2%2Fcomments&post=47657"}],"version-history":[{"count":1,"href":"https:\/\/radiorevelacionfm.cl\/index.php?rest_route=\/wp\/v2\/posts\/47657\/revisions"}],"predecessor-version":[{"id":47659,"href":"https:\/\/radiorevelacionfm.cl\/index.php?rest_route=\/wp\/v2\/posts\/47657\/revisions\/47659"}],"wp:featuredmedia":[{"embeddable":true,"href":"https:\/\/radiorevelacionfm.cl\/index.php?rest_route=\/wp\/v2\/media\/47658"}],"wp:attachment":[{"href":"https:\/\/radiorevelacionfm.cl\/index.php?rest_route=%2Fwp%2Fv2%2Fmedia&parent=47657"}],"wp:term":[{"taxonomy":"category","embeddable":true,"href":"https:\/\/radiorevelacionfm.cl\/index.php?rest_route=%2Fwp%2Fv2%2Fcategories&post=47657"},{"taxonomy":"post_tag","embeddable":true,"href":"https:\/\/radiorevelacionfm.cl\/index.php?rest_route=%2Fwp%2Fv2%2Ftags&post=47657"}],"curies":[{"name":"wp","href":"https:\/\/api.w.org\/{rel}","templated":true}]}}