{"id":47654,"date":"2024-11-03T21:04:43","date_gmt":"2024-11-04T00:04:43","guid":{"rendered":"https:\/\/radiorevelacionfm.cl\/?p=47654"},"modified":"2024-11-03T21:04:43","modified_gmt":"2024-11-04T00:04:43","slug":"programa-mejoramiento-termico-viviendas-sandoval-espera-se-haga-esfuerzo-adicional-en-presupuesto-2025-para-atender-demanda-insatisfecha","status":"publish","type":"post","link":"https:\/\/radiorevelacionfm.cl\/?p=47654","title":{"rendered":"Programa mejoramiento t\u00e9rmico viviendas: Sandoval espera se haga esfuerzo adicional en Presupuesto 2025 para atender demanda insatisfecha"},"content":{"rendered":"<div class=\"flex_column av_one_full  flex_column_div av-zero-column-padding first  avia-builder-el-0  el_before_av_one_full  avia-builder-el-first  \" style='border-radius:0px; '><div  class='avia-image-container  av-styling-    avia-builder-el-1  avia-builder-el-no-sibling  avia-align-center '  itemprop=\"image\" itemscope=\"itemscope\" itemtype=\"https:\/\/schema.org\/ImageObject\"  ><div class='avia-image-container-inner'><div class='avia-image-overlay-wrap'><img decoding=\"async\" class='wp-image-47655 avia-img-lazy-loading-not-47655 avia_image' src=\"https:\/\/radiorevelacionfm.cl\/wp-content\/uploads\/2024\/11\/reunion-con-ag-de-entidades-patrocinantes-1_optimized.jpg\" alt='' title='reuni\u00f3n-con-ag-de-entidades-patrocinantes-(1)_optimized' height=\"600\" width=\"800\"  itemprop=\"thumbnailUrl\" srcset=\"https:\/\/radiorevelacionfm.cl\/wp-content\/uploads\/2024\/11\/reunion-con-ag-de-entidades-patrocinantes-1_optimized.jpg 800w, https:\/\/radiorevelacionfm.cl\/wp-content\/uploads\/2024\/11\/reunion-con-ag-de-entidades-patrocinantes-1_optimized-300x225.jpg 300w, https:\/\/radiorevelacionfm.cl\/wp-content\/uploads\/2024\/11\/reunion-con-ag-de-entidades-patrocinantes-1_optimized-768x576.jpg 768w, https:\/\/radiorevelacionfm.cl\/wp-content\/uploads\/2024\/11\/reunion-con-ag-de-entidades-patrocinantes-1_optimized-705x529.jpg 705w, https:\/\/radiorevelacionfm.cl\/wp-content\/uploads\/2024\/11\/reunion-con-ag-de-entidades-patrocinantes-1_optimized-450x338.jpg 450w, https:\/\/radiorevelacionfm.cl\/wp-content\/uploads\/2024\/11\/reunion-con-ag-de-entidades-patrocinantes-1_optimized-600x450.jpg 600w\" sizes=\"(max-width: 800px) 100vw, 800px\" \/><\/div><\/div><\/div><\/div><div class=\"flex_column av_one_full  flex_column_div av-zero-column-padding first  avia-builder-el-2  el_after_av_one_full  el_before_av_one_full  column-top-margin\" style='border-radius:0px; '><section class=\"av_textblock_section \"  itemscope=\"itemscope\" itemtype=\"https:\/\/schema.org\/BlogPosting\" itemprop=\"blogPost\" ><div class='avia_textblock  '   itemprop=\"text\" ><p style=\"text-align: center;\"><strong><span style=\"font-size: 18pt;\">Programa mejoramiento t\u00e9rmico viviendas: Sandoval espera se haga esfuerzo adicional en Presupuesto 2025 para atender demanda insatisfecha<\/span><\/strong><\/p>\n<div id=\"gtx-trans\" style=\"position: absolute; left: -50px; top: 4.31534px;\">\n<div class=\"gtx-trans-icon\"><\/div>\n<\/div>\n<\/div><\/section><\/div><div class=\"flex_column av_one_full  flex_column_div av-zero-column-padding first  avia-builder-el-4  el_after_av_one_full  el_before_av_hr  column-top-margin\" style='border-radius:0px; '><section class=\"av_textblock_section \"  itemscope=\"itemscope\" itemtype=\"https:\/\/schema.org\/BlogPosting\" itemprop=\"blogPost\" ><div class='avia_textblock  '   itemprop=\"text\" ><p style=\"text-align: justify;\"><em>En los \u00faltimos d\u00edas, parlamentario se reuni\u00f3 con representantes de la AG Entidades Patrocinantes de Ays\u00e9n, para abordar este tema, lo que tambi\u00e9n plante\u00f3 a ministro MINVU Carlos Montes.<\/em><\/p>\n<p style=\"text-align: justify;\">Tras la reuni\u00f3n que sostuvo en los \u00faltimos d\u00edas con representantes de la Asociaci\u00f3n Gremial de Entidades Patrocinantes de Ays\u00e9n, el senador David Sandoval, reiter\u00f3 su preocupaci\u00f3n por la demanda insatisfecha que existe en relaci\u00f3n al programa de mejoramiento t\u00e9rmico de viviendas en la regi\u00f3n de Ays\u00e9n.<\/p>\n<p style=\"text-align: justify;\">El parlamentario sostuvo que existen \u201calgunas dificultades operativas en el desarrollo de un programa que en el caso de la regi\u00f3n tiene una significaci\u00f3n enorme, por el drama de aquellas viviendas que siendo construidas por el Estado estuvieran sujetas a otras normas de car\u00e1cter de aislamiento t\u00e9rmico\u201d, tema que plante\u00f3 al ministro Carlos Montes.<\/p>\n<p style=\"text-align: justify;\">A juicio de Sandoval, el tema est\u00e1 en los recursos disponibles para asumir la demanda que existe. \u201cLa resoluci\u00f3n 1418 que se analiz\u00f3 hace un tiempo atr\u00e1s en esta comisi\u00f3n (de Vivienda del Senado), asign\u00f3 una cantidad de recursos que solo permit\u00eda atender 70 familias en ese momento; el GORE Ays\u00e9n luego comprometi\u00f3 3 mil millones de pesos adicionales, para 150 familias. Pero a\u00fan as\u00ed hay m\u00e1s de mil familias esperando este tema\u201d, precis\u00f3.<\/p>\n<p style=\"text-align: justify;\">Por lo mismo, el legislador espera que se haga un esfuerzo adicional en el Presupuesto 2025 y as\u00ed se pueda avanzar en concretar m\u00e1s subsidios para m\u00e1s familias en la regi\u00f3n y as\u00ed \u201cresolver un problema de vida para familias que construyeron sus viviendas antes de las actuales normas de aislaci\u00f3n t\u00e9rmicas\u201d.<\/p>\n<p style=\"text-align: justify;\">Junto con ello, el senador Sandoval plante\u00f3 que la modalidad para ejecutar estos temas cambie al DS 255, para as\u00ed permitir una cobertura a toda la regi\u00f3n, y no solo Coyhaique y Puerto Ays\u00e9n.<\/p>\n<p style=\"text-align: justify;\">Con todo, tambi\u00e9n pidi\u00f3 resolver los problemas de recursos humanos en el SERVIU y as\u00ed poder atender de mejor manera el proceso de postulaci\u00f3n de las familias que buscan acceder a este beneficio.<\/p>\n<p style=\"text-align: justify;\">Al respecto, Mar\u00eda Jos\u00e9 Gonz\u00e1lez, quien es parte de la AG de Entidades Patrocinantes de Ays\u00e9n, junto con valorar la reuni\u00f3n con el parlamentario, dijo que uno de los temas principales tiene que ver con le tema de financiamiento. \u201cHay muy pocos fondos para este a\u00f1o. Que nos ayuden en algunas \u00e1reas de la administraci\u00f3n, c\u00f3mo se est\u00e1n resolviendo el desarrollo de los mejoramientos t\u00e9rmicos y la poca capacidad que hoy d\u00eda tiene el Serviu tiene para poder revisar, est\u00e1 muy colapsado\u201d, indic\u00f3.<\/p>\n<p style=\"text-align: justify;\">Junto con aquello, la dirigente gremial indic\u00f3 que otro de los temas planteados fue poder \u201clograr un convenio programaci\u00f3n con el Gobierno regional y el Ministerio de Vivienda para el a\u00f1o 2025\u201d en este tema.<\/p>\n<p style=\"text-align: justify;\">En tanto, el ministro de Vivienda, Carlos Montes, se\u00f1al\u00f3 que la cartera est\u00e1 buscando la forma de aumentar, en el pa\u00eds, distintos tipos de subsidios para las viviendas existentes, considerando que esto ya est\u00e1 resuelto en las viviendas nuevas. \u201cEste fue uno de los temas que se plante\u00f3 en el debate, tanto del (subsidio) t\u00e9rmico como el suelo salino, en ambas comisiones. Y ah\u00ed estamos conversando para ver alternativas. No le puedo decir cu\u00e1l va a ser, pero nosotros entendemos que hay que incrementarlo\u201d, explic\u00f3.<\/p>\n<p style=\"text-align: justify;\">Montes adem\u00e1s dijo que en el caso de la regi\u00f3n de Ays\u00e9n la meta que hab\u00eda se est\u00e1 cumpliendo, pero que el tema \u201ces que las necesidades de la familia y el nivel de aspiraci\u00f3n es mucho mayor, porque obviamente hay condiciones t\u00e9rmicas mejores y eso es lo que estamos trabajando\u201d.<\/p>\n<\/div><\/section><\/div><div  style='height:50px' class='hr hr-invisible   avia-builder-el-6  el_after_av_one_full  el_before_av_social_share '><span class='hr-inner ' ><span class='hr-inner-style'><\/span><\/span><\/div><\/p>\n<div  class='av-social-sharing-box  avia-builder-el-7  el_after_av_hr  el_before_av_hr  '><div class='av-share-box'><h5 class='av-share-link-description av-no-toc '>Compartir esta noticia<\/h5><ul class='av-share-box-list noLightbox'><li class='av-share-link av-social-link-facebook' ><a target=\"_blank\" aria-label=\"Compartir en Facebook\" href='https:\/\/www.facebook.com\/sharer.php?u=https:\/\/radiorevelacionfm.cl\/?p=47654&#038;t=Programa%20mejoramiento%20t%C3%A9rmico%20viviendas%3A%20Sandoval%20espera%20se%20haga%20esfuerzo%20adicional%20en%20Presupuesto%202025%20para%20atender%20demanda%20insatisfecha' aria-hidden='false' data-av_icon='\ue8f3' data-av_iconfont='entypo-fontello' title='' data-avia-related-tooltip='Compartir en Facebook' rel=\"noopener\"><span class='avia_hidden_link_text'>Compartir en Facebook<\/span><\/a><\/li><li class='av-share-link av-social-link-twitter' ><a target=\"_blank\" aria-label=\"Compartir en Twitter\" href='https:\/\/twitter.com\/share?text=Programa%20mejoramiento%20t%C3%A9rmico%20viviendas%3A%20Sandoval%20espera%20se%20haga%20esfuerzo%20adicional%20en%20Presupuesto%202025%20para%20atender%20demanda%20insatisfecha&#038;url=https:\/\/radiorevelacionfm.cl\/?p=47654' aria-hidden='false' data-av_icon='\ue8f1' data-av_iconfont='entypo-fontello' title='' data-avia-related-tooltip='Compartir en Twitter' rel=\"noopener\"><span class='avia_hidden_link_text'>Compartir en Twitter<\/span><\/a><\/li><li class='av-share-link av-social-link-whatsapp' ><a target=\"_blank\" aria-label=\"Compartir en Whatsapp\" href='https:\/\/api.whatsapp.com\/send?text=https:\/\/radiorevelacionfm.cl\/?p=47654' aria-hidden='false' data-av_icon='\uf232' data-av_iconfont='entypo-fontello' title='' data-avia-related-tooltip='Compartir en Whatsapp' rel=\"noopener\"><span class='avia_hidden_link_text'>Compartir en Whatsapp<\/span><\/a><\/li><li class='av-share-link av-social-link-linkedin' ><a target=\"_blank\" aria-label=\"Compartir en LinkedIn\" href='https:\/\/linkedin.com\/shareArticle?mini=true&#038;title=Programa%20mejoramiento%20t%C3%A9rmico%20viviendas%3A%20Sandoval%20espera%20se%20haga%20esfuerzo%20adicional%20en%20Presupuesto%202025%20para%20atender%20demanda%20insatisfecha&#038;url=https:\/\/radiorevelacionfm.cl\/?p=47654' aria-hidden='false' data-av_icon='\ue8fc' data-av_iconfont='entypo-fontello' title='' data-avia-related-tooltip='Compartir en LinkedIn' rel=\"noopener\"><span class='avia_hidden_link_text'>Compartir en LinkedIn<\/span><\/a><\/li><li class='av-share-link av-social-link-mail' ><a  aria-label=\"Compartir por correo\" href='mailto:?subject=Programa%20mejoramiento%20t%C3%A9rmico%20viviendas%3A%20Sandoval%20espera%20se%20haga%20esfuerzo%20adicional%20en%20Presupuesto%202025%20para%20atender%20demanda%20insatisfecha&#038;body=https:\/\/radiorevelacionfm.cl\/?p=47654' aria-hidden='false' data-av_icon='\ue805' data-av_iconfont='entypo-fontello' title='' data-avia-related-tooltip='Compartir por correo'><span class='avia_hidden_link_text'>Compartir por correo<\/span><\/a><\/li><\/ul><\/div><\/div>\n<div  style='height:50px' class='hr hr-invisible   avia-builder-el-8  el_after_av_social_share  el_before_av_comments_list '><span class='hr-inner ' ><span class='hr-inner-style'><\/span><\/span><\/div>\n<div  class='av-buildercomment  av-blog-meta-html-info-disabled av-blog-meta-tag-disabled  '><\/div>\n","protected":false},"excerpt":{"rendered":"","protected":false},"author":1,"featured_media":47655,"comment_status":"open","ping_status":"open","sticky":false,"template":"","format":"standard","meta":{"footnotes":""},"categories":[35],"tags":[],"class_list":["post-47654","post","type-post","status-publish","format-standard","has-post-thumbnail","hentry","category-politica"],"jetpack_featured_media_url":"https:\/\/radiorevelacionfm.cl\/wp-content\/uploads\/2024\/11\/reunion-con-ag-de-entidades-patrocinantes-1_optimized.jpg","_links":{"self":[{"href":"https:\/\/radiorevelacionfm.cl\/index.php?rest_route=\/wp\/v2\/posts\/47654","targetHints":{"allow":["GET"]}}],"collection":[{"href":"https:\/\/radiorevelacionfm.cl\/index.php?rest_route=\/wp\/v2\/posts"}],"about":[{"href":"https:\/\/radiorevelacionfm.cl\/index.php?rest_route=\/wp\/v2\/types\/post"}],"author":[{"embeddable":true,"href":"https:\/\/radiorevelacionfm.cl\/index.php?rest_route=\/wp\/v2\/users\/1"}],"replies":[{"embeddable":true,"href":"https:\/\/radiorevelacionfm.cl\/index.php?rest_route=%2Fwp%2Fv2%2Fcomments&post=47654"}],"version-history":[{"count":1,"href":"https:\/\/radiorevelacionfm.cl\/index.php?rest_route=\/wp\/v2\/posts\/47654\/revisions"}],"predecessor-version":[{"id":47656,"href":"https:\/\/radiorevelacionfm.cl\/index.php?rest_route=\/wp\/v2\/posts\/47654\/revisions\/47656"}],"wp:featuredmedia":[{"embeddable":true,"href":"https:\/\/radiorevelacionfm.cl\/index.php?rest_route=\/wp\/v2\/media\/47655"}],"wp:attachment":[{"href":"https:\/\/radiorevelacionfm.cl\/index.php?rest_route=%2Fwp%2Fv2%2Fmedia&parent=47654"}],"wp:term":[{"taxonomy":"category","embeddable":true,"href":"https:\/\/radiorevelacionfm.cl\/index.php?rest_route=%2Fwp%2Fv2%2Fcategories&post=47654"},{"taxonomy":"post_tag","embeddable":true,"href":"https:\/\/radiorevelacionfm.cl\/index.php?rest_route=%2Fwp%2Fv2%2Ftags&post=47654"}],"curies":[{"name":"wp","href":"https:\/\/api.w.org\/{rel}","templated":true}]}}