{"id":47638,"date":"2024-11-01T22:05:31","date_gmt":"2024-11-02T01:05:31","guid":{"rendered":"https:\/\/radiorevelacionfm.cl\/?p=47638"},"modified":"2024-11-01T22:05:31","modified_gmt":"2024-11-02T01:05:31","slug":"inspirado-en-idea-de-claudio-iturra-mop-abre-concurso-para-nuevo-diseno-del-kilometro-0-de-la-carretera-austral","status":"publish","type":"post","link":"https:\/\/radiorevelacionfm.cl\/?p=47638","title":{"rendered":"Inspirado en idea de Claudio Iturra: MOP abre concurso para nuevo dise\u00f1o del Kil\u00f3metro 0 de la Carretera Austral"},"content":{"rendered":"<div class=\"flex_column av_one_full  flex_column_div av-zero-column-padding first  avia-builder-el-0  el_before_av_one_full  avia-builder-el-first  \" style='border-radius:0px; '><div  class='avia-image-container  av-styling-    avia-builder-el-1  avia-builder-el-no-sibling  avia-align-center '  itemprop=\"image\" itemscope=\"itemscope\" itemtype=\"https:\/\/schema.org\/ImageObject\"  ><div class='avia-image-container-inner'><div class='avia-image-overlay-wrap'><img decoding=\"async\" class='wp-image-47639 avia-img-lazy-loading-not-47639 avia_image' src=\"https:\/\/radiorevelacionfm.cl\/wp-content\/uploads\/2024\/11\/Claudio-Iturra-km0v1-1-1.jpg\" alt='' title='Claudio Iturra km0v1 (1) (1)' height=\"600\" width=\"1057\"  itemprop=\"thumbnailUrl\" srcset=\"https:\/\/radiorevelacionfm.cl\/wp-content\/uploads\/2024\/11\/Claudio-Iturra-km0v1-1-1.jpg 1057w, https:\/\/radiorevelacionfm.cl\/wp-content\/uploads\/2024\/11\/Claudio-Iturra-km0v1-1-1-300x170.jpg 300w, https:\/\/radiorevelacionfm.cl\/wp-content\/uploads\/2024\/11\/Claudio-Iturra-km0v1-1-1-1030x585.jpg 1030w, https:\/\/radiorevelacionfm.cl\/wp-content\/uploads\/2024\/11\/Claudio-Iturra-km0v1-1-1-768x436.jpg 768w, https:\/\/radiorevelacionfm.cl\/wp-content\/uploads\/2024\/11\/Claudio-Iturra-km0v1-1-1-705x400.jpg 705w, https:\/\/radiorevelacionfm.cl\/wp-content\/uploads\/2024\/11\/Claudio-Iturra-km0v1-1-1-450x255.jpg 450w, https:\/\/radiorevelacionfm.cl\/wp-content\/uploads\/2024\/11\/Claudio-Iturra-km0v1-1-1-600x341.jpg 600w\" sizes=\"(max-width: 1057px) 100vw, 1057px\" \/><\/div><\/div><\/div><\/div><div class=\"flex_column av_one_full  flex_column_div av-zero-column-padding first  avia-builder-el-2  el_after_av_one_full  el_before_av_one_full  column-top-margin\" style='border-radius:0px; '><section class=\"av_textblock_section \"  itemscope=\"itemscope\" itemtype=\"https:\/\/schema.org\/BlogPosting\" itemprop=\"blogPost\" ><div class='avia_textblock  '   itemprop=\"text\" ><p style=\"text-align: center;\"><strong><span style=\"font-size: 18pt;\">Inspirado en idea de Claudio Iturra: MOP abre concurso para nuevo dise\u00f1o del Kil\u00f3metro 0 de la Carretera Austral<\/span><\/strong><\/p>\n<div id=\"gtx-trans\" style=\"position: absolute; left: -50px; top: 4.31534px;\">\n<div class=\"gtx-trans-icon\"><\/div>\n<\/div>\n<\/div><\/section><\/div><div class=\"flex_column av_one_full  flex_column_div av-zero-column-padding first  avia-builder-el-4  el_after_av_one_full  el_before_av_hr  column-top-margin\" style='border-radius:0px; '><section class=\"av_textblock_section \"  itemscope=\"itemscope\" itemtype=\"https:\/\/schema.org\/BlogPosting\" itemprop=\"blogPost\" ><div class='avia_textblock  '   itemprop=\"text\" ><p style=\"text-align: justify;\">La iniciativa est\u00e1 inspirada en el aventurero Claudio Iturra y busca \u00abdar vida a un s\u00edmbolo ic\u00f3nico que capture la esencia de esta incre\u00edble ruta, que conecta Puerto Montt con Villa O&#8217;Higgins en la regi\u00f3n de Ays\u00e9n y es uno de los mayores tesoros tur\u00edsticos de nuestro pa\u00eds\u00bb.<\/p>\n<p style=\"text-align: justify;\">El Ministerio de Obras P\u00fablicas (MOP), abri\u00f3 un concurso para la creaci\u00f3n de un nuevo dise\u00f1o del Hito Kil\u00f3metro 0 de la Carretera Austral.<\/p>\n<p style=\"text-align: justify;\">La iniciativa est\u00e1 inspirada en el periodista Claudio Iturra, fallecido en mayo pasado. En medio de su programa \u201cLa ruta de la Patagonia\u201d, el reconocido aventurero pasaba por Puerto Montt y lleg\u00f3 hasta la se\u00f1al\u00e9tica del Kil\u00f3metro 0.\u00a0\u201cP\u00f3nganse las pilas la Municipalidad.\u00a0Voy a ser s\u00faper sincero, yo soy pro turismo, tirador para arriba, pero Chile tiene una de las rutas tur\u00edsticas m\u00e1s lindas del planeta, y este es el \u2018kil\u00f3metro cero\u2019\u201d.<\/p>\n<p style=\"text-align: justify;\">\u201cP\u00f3ngale un arco para que los gringos se saquen la foto. Imag\u00ednense un arco lindo que diga\u00a0\u2018Aqu\u00ed parte la Carretera Austral&#8217;\u201d, expres\u00f3.<\/p>\n<p style=\"text-align: justify;\">De ese modo es que la ministra Jessica L\u00f3pez anunci\u00f3 la apertura del concurso, que busca \u201cdar vida a un s\u00edmbolo ic\u00f3nico que capture la esencia de esta incre\u00edble ruta, que conecta Puerto Montt con Villa O\u2019Higgins y es uno de los mayores tesoros tur\u00edsticos de nuestro pa\u00eds\u201d.<\/p>\n<p style=\"text-align: justify;\">Las bases indican que podr\u00e1n participar equipos interdisciplinarios de la Regi\u00f3n de Los Lagos y\/o Ays\u00e9n, los que deber\u00e1n estar compuestos por artistas de profesi\u00f3n u oficio, dise\u00f1adores, paisajistas, estudiantes de arquitectura y otros profesionales de disciplinas afines, considerando un m\u00ednimo de tres participantes.<\/p>\n<p style=\"text-align: justify;\">Se valorar\u00e1 la inclusi\u00f3n de\u00a0talentos locales y la diversidad creativa\u00a0en la conformaci\u00f3n de los equipos.<\/p>\n<p style=\"text-align: justify;\">Las propuestas deber\u00e1n cumplir con lineamientos como creatividad, valor representativo y atractivo tur\u00edstico, pertinencia, viabilidad, sostenibilidad y resiliencia.<\/p>\n<p style=\"text-align: justify;\">De acuerdo al MOP, el espacio considerado para la instalaci\u00f3n del hito se ubica en el\u00a0Parque\u00a0Costanera de Puerto Montt, frente al muelle de Puerto Montt.<\/p>\n<p style=\"text-align: justify;\">Hay una serie de plazos definidos antes de la entrega del resultado final:<\/p>\n<p style=\"text-align: justify;\">Publicaci\u00f3n del concurso: 30 de octubre de 2024.<\/p>\n<p style=\"text-align: justify;\">Cierre de inscripciones: 30 de noviembre de 2024.<\/p>\n<p style=\"text-align: justify;\">Entrega de propuestas: 31 de enero de 2025.<\/p>\n<p style=\"text-align: justify;\">Evaluaci\u00f3n y preselecci\u00f3n: 28 de febrero de 2025.<\/p>\n<p style=\"text-align: justify;\">Votaci\u00f3n comunitaria: 21 de marzo de 2025.<\/p>\n<p style=\"text-align: justify;\">Habr\u00e1 un jurado compuesto por Seremis del MOP y Minvu de Los Lagos, adem\u00e1s de representantes de la Seremi de las Culturas, directores regionales de Vialidad, Arquitectura, Sernatur, Serviu y representantes de la Municipalidad de Puerto Montt y de Codesser, adem\u00e1s de un representante ZOIT del destino Patagonia y tambi\u00e9n de organizaciones culturales de Ays\u00e9n.<\/p>\n<p style=\"text-align: justify;\">Dichas autoridades tendr\u00e1n que preseleccionar tres proyectos, para la posterior\u00a0votaci\u00f3n de la comunidad.<\/p>\n<p style=\"text-align: justify;\">Se dar\u00e1 a conocer una\u00a0propuesta ganadora\u00a0y tambi\u00e9n\u00a0menciones honrosas.<\/p>\n<p style=\"text-align: justify;\">Cabe destacar que la propuesta \u201cdebe insertarse en un \u00e1rea aproximada de 5 x 5 metros. Si bien puede considerarse un solo elemento principal, tambi\u00e9n es factible la generaci\u00f3n de un espacio habitable, un lugar de encuentro\u201d.<\/p>\n<p style=\"text-align: justify;\">Para acceder a las bases del concurso puedes pinchar\u00a0<a href=\"https:\/\/www.mop.gob.cl\/hito-cero-de-la-ruta-7\/\">AQU\u00cd<\/a>.<\/p>\n<\/div><\/section><\/div><div  style='height:50px' class='hr hr-invisible   avia-builder-el-6  el_after_av_one_full  el_before_av_social_share '><span class='hr-inner ' ><span class='hr-inner-style'><\/span><\/span><\/div><\/p>\n<div  class='av-social-sharing-box  avia-builder-el-7  el_after_av_hr  el_before_av_hr  '><div class='av-share-box'><h5 class='av-share-link-description av-no-toc '>Compartir esta noticia<\/h5><ul class='av-share-box-list noLightbox'><li class='av-share-link av-social-link-facebook' ><a target=\"_blank\" aria-label=\"Compartir en Facebook\" href='https:\/\/www.facebook.com\/sharer.php?u=https:\/\/radiorevelacionfm.cl\/?p=47638&#038;t=Inspirado%20en%20idea%20de%20Claudio%20Iturra%3A%20MOP%20abre%20concurso%20para%20nuevo%20dise%C3%B1o%20del%20Kil%C3%B3metro%200%20de%20la%20Carretera%20Austral' aria-hidden='false' data-av_icon='\ue8f3' data-av_iconfont='entypo-fontello' title='' data-avia-related-tooltip='Compartir en Facebook' rel=\"noopener\"><span class='avia_hidden_link_text'>Compartir en Facebook<\/span><\/a><\/li><li class='av-share-link av-social-link-twitter' ><a target=\"_blank\" aria-label=\"Compartir en Twitter\" href='https:\/\/twitter.com\/share?text=Inspirado%20en%20idea%20de%20Claudio%20Iturra%3A%20MOP%20abre%20concurso%20para%20nuevo%20dise%C3%B1o%20del%20Kil%C3%B3metro%200%20de%20la%20Carretera%20Austral&#038;url=https:\/\/radiorevelacionfm.cl\/?p=47638' aria-hidden='false' data-av_icon='\ue8f1' data-av_iconfont='entypo-fontello' title='' data-avia-related-tooltip='Compartir en Twitter' rel=\"noopener\"><span class='avia_hidden_link_text'>Compartir en Twitter<\/span><\/a><\/li><li class='av-share-link av-social-link-whatsapp' ><a target=\"_blank\" aria-label=\"Compartir en Whatsapp\" href='https:\/\/api.whatsapp.com\/send?text=https:\/\/radiorevelacionfm.cl\/?p=47638' aria-hidden='false' data-av_icon='\uf232' data-av_iconfont='entypo-fontello' title='' data-avia-related-tooltip='Compartir en Whatsapp' rel=\"noopener\"><span class='avia_hidden_link_text'>Compartir en Whatsapp<\/span><\/a><\/li><li class='av-share-link av-social-link-linkedin' ><a target=\"_blank\" aria-label=\"Compartir en LinkedIn\" href='https:\/\/linkedin.com\/shareArticle?mini=true&#038;title=Inspirado%20en%20idea%20de%20Claudio%20Iturra%3A%20MOP%20abre%20concurso%20para%20nuevo%20dise%C3%B1o%20del%20Kil%C3%B3metro%200%20de%20la%20Carretera%20Austral&#038;url=https:\/\/radiorevelacionfm.cl\/?p=47638' aria-hidden='false' data-av_icon='\ue8fc' data-av_iconfont='entypo-fontello' title='' data-avia-related-tooltip='Compartir en LinkedIn' rel=\"noopener\"><span class='avia_hidden_link_text'>Compartir en LinkedIn<\/span><\/a><\/li><li class='av-share-link av-social-link-mail' ><a  aria-label=\"Compartir por correo\" href='mailto:?subject=Inspirado%20en%20idea%20de%20Claudio%20Iturra%3A%20MOP%20abre%20concurso%20para%20nuevo%20dise%C3%B1o%20del%20Kil%C3%B3metro%200%20de%20la%20Carretera%20Austral&#038;body=https:\/\/radiorevelacionfm.cl\/?p=47638' aria-hidden='false' data-av_icon='\ue805' data-av_iconfont='entypo-fontello' title='' data-avia-related-tooltip='Compartir por correo'><span class='avia_hidden_link_text'>Compartir por correo<\/span><\/a><\/li><\/ul><\/div><\/div>\n<div  style='height:50px' class='hr hr-invisible   avia-builder-el-8  el_after_av_social_share  el_before_av_comments_list '><span class='hr-inner ' ><span class='hr-inner-style'><\/span><\/span><\/div>\n<div  class='av-buildercomment  av-blog-meta-html-info-disabled av-blog-meta-tag-disabled  '><\/div>\n","protected":false},"excerpt":{"rendered":"","protected":false},"author":1,"featured_media":47639,"comment_status":"open","ping_status":"open","sticky":false,"template":"","format":"standard","meta":{"footnotes":""},"categories":[61],"tags":[],"class_list":["post-47638","post","type-post","status-publish","format-standard","has-post-thumbnail","hentry","category-nacional"],"jetpack_featured_media_url":"https:\/\/radiorevelacionfm.cl\/wp-content\/uploads\/2024\/11\/Claudio-Iturra-km0v1-1-1.jpg","_links":{"self":[{"href":"https:\/\/radiorevelacionfm.cl\/index.php?rest_route=\/wp\/v2\/posts\/47638","targetHints":{"allow":["GET"]}}],"collection":[{"href":"https:\/\/radiorevelacionfm.cl\/index.php?rest_route=\/wp\/v2\/posts"}],"about":[{"href":"https:\/\/radiorevelacionfm.cl\/index.php?rest_route=\/wp\/v2\/types\/post"}],"author":[{"embeddable":true,"href":"https:\/\/radiorevelacionfm.cl\/index.php?rest_route=\/wp\/v2\/users\/1"}],"replies":[{"embeddable":true,"href":"https:\/\/radiorevelacionfm.cl\/index.php?rest_route=%2Fwp%2Fv2%2Fcomments&post=47638"}],"version-history":[{"count":1,"href":"https:\/\/radiorevelacionfm.cl\/index.php?rest_route=\/wp\/v2\/posts\/47638\/revisions"}],"predecessor-version":[{"id":47640,"href":"https:\/\/radiorevelacionfm.cl\/index.php?rest_route=\/wp\/v2\/posts\/47638\/revisions\/47640"}],"wp:featuredmedia":[{"embeddable":true,"href":"https:\/\/radiorevelacionfm.cl\/index.php?rest_route=\/wp\/v2\/media\/47639"}],"wp:attachment":[{"href":"https:\/\/radiorevelacionfm.cl\/index.php?rest_route=%2Fwp%2Fv2%2Fmedia&parent=47638"}],"wp:term":[{"taxonomy":"category","embeddable":true,"href":"https:\/\/radiorevelacionfm.cl\/index.php?rest_route=%2Fwp%2Fv2%2Fcategories&post=47638"},{"taxonomy":"post_tag","embeddable":true,"href":"https:\/\/radiorevelacionfm.cl\/index.php?rest_route=%2Fwp%2Fv2%2Ftags&post=47638"}],"curies":[{"name":"wp","href":"https:\/\/api.w.org\/{rel}","templated":true}]}}