{"id":47621,"date":"2024-11-01T15:25:48","date_gmt":"2024-11-01T18:25:48","guid":{"rendered":"https:\/\/radiorevelacionfm.cl\/?p=47621"},"modified":"2024-11-01T15:25:48","modified_gmt":"2024-11-01T18:25:48","slug":"videos-confirman-que-ballena-que-aparecio-muerta-cerca-de-centro-salmonero-en-parque-nacional-estuvo-dias-nadando-entre-las-balsas-jaula","status":"publish","type":"post","link":"https:\/\/radiorevelacionfm.cl\/?p=47621","title":{"rendered":"Videos confirman que ballena que apareci\u00f3 muerta cerca de centro salmonero en parque nacional estuvo d\u00edas nadando entre las balsas jaula"},"content":{"rendered":"<div class=\"flex_column av_one_full  flex_column_div av-zero-column-padding first  avia-builder-el-0  el_before_av_one_full  avia-builder-el-first  \" style='border-radius:0px; '><div  class='avia-image-container  av-styling-    avia-builder-el-1  avia-builder-el-no-sibling  avia-align-center '  itemprop=\"image\" itemscope=\"itemscope\" itemtype=\"https:\/\/schema.org\/ImageObject\"  ><div class='avia-image-container-inner'><div class='avia-image-overlay-wrap'><img decoding=\"async\" class='wp-image-47624 avia-img-lazy-loading-not-47624 avia_image' src=\"https:\/\/radiorevelacionfm.cl\/wp-content\/uploads\/2024\/11\/Ballena-PN-1-1-1.jpg\" alt='' title='Ballena PN (1) (1)' height=\"714\" width=\"801\"  itemprop=\"thumbnailUrl\" srcset=\"https:\/\/radiorevelacionfm.cl\/wp-content\/uploads\/2024\/11\/Ballena-PN-1-1-1.jpg 801w, https:\/\/radiorevelacionfm.cl\/wp-content\/uploads\/2024\/11\/Ballena-PN-1-1-1-300x267.jpg 300w, https:\/\/radiorevelacionfm.cl\/wp-content\/uploads\/2024\/11\/Ballena-PN-1-1-1-768x685.jpg 768w, https:\/\/radiorevelacionfm.cl\/wp-content\/uploads\/2024\/11\/Ballena-PN-1-1-1-705x628.jpg 705w, https:\/\/radiorevelacionfm.cl\/wp-content\/uploads\/2024\/11\/Ballena-PN-1-1-1-450x401.jpg 450w, https:\/\/radiorevelacionfm.cl\/wp-content\/uploads\/2024\/11\/Ballena-PN-1-1-1-600x535.jpg 600w\" sizes=\"(max-width: 801px) 100vw, 801px\" \/><\/div><\/div><\/div><\/div><div class=\"flex_column av_one_full  flex_column_div av-zero-column-padding first  avia-builder-el-2  el_after_av_one_full  el_before_av_one_full  column-top-margin\" style='border-radius:0px; '><section class=\"av_textblock_section \"  itemscope=\"itemscope\" itemtype=\"https:\/\/schema.org\/BlogPosting\" itemprop=\"blogPost\" ><div class='avia_textblock  '   itemprop=\"text\" ><p style=\"text-align: center;\"><span style=\"font-size: 18pt;\"><b><span lang=\"ES-TRAD\">Videos confirman que ballena que apareci\u00f3 muerta cerca de centro salmonero en parque nacional estuvo d\u00edas nadando entre las balsas jaula<span class=\"v1gmail-Apple-converted-space\">\u00a0<\/span><\/span><\/b><\/span><\/p>\n<div id=\"gtx-trans\" style=\"position: absolute; left: -50px; top: 4.31534px;\">\n<div class=\"gtx-trans-icon\"><\/div>\n<\/div>\n<\/div><\/section><\/div><div class=\"flex_column av_one_full  flex_column_div av-zero-column-padding first  avia-builder-el-4  el_after_av_one_full  el_before_av_hr  column-top-margin\" style='border-radius:0px; '><section class=\"av_textblock_section \"  itemscope=\"itemscope\" itemtype=\"https:\/\/schema.org\/BlogPosting\" itemprop=\"blogPost\" ><div class='avia_textblock  '   itemprop=\"text\" ><p class=\"v1gmail-MsoListParagraph\" style=\"text-align: justify;\"><em><span lang=\"ES-TRAD\">Permanec\u00eda en el \u00e1rea donde la canadiense Cooke Aquaculture Chile S.A. mantiene varias concesiones acu\u00edcolas, algunas sin operaci\u00f3n ni supervisi\u00f3n, como el caso de \u00abHuillines 3\u00bb que es donde se encontr\u00f3 el cet\u00e1ceo y que se ubica al interior del Parque Nacional Laguna San Rafael.<\/span><\/em><\/p>\n<p class=\"v1MsoNormal\" style=\"text-align: justify;\"><span lang=\"ES-TRAD\">Una semana antes de<span class=\"v1gmail-Apple-converted-space\">\u00a0<\/span><a href=\"https:\/\/www.patagonjournal.com\/index.php?option=com_content&amp;view=article&amp;id=4535%3Ahumpback-whale-found-dead-near-salmon-farm-inside-laguna-san-rafael-national-park&amp;catid=78%3Amedioambiente&amp;Itemid=268&amp;lang=es\" target=\"_blank\" rel=\"noopener noreferrer\">aparecer su cuerpo al lado de un centro salmonero<\/a><span class=\"v1gmail-Apple-converted-space\">\u00a0<\/span>al interior del Parque Nacional Laguna San Rafael, en la regi\u00f3n de Ays\u00e9n, la ballena jorobada ya hab\u00eda sido vista con vida alrededor de las jaulas acu\u00edcolas que Cooke Aquaculture Chile S.A. mantiene en el \u00e1rea. En un registro audiovisual fechado el 20 de octubre, compartido por un tour operador que realiza el trayecto entre Bah\u00eda Exploradores y la laguna San Rafael, es posible apreciar al cet\u00e1ceo nadando a la altura de la desembocadura del r\u00edo Exploradores, donde la empresa canadiense mantiene los centros<span class=\"v1gmail-Apple-converted-space\">\u00a0<\/span><a href=\"https:\/\/www.google.cl\/maps\/place\/46%C2%B017'15.6%22S+73%C2%B032'08.2%22W\/@-46.2876739,-73.5404699,658m\/data=!3m2!1e3!4b1!4m12!1m7!3m6!1s0xbd8df0d128a7fa0d:0x9f7d84aa9aad99b3!2sEstero+Cupquel%C3%A1n!8m2!3d-46.1605335!4d-73.4952288!16s%2Fg%2F11c3w982y1!3m3!8m2!3d-46.287674!4d-73.535599?entry=ttu&amp;g_ep=EgoyMDI0MTAyOS4wIKXMDSoASAFQAw%3D%3D\" target=\"_blank\" rel=\"noopener noreferrer\">Punta Caldera<\/a><span class=\"v1gmail-Apple-converted-space\">\u00a0<\/span>y<span class=\"v1gmail-Apple-converted-space\">\u00a0<\/span><a href=\"https:\/\/www.google.cl\/maps\/place\/46%C2%B017'04.1%22S+73%C2%B030'05.3%22W\/@-46.284473,-73.5021227,164m\/data=!3m2!1e3!4b1!4m4!3m3!8m2!3d-46.284473!4d-73.501479?entry=ttu&amp;g_ep=EgoyMDI0MTAyOS4wIKXMDSoASAFQAw%3D%3D\" target=\"_blank\" rel=\"noopener noreferrer\">R\u00edo Claro 05<\/a>. Las instalaciones del video corresponden a esta \u00faltima.<\/span><\/p>\n<p class=\"v1MsoNormal\" style=\"text-align: justify;\"><span lang=\"ES-TRAD\">El caso ha generado diversas reacciones a nivel nacional: el<span class=\"v1gmail-Apple-converted-space\">\u00a0<\/span><a href=\"https:\/\/www.emol.com\/noticias\/Nacional\/2024\/10\/31\/1147255\/medioambiente-denuncia-muerte-ballenas-jorobadas.html\" target=\"_blank\" rel=\"noopener noreferrer\">Ministerio del Medio Ambiente present\u00f3 la denuncia ante el Ministerio P\u00fablico<\/a><span class=\"v1gmail-Apple-converted-space\">\u00a0<\/span>y el<span class=\"v1gmail-Apple-converted-space\">\u00a0<\/span><a href=\"https:\/\/www.instagram.com\/sernapesca\/p\/DBy7qsnO3Vz\/?img_index=1\" target=\"_blank\" rel=\"noopener noreferrer\">Servicio Nacional de Pesca iniciar\u00e1 una investigaci\u00f3n ad hoc<\/a>, confirmando que se trata de un macho de 12 metros. La Superintendencia del Medio Ambiente, en tanto,<span class=\"v1gmail-Apple-converted-space\">\u00a0<\/span><a href=\"https:\/\/radio45sur.cl\/2024\/10\/31\/sma-solicita-informacion-a-australis-y-cooke-aquaculture-tras-muerte-de-ballenas-jorobadas-en-magallanes-y-aysen\/\" target=\"_blank\" rel=\"noopener noreferrer\">solicit\u00f3 antecedentes<\/a><span class=\"v1gmail-Apple-converted-space\">\u00a0<\/span>a la empresa titular de la concesi\u00f3n acu\u00edcola.<\/span><\/p>\n<p class=\"v1MsoNormal\" style=\"text-align: justify;\"><span lang=\"ES-TRAD\">La gravedad del hecho se ha amplificado producto de coincidir con un<span class=\"v1gmail-Apple-converted-space\">\u00a0<\/span><a href=\"https:\/\/cooperativa.cl\/noticias\/pais\/medioambiente\/animales\/conaf-y-ecologistas-en-alerta-tras-aparicion-de-ballena-muerta-en-la\/2024-10-30\/192220.html\" target=\"_blank\" rel=\"noopener noreferrer\">hallazgo similar en Magallanes<\/a>, en la reserva nacional Kaw\u00e9sqar, donde la ballena estaba \u00abpresuntamente\u00bb enmallada. Tal concesi\u00f3n (Gamero 1) pertenece a Salmones Islas del Sur S.A., filial de Mar Australis, en el Seno Glacier.<\/span><\/p>\n<p class=\"v1MsoNormal\" style=\"text-align: justify;\">\u00abE<span lang=\"ES-TRAD\">speramos que estos hechos se investiguen con la mayor celeridad y con la mayor rigurosidad.\u00a0<span class=\"v1gmail-Apple-converted-space\">\u00a0<\/span>Si bien en este minuto no es posible aseverar a ciencia cierta una causa de la muerte de estos cet\u00e1ceos, ciertamente que aparezcan ballenas muertas de manera reiterada en zonas aleda\u00f1as a centros de cultivo de salm\u00f3n es una, comillas, casualidad que necesariamente debe investigarse y despejarse<\/span><span lang=\"ES-TRAD\">\u00bb se\u00f1al\u00f3 al respecto el presidente de la Corporaci\u00f3n Privada para el Desarrollo de Ays\u00e9n (CODESA),<span class=\"v1gmail-Apple-converted-space\">\u00a0<\/span>Erwin Sandoval Gallardo. La organizaci\u00f3n es parte en una investigaci\u00f3n que impulsa la SMA contra Cooke Aquaculture Chile por sobreproducci\u00f3n en el centro \u00abHuillines 3\u00bb, adem\u00e1s de \u00abHuillines 2\u00bb, ambos dentro de un \u00e1rea puesta bajo protecci\u00f3n ambiental como el Parque Nacional Laguna San Rafael.<\/span><\/p>\n<p class=\"v1MsoNormal\" style=\"text-align: justify;\">Agreg\u00f3 que \u00ab<span lang=\"ES-TRAD\">esperamos que estos antecedentes sean debidamente considerados y ponderados por la SMA en el marco de procedimientos sancionatorios que actualmente lleva adelante en contra de Cooke por la operaci\u00f3n de sus centros de cultivo al interior del parque, que generan severos impactos ambientales en un \u00e1rea de alt\u00edsimo valor ambiental y de biodiversidad. Es por ello que en el marco de la Ley Org\u00e1nica de la Superintendencia del Medio Ambiente esperamos que las infracciones cometidas por la empresa sean calificadas como grav\u00edsima, y que el procedimiento sancionatorio culmine con el retiro de los permisos ambientales de estos centros de cultivo en particular<\/span><span lang=\"ES-TRAD\">\u00ab.<\/span><\/p>\n<p class=\"v1MsoNormal\" style=\"text-align: justify;\"><span lang=\"ES-TRAD\">Por su parte, el director de Codeff Ays\u00e9n y presidente de la Agrupaci\u00f3n Ays\u00e9n Reserva de Vida,<span class=\"v1gmail-Apple-converted-space\">\u00a0<\/span>Peter Hartmann Samhaber, lament\u00f3 \u00abla muerte de la ballena al lado del centro &#8216;Huillines 3&#8217;, donde no debiera haber salmoneras que est\u00e1n ilegales\u00bb. Unos d\u00edas antes el dirigente hab\u00eda sido parte de una delegaci\u00f3n que recorri\u00f3 el sector, donde \u00abvimos el resoplido de la ballena, junto a los restos de ese centro lleno de t\u00f3xicos y qu\u00edmicos. Seg\u00fan operadores tur\u00edsticos que la vieron muerta dicen que ten\u00eda heridas. Ser\u00eda bueno que alguien revise aquello y que no sea s\u00f3lo la empresa, porque la institucionalidad se demora un siglo en llegar a estos lugares y les est\u00e1 preguntando a Cooke, que no creo vaya a decir lo que realmente ocurre\u00bb.\u00a0La idea es \u00abque la institucionalidad se mueva pronto, antes de que ya no sea revisable y no nos vengan otra vez con la disculpa de que eso es un cementerio de ballenas como lo hicieron con la ballena que est\u00e1 en la laguna San Rafael, muerta\u00bb.<\/span><\/p>\n<p class=\"v1MsoNormal\" style=\"text-align: justify;\"><span lang=\"ES-TRAD\">CODESA, la Agrupaci\u00f3n Ays\u00e9n Reserva de Vida y Codeff son parte de<span class=\"v1gmail-Apple-converted-space\">\u00a0<\/span>Alianza por la Defensa de las \u00c1reas Protegidas, que impulsa la salida de los centros de cultivo de las \u00e1reas protegidas, sin relocalizaci\u00f3n, bajo el alero de la campa\u00f1a<span class=\"v1gmail-Apple-converted-space\">\u00a0<\/span>\u00ab\u00a1Salvemos la Patagonia!\u00bb. La ofensiva re\u00fane a m\u00e1s de 40 organizaciones de Los Lagos, Ays\u00e9n y Magallanes, entre otras del resto del pa\u00eds y el extranjero.<\/span><\/p>\n<\/div><\/section><\/div><div  style='height:50px' class='hr hr-invisible   avia-builder-el-6  el_after_av_one_full  el_before_av_social_share '><span class='hr-inner ' ><span class='hr-inner-style'><\/span><\/span><\/div><\/p>\n<div  class='av-social-sharing-box  avia-builder-el-7  el_after_av_hr  el_before_av_hr  '><div class='av-share-box'><h5 class='av-share-link-description av-no-toc '>Compartir esta noticia<\/h5><ul class='av-share-box-list noLightbox'><li class='av-share-link av-social-link-facebook' ><a target=\"_blank\" aria-label=\"Compartir en Facebook\" href='https:\/\/www.facebook.com\/sharer.php?u=https:\/\/radiorevelacionfm.cl\/?p=47621&#038;t=Videos%20confirman%20que%20ballena%20que%20apareci%C3%B3%20muerta%20cerca%20de%20centro%20salmonero%20en%20parque%20nacional%20estuvo%20d%C3%ADas%20nadando%20entre%20las%20balsas%20jaula' aria-hidden='false' data-av_icon='\ue8f3' data-av_iconfont='entypo-fontello' title='' data-avia-related-tooltip='Compartir en Facebook' rel=\"noopener\"><span class='avia_hidden_link_text'>Compartir en Facebook<\/span><\/a><\/li><li class='av-share-link av-social-link-twitter' ><a target=\"_blank\" aria-label=\"Compartir en Twitter\" href='https:\/\/twitter.com\/share?text=Videos%20confirman%20que%20ballena%20que%20apareci%C3%B3%20muerta%20cerca%20de%20centro%20salmonero%20en%20parque%20nacional%20estuvo%20d%C3%ADas%20nadando%20entre%20las%20balsas%20jaula&#038;url=https:\/\/radiorevelacionfm.cl\/?p=47621' aria-hidden='false' data-av_icon='\ue8f1' data-av_iconfont='entypo-fontello' title='' data-avia-related-tooltip='Compartir en Twitter' rel=\"noopener\"><span class='avia_hidden_link_text'>Compartir en Twitter<\/span><\/a><\/li><li class='av-share-link av-social-link-whatsapp' ><a target=\"_blank\" aria-label=\"Compartir en Whatsapp\" href='https:\/\/api.whatsapp.com\/send?text=https:\/\/radiorevelacionfm.cl\/?p=47621' aria-hidden='false' data-av_icon='\uf232' data-av_iconfont='entypo-fontello' title='' data-avia-related-tooltip='Compartir en Whatsapp' rel=\"noopener\"><span class='avia_hidden_link_text'>Compartir en Whatsapp<\/span><\/a><\/li><li class='av-share-link av-social-link-linkedin' ><a target=\"_blank\" aria-label=\"Compartir en LinkedIn\" href='https:\/\/linkedin.com\/shareArticle?mini=true&#038;title=Videos%20confirman%20que%20ballena%20que%20apareci%C3%B3%20muerta%20cerca%20de%20centro%20salmonero%20en%20parque%20nacional%20estuvo%20d%C3%ADas%20nadando%20entre%20las%20balsas%20jaula&#038;url=https:\/\/radiorevelacionfm.cl\/?p=47621' aria-hidden='false' data-av_icon='\ue8fc' data-av_iconfont='entypo-fontello' title='' data-avia-related-tooltip='Compartir en LinkedIn' rel=\"noopener\"><span class='avia_hidden_link_text'>Compartir en LinkedIn<\/span><\/a><\/li><li class='av-share-link av-social-link-mail' ><a  aria-label=\"Compartir por correo\" href='mailto:?subject=Videos%20confirman%20que%20ballena%20que%20apareci%C3%B3%20muerta%20cerca%20de%20centro%20salmonero%20en%20parque%20nacional%20estuvo%20d%C3%ADas%20nadando%20entre%20las%20balsas%20jaula&#038;body=https:\/\/radiorevelacionfm.cl\/?p=47621' aria-hidden='false' data-av_icon='\ue805' data-av_iconfont='entypo-fontello' title='' data-avia-related-tooltip='Compartir por correo'><span class='avia_hidden_link_text'>Compartir por correo<\/span><\/a><\/li><\/ul><\/div><\/div>\n<div  style='height:50px' class='hr hr-invisible   avia-builder-el-8  el_after_av_social_share  el_before_av_comments_list '><span class='hr-inner ' ><span class='hr-inner-style'><\/span><\/span><\/div>\n<div  class='av-buildercomment  av-blog-meta-html-info-disabled av-blog-meta-tag-disabled  '><\/div>\n","protected":false},"excerpt":{"rendered":"","protected":false},"author":1,"featured_media":47624,"comment_status":"open","ping_status":"open","sticky":false,"template":"","format":"standard","meta":{"footnotes":""},"categories":[38],"tags":[],"class_list":["post-47621","post","type-post","status-publish","format-standard","has-post-thumbnail","hentry","category-regional"],"jetpack_featured_media_url":"https:\/\/radiorevelacionfm.cl\/wp-content\/uploads\/2024\/11\/Ballena-PN-1-1-1.jpg","_links":{"self":[{"href":"https:\/\/radiorevelacionfm.cl\/index.php?rest_route=\/wp\/v2\/posts\/47621","targetHints":{"allow":["GET"]}}],"collection":[{"href":"https:\/\/radiorevelacionfm.cl\/index.php?rest_route=\/wp\/v2\/posts"}],"about":[{"href":"https:\/\/radiorevelacionfm.cl\/index.php?rest_route=\/wp\/v2\/types\/post"}],"author":[{"embeddable":true,"href":"https:\/\/radiorevelacionfm.cl\/index.php?rest_route=\/wp\/v2\/users\/1"}],"replies":[{"embeddable":true,"href":"https:\/\/radiorevelacionfm.cl\/index.php?rest_route=%2Fwp%2Fv2%2Fcomments&post=47621"}],"version-history":[{"count":1,"href":"https:\/\/radiorevelacionfm.cl\/index.php?rest_route=\/wp\/v2\/posts\/47621\/revisions"}],"predecessor-version":[{"id":47625,"href":"https:\/\/radiorevelacionfm.cl\/index.php?rest_route=\/wp\/v2\/posts\/47621\/revisions\/47625"}],"wp:featuredmedia":[{"embeddable":true,"href":"https:\/\/radiorevelacionfm.cl\/index.php?rest_route=\/wp\/v2\/media\/47624"}],"wp:attachment":[{"href":"https:\/\/radiorevelacionfm.cl\/index.php?rest_route=%2Fwp%2Fv2%2Fmedia&parent=47621"}],"wp:term":[{"taxonomy":"category","embeddable":true,"href":"https:\/\/radiorevelacionfm.cl\/index.php?rest_route=%2Fwp%2Fv2%2Fcategories&post=47621"},{"taxonomy":"post_tag","embeddable":true,"href":"https:\/\/radiorevelacionfm.cl\/index.php?rest_route=%2Fwp%2Fv2%2Ftags&post=47621"}],"curies":[{"name":"wp","href":"https:\/\/api.w.org\/{rel}","templated":true}]}}