{"id":47613,"date":"2024-10-31T21:44:42","date_gmt":"2024-11-01T00:44:42","guid":{"rendered":"https:\/\/radiorevelacionfm.cl\/?p=47613"},"modified":"2024-10-31T21:44:42","modified_gmt":"2024-11-01T00:44:42","slug":"coyhaique-desvinculan-a-funcionario-municipal-que-fue-formalizado-por-violencia-intrafamiliar","status":"publish","type":"post","link":"https:\/\/radiorevelacionfm.cl\/?p=47613","title":{"rendered":"Coyhaique: Desvinculan a funcionario municipal que fue formalizado por violencia intrafamiliar"},"content":{"rendered":"<div class=\"flex_column av_one_full  flex_column_div av-zero-column-padding first  avia-builder-el-0  el_before_av_one_full  avia-builder-el-first  \" style='border-radius:0px; '><div  class='avia-image-container  av-styling-    avia-builder-el-1  avia-builder-el-no-sibling  avia-align-center '  itemprop=\"image\" itemscope=\"itemscope\" itemtype=\"https:\/\/schema.org\/ImageObject\"  ><div class='avia-image-container-inner'><div class='avia-image-overlay-wrap'><img decoding=\"async\" class='wp-image-47614 avia-img-lazy-loading-not-47614 avia_image' src=\"https:\/\/radiorevelacionfm.cl\/wp-content\/uploads\/2024\/10\/Violencia-Intrafamiliar-1-1.jpg\" alt='' title='Violencia Intrafamiliar (1) (1)' height=\"600\" width=\"1000\"  itemprop=\"thumbnailUrl\" srcset=\"https:\/\/radiorevelacionfm.cl\/wp-content\/uploads\/2024\/10\/Violencia-Intrafamiliar-1-1.jpg 1000w, https:\/\/radiorevelacionfm.cl\/wp-content\/uploads\/2024\/10\/Violencia-Intrafamiliar-1-1-300x180.jpg 300w, https:\/\/radiorevelacionfm.cl\/wp-content\/uploads\/2024\/10\/Violencia-Intrafamiliar-1-1-768x461.jpg 768w, https:\/\/radiorevelacionfm.cl\/wp-content\/uploads\/2024\/10\/Violencia-Intrafamiliar-1-1-705x423.jpg 705w, https:\/\/radiorevelacionfm.cl\/wp-content\/uploads\/2024\/10\/Violencia-Intrafamiliar-1-1-450x270.jpg 450w, https:\/\/radiorevelacionfm.cl\/wp-content\/uploads\/2024\/10\/Violencia-Intrafamiliar-1-1-600x360.jpg 600w\" sizes=\"(max-width: 1000px) 100vw, 1000px\" \/><\/div><\/div><\/div><\/div><div class=\"flex_column av_one_full  flex_column_div av-zero-column-padding first  avia-builder-el-2  el_after_av_one_full  el_before_av_one_full  column-top-margin\" style='border-radius:0px; '><section class=\"av_textblock_section \"  itemscope=\"itemscope\" itemtype=\"https:\/\/schema.org\/BlogPosting\" itemprop=\"blogPost\" ><div class='avia_textblock  '   itemprop=\"text\" ><p style=\"text-align: center;\"><strong><span style=\"font-size: 18pt;\">Coyhaique: Desvinculan a funcionario municipal que fue formalizado por violencia intrafamiliar<\/span><\/strong><\/p>\n<div id=\"gtx-trans\" style=\"position: absolute; left: -50px; top: 4.31534px;\">\n<div class=\"gtx-trans-icon\"><\/div>\n<\/div>\n<\/div><\/section><\/div><div class=\"flex_column av_one_full  flex_column_div av-zero-column-padding first  avia-builder-el-4  el_after_av_one_full  el_before_av_hr  column-top-margin\" style='border-radius:0px; '><section class=\"av_textblock_section \"  itemscope=\"itemscope\" itemtype=\"https:\/\/schema.org\/BlogPosting\" itemprop=\"blogPost\" ><div class='avia_textblock  '   itemprop=\"text\" ><p style=\"text-align: justify;\">Este jueves 31 se formaliz\u00f3 la investigaci\u00f3n contra un funcionario de la Municipalidad de Coyhaique que hab\u00eda sido detenido en horas previas por femicidio frustrado en contra de su esposa.<\/p>\n<p style=\"text-align: justify;\">Seg\u00fan inform\u00f3 el fiscal subrogante, Mat\u00edas Manzano, la mujer lleg\u00f3 al hogar que comparte con su esposo y lo encontr\u00f3 en estado de ebriedad. Posteriormente el sujeto agredi\u00f3 a su c\u00f3nyuge al propinarle golpes en el rostro y arrojarla sobre la cama para ahorcarla.<\/p>\n<p style=\"text-align: justify;\">\u201cPor el forcejeo la v\u00edctima acus\u00f3 lesiones en sus manos y el ment\u00f3n, por lo que el Ministerio P\u00fablico solicit\u00f3 la formalizaci\u00f3n por el delito de lesiones menos graves en el contexto de violencia intrafamiliar\u201d, indic\u00f3 el fiscal.<\/p>\n<div id=\"temp_home_center\" class=\"cont_dstemp\" style=\"text-align: justify;\" data-sector=\"7\">\n<section class=\"cont-section\">\n<div class=\"col-12 mb-4 text-center banner-desktop t_banner avfr_2_9 tp- mdl_7\">\n<div id=\"Inread\" class=\"col-12 text-center\">Manzano a\u00f1adi\u00f3 que se otorg\u00f3 un plazo de 60 d\u00edas para la investigaci\u00f3n, m\u00e1s la medida cautelar al imputado de abandono del hogar y prohibici\u00f3n de acercarse a la v\u00edctima durante el tiempo que dure la investigaci\u00f3n.<\/div>\n<div><\/div>\n<\/div>\n<\/section>\n<\/div>\n<div style=\"text-align: justify;\">Tras conocer la situaci\u00f3n, el alcalde de la comuna de Coyhaique, Carlos Gatica, orden\u00f3 la destituci\u00f3n inmediata del funcionario. \u00abNo vamos a tolerar este tipo de conductas de ning\u00fan funcionario municipal y es en ese contexto que hemos decidido apartarlo de sus funciones\u00bb, se\u00f1al\u00f3.<\/div>\n<div id=\"temp_home_center\" class=\"cont_dstemp\" data-sector=\"7\">\n<section class=\"cont-section\">\n<div class=\"col-12 mb-4 text-center banner-desktop t_banner avfr_2_9 tp- mdl_7\">\n<p style=\"text-align: justify;\">Por su parte, el Servicio Nacional de la Mujer y Equidad de G\u00e9nero Regional (SernamEG), contact\u00f3 a la v\u00edctima, quien manifest\u00f3 la intenci\u00f3n de recibir apoyo psicosocial y\u00a0 jur\u00eddico.<\/p>\n<p style=\"text-align: justify;\">Durante los pr\u00f3ximos d\u00edas, la instituci\u00f3n evaluar\u00e1 las acciones que se tomar\u00e1n respecto al caso.<\/p>\n<\/div>\n<\/section>\n<\/div>\n<\/div><\/section><\/div><div  style='height:50px' class='hr hr-invisible   avia-builder-el-6  el_after_av_one_full  el_before_av_social_share '><span class='hr-inner ' ><span class='hr-inner-style'><\/span><\/span><\/div><\/p>\n<div  class='av-social-sharing-box  avia-builder-el-7  el_after_av_hr  el_before_av_hr  '><div class='av-share-box'><h5 class='av-share-link-description av-no-toc '>Compartir esta noticia<\/h5><ul class='av-share-box-list noLightbox'><li class='av-share-link av-social-link-facebook' ><a target=\"_blank\" aria-label=\"Compartir en Facebook\" href='https:\/\/www.facebook.com\/sharer.php?u=https:\/\/radiorevelacionfm.cl\/?p=47613&#038;t=Coyhaique%3A%20Desvinculan%20a%20funcionario%20municipal%20que%20fue%20formalizado%20por%20violencia%20intrafamiliar' aria-hidden='false' data-av_icon='\ue8f3' data-av_iconfont='entypo-fontello' title='' data-avia-related-tooltip='Compartir en Facebook' rel=\"noopener\"><span class='avia_hidden_link_text'>Compartir en Facebook<\/span><\/a><\/li><li class='av-share-link av-social-link-twitter' ><a target=\"_blank\" aria-label=\"Compartir en Twitter\" href='https:\/\/twitter.com\/share?text=Coyhaique%3A%20Desvinculan%20a%20funcionario%20municipal%20que%20fue%20formalizado%20por%20violencia%20intrafamiliar&#038;url=https:\/\/radiorevelacionfm.cl\/?p=47613' aria-hidden='false' data-av_icon='\ue8f1' data-av_iconfont='entypo-fontello' title='' data-avia-related-tooltip='Compartir en Twitter' rel=\"noopener\"><span class='avia_hidden_link_text'>Compartir en Twitter<\/span><\/a><\/li><li class='av-share-link av-social-link-whatsapp' ><a target=\"_blank\" aria-label=\"Compartir en Whatsapp\" href='https:\/\/api.whatsapp.com\/send?text=https:\/\/radiorevelacionfm.cl\/?p=47613' aria-hidden='false' data-av_icon='\uf232' data-av_iconfont='entypo-fontello' title='' data-avia-related-tooltip='Compartir en Whatsapp' rel=\"noopener\"><span class='avia_hidden_link_text'>Compartir en Whatsapp<\/span><\/a><\/li><li class='av-share-link av-social-link-linkedin' ><a target=\"_blank\" aria-label=\"Compartir en LinkedIn\" href='https:\/\/linkedin.com\/shareArticle?mini=true&#038;title=Coyhaique%3A%20Desvinculan%20a%20funcionario%20municipal%20que%20fue%20formalizado%20por%20violencia%20intrafamiliar&#038;url=https:\/\/radiorevelacionfm.cl\/?p=47613' aria-hidden='false' data-av_icon='\ue8fc' data-av_iconfont='entypo-fontello' title='' data-avia-related-tooltip='Compartir en LinkedIn' rel=\"noopener\"><span class='avia_hidden_link_text'>Compartir en LinkedIn<\/span><\/a><\/li><li class='av-share-link av-social-link-mail' ><a  aria-label=\"Compartir por correo\" href='mailto:?subject=Coyhaique%3A%20Desvinculan%20a%20funcionario%20municipal%20que%20fue%20formalizado%20por%20violencia%20intrafamiliar&#038;body=https:\/\/radiorevelacionfm.cl\/?p=47613' aria-hidden='false' data-av_icon='\ue805' data-av_iconfont='entypo-fontello' title='' data-avia-related-tooltip='Compartir por correo'><span class='avia_hidden_link_text'>Compartir por correo<\/span><\/a><\/li><\/ul><\/div><\/div>\n<div  style='height:50px' class='hr hr-invisible   avia-builder-el-8  el_after_av_social_share  el_before_av_comments_list '><span class='hr-inner ' ><span class='hr-inner-style'><\/span><\/span><\/div>\n<div  class='av-buildercomment  av-blog-meta-html-info-disabled av-blog-meta-tag-disabled  '><\/div>\n","protected":false},"excerpt":{"rendered":"","protected":false},"author":1,"featured_media":47614,"comment_status":"open","ping_status":"open","sticky":false,"template":"","format":"standard","meta":{"footnotes":""},"categories":[36],"tags":[],"class_list":["post-47613","post","type-post","status-publish","format-standard","has-post-thumbnail","hentry","category-policial"],"jetpack_featured_media_url":"https:\/\/radiorevelacionfm.cl\/wp-content\/uploads\/2024\/10\/Violencia-Intrafamiliar-1-1.jpg","_links":{"self":[{"href":"https:\/\/radiorevelacionfm.cl\/index.php?rest_route=\/wp\/v2\/posts\/47613","targetHints":{"allow":["GET"]}}],"collection":[{"href":"https:\/\/radiorevelacionfm.cl\/index.php?rest_route=\/wp\/v2\/posts"}],"about":[{"href":"https:\/\/radiorevelacionfm.cl\/index.php?rest_route=\/wp\/v2\/types\/post"}],"author":[{"embeddable":true,"href":"https:\/\/radiorevelacionfm.cl\/index.php?rest_route=\/wp\/v2\/users\/1"}],"replies":[{"embeddable":true,"href":"https:\/\/radiorevelacionfm.cl\/index.php?rest_route=%2Fwp%2Fv2%2Fcomments&post=47613"}],"version-history":[{"count":1,"href":"https:\/\/radiorevelacionfm.cl\/index.php?rest_route=\/wp\/v2\/posts\/47613\/revisions"}],"predecessor-version":[{"id":47615,"href":"https:\/\/radiorevelacionfm.cl\/index.php?rest_route=\/wp\/v2\/posts\/47613\/revisions\/47615"}],"wp:featuredmedia":[{"embeddable":true,"href":"https:\/\/radiorevelacionfm.cl\/index.php?rest_route=\/wp\/v2\/media\/47614"}],"wp:attachment":[{"href":"https:\/\/radiorevelacionfm.cl\/index.php?rest_route=%2Fwp%2Fv2%2Fmedia&parent=47613"}],"wp:term":[{"taxonomy":"category","embeddable":true,"href":"https:\/\/radiorevelacionfm.cl\/index.php?rest_route=%2Fwp%2Fv2%2Fcategories&post=47613"},{"taxonomy":"post_tag","embeddable":true,"href":"https:\/\/radiorevelacionfm.cl\/index.php?rest_route=%2Fwp%2Fv2%2Ftags&post=47613"}],"curies":[{"name":"wp","href":"https:\/\/api.w.org\/{rel}","templated":true}]}}