{"id":4761,"date":"2021-06-01T11:09:07","date_gmt":"2021-06-01T14:09:07","guid":{"rendered":"https:\/\/radiorevelacionfm.cl\/?p=4761"},"modified":"2021-06-01T11:09:07","modified_gmt":"2021-06-01T14:09:07","slug":"solicitan-al-ministro-de-salud-que-gimnasios-y-espacios-deportivos-puedan-abrir-en-aysen-a-partir-de-fase-2","status":"publish","type":"post","link":"https:\/\/radiorevelacionfm.cl\/?p=4761","title":{"rendered":"Solicitan al ministro de Salud que gimnasios y espacios deportivos puedan abrir en Ays\u00e9n a partir de Fase 2"},"content":{"rendered":"<div class=\"flex_column av_one_full  flex_column_div av-zero-column-padding first  avia-builder-el-0  el_before_av_one_full  avia-builder-el-first  \" style='border-radius:0px; '><div  class='avia-image-container  av-styling-    avia-builder-el-1  avia-builder-el-no-sibling  avia-align-center '  itemprop=\"image\" itemscope=\"itemscope\" itemtype=\"https:\/\/schema.org\/ImageObject\"  ><div class='avia-image-container-inner'><div class='avia-image-overlay-wrap'><img decoding=\"async\" class='wp-image-4762 avia-img-lazy-loading-not-4762 avia_image' src=\"https:\/\/radiorevelacionfm.cl\/wp-content\/uploads\/2021\/06\/Solicitud-al-ministro-Paris-1-1.jpeg\" alt='' title='Solicitud al ministro Paris (1) (1)' height=\"600\" width=\"1012\"  itemprop=\"thumbnailUrl\" srcset=\"https:\/\/radiorevelacionfm.cl\/wp-content\/uploads\/2021\/06\/Solicitud-al-ministro-Paris-1-1.jpeg 1012w, https:\/\/radiorevelacionfm.cl\/wp-content\/uploads\/2021\/06\/Solicitud-al-ministro-Paris-1-1-300x178.jpeg 300w, https:\/\/radiorevelacionfm.cl\/wp-content\/uploads\/2021\/06\/Solicitud-al-ministro-Paris-1-1-768x455.jpeg 768w, https:\/\/radiorevelacionfm.cl\/wp-content\/uploads\/2021\/06\/Solicitud-al-ministro-Paris-1-1-705x418.jpeg 705w, https:\/\/radiorevelacionfm.cl\/wp-content\/uploads\/2021\/06\/Solicitud-al-ministro-Paris-1-1-600x356.jpeg 600w\" sizes=\"(max-width: 1012px) 100vw, 1012px\" \/><\/div><\/div><\/div><\/div><div class=\"flex_column av_one_full  flex_column_div av-zero-column-padding first  avia-builder-el-2  el_after_av_one_full  el_before_av_one_full  column-top-margin\" style='border-radius:0px; '><section class=\"av_textblock_section \"  itemscope=\"itemscope\" itemtype=\"https:\/\/schema.org\/BlogPosting\" itemprop=\"blogPost\" ><div class='avia_textblock  '   itemprop=\"text\" ><p style=\"text-align: center;\"><strong><span style=\"font-size: 18pt;\">Solicitan al ministro de Salud que gimnasios y espacios deportivos puedan abrir en Ays\u00e9n a partir de Fase 2<\/span><\/strong><\/p>\n<div id=\"gtx-trans\" style=\"position: absolute; left: -50px; top: 4.31534px;\">\n<div class=\"gtx-trans-icon\"><\/div>\n<\/div>\n<\/div><\/section><\/div><div class=\"flex_column av_one_full  flex_column_div av-zero-column-padding first  avia-builder-el-4  el_after_av_one_full  el_before_av_hr  column-top-margin\" style='border-radius:0px; '><section class=\"av_textblock_section \"  itemscope=\"itemscope\" itemtype=\"https:\/\/schema.org\/BlogPosting\" itemprop=\"blogPost\" ><div class='avia_textblock  '   itemprop=\"text\" ><p class=\"v1MsoNormal\" style=\"text-align: justify;\">Con el objetivo de permitir que los gimnasios, centros deportivos y espacios de uso m\u00faltiples para la realizaci\u00f3n de actividad f\u00edsica puedan abrir gradualmente a partir de Fase 2 en nuestra regi\u00f3n, el concejal electo por Coyhaique, Fidel Pinilla en conjunto con emprendedores de este rubro, instructores, entrenadores y el vicepresidente nacional del PRI, Camilo Jim\u00e9nez entregaron una propuesta al ministro de Salud, Enrique Paris y a la Intendente, Margarita Ossa.<\/p>\n<p class=\"v1MsoNormal\" style=\"text-align: justify;\">En el oficio que hicieron llegar hasta el Ministerio de Salud, los firmantes plantean al titular de la cartera, Enrique Paris, las dificultades que se presentan ante la llegada del invierno\u00a0 en nuestra zona para utilizar la franja horaria Elige Vivir Sano que permite practicar deportes o caminatas al aire libre. Aquello, debido a las bajas temperaturas que se est\u00e1n registrando, los altos niveles de contaminaci\u00f3n atmosf\u00e9rica que no s\u00f3lo se registran en la capital regional sino que tambi\u00e9n en otras comunas y el compromiso que han tenido los emprendedores del rubro y los trabajadores al no registrarse casos positivos de COVID-19 o brotes en los espacios deportivos y de actividad m\u00faltiple, ya sean p\u00fablicos o privados.<\/p>\n<p class=\"v1MsoNormal\" style=\"text-align: justify;\">Al respecto, el concejal electo por Coyhaique, Fidel Pinilla manifest\u00f3 que \u00abesta es una solicitud que hemos levantado junto a los emprendedores de este rubro que se ha visto afectado por las restricciones que se aplican en el Plan Paso a Paso, y el extenso periodo de cierre que han tenido. Llevamos m\u00e1s de un a\u00f1o sin poder funcionar con regularidad, lo que no s\u00f3lo ha afectado directamente a los due\u00f1os sino que tambi\u00e9n a los trabajadores y sus familias, por cierto, a la comunidad que utiliza estos espacios a nivel privado y p\u00fablico\u00bb.<\/p>\n<p class=\"v1MsoNormal\" style=\"text-align: justify;\">\u00abOtro factor que nos preocupa desde nuestro rol de aliados en el cuidado del bienestar de las personas es que tras las cuarentenas que nos est\u00e1n afectando a todos y todas, ha disminuido la calidad de la salud mental de nuestra poblaci\u00f3n, sobre todo de aquella que habitualmente practica alguna actividad f\u00edsica, la que debe ser supervisada por un profesional o instructor del \u00e1rea. Cabe destacar, que desde el sector se ha cumplido con los protocolos sanitarios e incluso las inversiones asociadas a esto, no registr\u00e1ndose ning\u00fan contagio hasta el momento en estos espacios\u00bb, agreg\u00f3 el concejal electo.<\/p>\n<p class=\"v1MsoNormal\" style=\"text-align: justify;\">En tanto, el vicepresidente nacional de los Regionalistas e Independientes, Camilo Jim\u00e9nez coment\u00f3 que \u00abapoyando la gesti\u00f3n impulsada por el concejal electo, Fidel Pinilla hemos hecho llegar esta solicitud al ministro de Salud y a la Intendente Regional durante esta jornada. Es importante, se\u00f1alar que este sector se ha visto fuertemente afectado en lo econ\u00f3mico debido a las restricciones que se aplican, ya que s\u00f3lo se les permite funcionar a partir de la Fase 3. No han sido parte de los beneficios estatales y nos preocupa que tanto la salud mental como f\u00edsica de los Ayseninos contin\u00fae expuesta por las limitaciones naturales y atmosf\u00e9ricas que tiene nuestro territorio\u00bb.<\/p>\n<p class=\"v1MsoNormal\" style=\"text-align: justify;\">\u00abEn esa l\u00ednea, hemos solicitado que se aplique un criterio descentralizado en la revisi\u00f3n del Plan Paso a Paso, para permitir que se pueda retomar la actividad f\u00edsica en espacios cerrados y que est\u00e1n determinados para ello, con todas las exigencias que sugiera la autoridad sanitaria. Esperamos, prontamente poder sostener una reuni\u00f3n con el ministro para plantear junto a los emprendedores de este sector la situaci\u00f3n, dado que son actores fundamentales en el fortalecimiento del sistema inmune y la salud mental de las personas, no s\u00f3lo a trav\u00e9s de la pr\u00e1ctica del deporte sino que tambi\u00e9n de otro tipo de actividades f\u00edsicas\u00bb, agreg\u00f3 Jim\u00e9nez.<\/p>\n<p class=\"v1MsoNormal\" style=\"text-align: justify;\">Finalmente, los dirigentes agradecieron a la intendente regional, Margarita Ossa, la recepci\u00f3n de esta solicitud para su an\u00e1lisis y el compromiso que sostuvo de tambi\u00e9n abordar esta propuesta con el ministro de Salud, Enrique Paris.<\/p>\n<\/div><\/section><\/div><div  style='height:50px' class='hr hr-invisible   avia-builder-el-6  el_after_av_one_full  el_before_av_social_share '><span class='hr-inner ' ><span class='hr-inner-style'><\/span><\/span><\/div><\/p>\n<div  class='av-social-sharing-box  avia-builder-el-7  el_after_av_hr  el_before_av_hr  '><div class='av-share-box'><h5 class='av-share-link-description av-no-toc '>Compartir esta noticia<\/h5><ul class='av-share-box-list noLightbox'><li class='av-share-link av-social-link-facebook' ><a target=\"_blank\" aria-label=\"Compartir en Facebook\" href='https:\/\/www.facebook.com\/sharer.php?u=https:\/\/radiorevelacionfm.cl\/?p=4761&#038;t=Solicitan%20al%20ministro%20de%20Salud%20que%20gimnasios%20y%20espacios%20deportivos%20puedan%20abrir%20en%20Ays%C3%A9n%20a%20partir%20de%20Fase%202' aria-hidden='false' data-av_icon='\ue8f3' data-av_iconfont='entypo-fontello' title='' data-avia-related-tooltip='Compartir en Facebook' rel=\"noopener\"><span class='avia_hidden_link_text'>Compartir en Facebook<\/span><\/a><\/li><li class='av-share-link av-social-link-twitter' ><a target=\"_blank\" aria-label=\"Compartir en Twitter\" href='https:\/\/twitter.com\/share?text=Solicitan%20al%20ministro%20de%20Salud%20que%20gimnasios%20y%20espacios%20deportivos%20puedan%20abrir%20en%20Ays%C3%A9n%20a%20partir%20de%20Fase%202&#038;url=https:\/\/radiorevelacionfm.cl\/?p=4761' aria-hidden='false' data-av_icon='\ue8f1' data-av_iconfont='entypo-fontello' title='' data-avia-related-tooltip='Compartir en Twitter' rel=\"noopener\"><span class='avia_hidden_link_text'>Compartir en Twitter<\/span><\/a><\/li><li class='av-share-link av-social-link-whatsapp' ><a target=\"_blank\" aria-label=\"Compartir en Whatsapp\" href='https:\/\/api.whatsapp.com\/send?text=https:\/\/radiorevelacionfm.cl\/?p=4761' aria-hidden='false' data-av_icon='\uf232' data-av_iconfont='entypo-fontello' title='' data-avia-related-tooltip='Compartir en Whatsapp' rel=\"noopener\"><span class='avia_hidden_link_text'>Compartir en Whatsapp<\/span><\/a><\/li><li class='av-share-link av-social-link-linkedin' ><a target=\"_blank\" aria-label=\"Compartir en LinkedIn\" href='https:\/\/linkedin.com\/shareArticle?mini=true&#038;title=Solicitan%20al%20ministro%20de%20Salud%20que%20gimnasios%20y%20espacios%20deportivos%20puedan%20abrir%20en%20Ays%C3%A9n%20a%20partir%20de%20Fase%202&#038;url=https:\/\/radiorevelacionfm.cl\/?p=4761' aria-hidden='false' data-av_icon='\ue8fc' data-av_iconfont='entypo-fontello' title='' data-avia-related-tooltip='Compartir en LinkedIn' rel=\"noopener\"><span class='avia_hidden_link_text'>Compartir en LinkedIn<\/span><\/a><\/li><li class='av-share-link av-social-link-mail' ><a  aria-label=\"Compartir por correo\" href='mailto:?subject=Solicitan%20al%20ministro%20de%20Salud%20que%20gimnasios%20y%20espacios%20deportivos%20puedan%20abrir%20en%20Ays%C3%A9n%20a%20partir%20de%20Fase%202&#038;body=https:\/\/radiorevelacionfm.cl\/?p=4761' aria-hidden='false' data-av_icon='\ue805' data-av_iconfont='entypo-fontello' title='' data-avia-related-tooltip='Compartir por correo'><span class='avia_hidden_link_text'>Compartir por correo<\/span><\/a><\/li><\/ul><\/div><\/div>\n<div  style='height:50px' class='hr hr-invisible   avia-builder-el-8  el_after_av_social_share  el_before_av_comments_list '><span class='hr-inner ' ><span class='hr-inner-style'><\/span><\/span><\/div>\n<div  class='av-buildercomment  av-blog-meta-html-info-disabled av-blog-meta-tag-disabled  '><\/div>\n","protected":false},"excerpt":{"rendered":"","protected":false},"author":1,"featured_media":4762,"comment_status":"open","ping_status":"open","sticky":false,"template":"","format":"standard","meta":{"footnotes":""},"categories":[38],"tags":[],"class_list":["post-4761","post","type-post","status-publish","format-standard","has-post-thumbnail","hentry","category-regional"],"jetpack_featured_media_url":"https:\/\/radiorevelacionfm.cl\/wp-content\/uploads\/2021\/06\/Solicitud-al-ministro-Paris-1-1.jpeg","_links":{"self":[{"href":"https:\/\/radiorevelacionfm.cl\/index.php?rest_route=\/wp\/v2\/posts\/4761","targetHints":{"allow":["GET"]}}],"collection":[{"href":"https:\/\/radiorevelacionfm.cl\/index.php?rest_route=\/wp\/v2\/posts"}],"about":[{"href":"https:\/\/radiorevelacionfm.cl\/index.php?rest_route=\/wp\/v2\/types\/post"}],"author":[{"embeddable":true,"href":"https:\/\/radiorevelacionfm.cl\/index.php?rest_route=\/wp\/v2\/users\/1"}],"replies":[{"embeddable":true,"href":"https:\/\/radiorevelacionfm.cl\/index.php?rest_route=%2Fwp%2Fv2%2Fcomments&post=4761"}],"version-history":[{"count":1,"href":"https:\/\/radiorevelacionfm.cl\/index.php?rest_route=\/wp\/v2\/posts\/4761\/revisions"}],"predecessor-version":[{"id":4763,"href":"https:\/\/radiorevelacionfm.cl\/index.php?rest_route=\/wp\/v2\/posts\/4761\/revisions\/4763"}],"wp:featuredmedia":[{"embeddable":true,"href":"https:\/\/radiorevelacionfm.cl\/index.php?rest_route=\/wp\/v2\/media\/4762"}],"wp:attachment":[{"href":"https:\/\/radiorevelacionfm.cl\/index.php?rest_route=%2Fwp%2Fv2%2Fmedia&parent=4761"}],"wp:term":[{"taxonomy":"category","embeddable":true,"href":"https:\/\/radiorevelacionfm.cl\/index.php?rest_route=%2Fwp%2Fv2%2Fcategories&post=4761"},{"taxonomy":"post_tag","embeddable":true,"href":"https:\/\/radiorevelacionfm.cl\/index.php?rest_route=%2Fwp%2Fv2%2Ftags&post=4761"}],"curies":[{"name":"wp","href":"https:\/\/api.w.org\/{rel}","templated":true}]}}