{"id":47607,"date":"2024-11-18T11:40:55","date_gmt":"2024-11-18T14:40:55","guid":{"rendered":"https:\/\/radiorevelacionfm.cl\/?p=47607"},"modified":"2024-11-18T11:40:55","modified_gmt":"2024-11-18T14:40:55","slug":"preocupante-crecimiento-de-acv-en-jovenes-tasas-en-menores-de-55-anos-estan-aumentando","status":"publish","type":"post","link":"https:\/\/radiorevelacionfm.cl\/?p=47607","title":{"rendered":"Preocupante crecimiento de ACV en j\u00f3venes: tasas en menores de 55 a\u00f1os est\u00e1n aumentando"},"content":{"rendered":"<div class=\"flex_column av_one_full  flex_column_div av-zero-column-padding first  avia-builder-el-0  el_before_av_one_full  avia-builder-el-first  \" style='border-radius:0px; '><div  class='avia-image-container  av-styling-    avia-builder-el-1  avia-builder-el-no-sibling  avia-align-center '  itemprop=\"image\" itemscope=\"itemscope\" itemtype=\"https:\/\/schema.org\/ImageObject\"  ><div class='avia-image-container-inner'><div class='avia-image-overlay-wrap'><img decoding=\"async\" class='wp-image-47608 avia-img-lazy-loading-not-47608 avia_image' src=\"https:\/\/radiorevelacionfm.cl\/wp-content\/uploads\/2024\/10\/ACV-2-1-1.jpg\" alt='' title='ACV 2 (1) (1)' height=\"600\" width=\"899\"  itemprop=\"thumbnailUrl\" srcset=\"https:\/\/radiorevelacionfm.cl\/wp-content\/uploads\/2024\/10\/ACV-2-1-1.jpg 899w, https:\/\/radiorevelacionfm.cl\/wp-content\/uploads\/2024\/10\/ACV-2-1-1-300x200.jpg 300w, https:\/\/radiorevelacionfm.cl\/wp-content\/uploads\/2024\/10\/ACV-2-1-1-768x513.jpg 768w, https:\/\/radiorevelacionfm.cl\/wp-content\/uploads\/2024\/10\/ACV-2-1-1-705x471.jpg 705w, https:\/\/radiorevelacionfm.cl\/wp-content\/uploads\/2024\/10\/ACV-2-1-1-450x300.jpg 450w, https:\/\/radiorevelacionfm.cl\/wp-content\/uploads\/2024\/10\/ACV-2-1-1-600x400.jpg 600w\" sizes=\"(max-width: 899px) 100vw, 899px\" \/><\/div><\/div><\/div><\/div><div class=\"flex_column av_one_full  flex_column_div av-zero-column-padding first  avia-builder-el-2  el_after_av_one_full  el_before_av_one_full  column-top-margin\" style='border-radius:0px; '><section class=\"av_textblock_section \"  itemscope=\"itemscope\" itemtype=\"https:\/\/schema.org\/BlogPosting\" itemprop=\"blogPost\" ><div class='avia_textblock  '   itemprop=\"text\" ><p style=\"text-align: center;\"><span style=\"font-size: 18pt;\"><b>Preocupante crecimiento de ACV en j\u00f3venes: tasas en menores de 55 a\u00f1os est\u00e1n aumentando<\/b><\/span><\/p>\n<div id=\"gtx-trans\" style=\"position: absolute; left: -50px; top: 4.31534px;\">\n<div class=\"gtx-trans-icon\"><\/div>\n<\/div>\n<\/div><\/section><\/div><div class=\"flex_column av_one_full  flex_column_div av-zero-column-padding first  avia-builder-el-4  el_after_av_one_full  el_before_av_hr  column-top-margin\" style='border-radius:0px; '><section class=\"av_textblock_section \"  itemscope=\"itemscope\" itemtype=\"https:\/\/schema.org\/BlogPosting\" itemprop=\"blogPost\" ><div class='avia_textblock  '   itemprop=\"text\" ><p style=\"text-align: justify;\"><em>Especialistas aclaran que un estilo de vida poco saludable, la mayor presencia de patolog\u00edas como hipertensi\u00f3n y diabetes, y el incremento de consumo de drogas recreativas son algunas de las causas que explican este incremento.<\/em><\/p>\n<p style=\"font-weight: 400; text-align: justify;\">En Chile, ocurre un accidente cerebrovascular (ACV) cada 15 minutos y es la segunda causa de muerte en nuestro pa\u00eds.\u00a0 Aunque tradicionalmente esto ha afectado a personas mayores, un estudio reciente publicado en <a href=\"https:\/\/www.thelancet.com\/journals\/laneur\/article\/PIIS1474-4422(24)00369-7\/fulltext\" data-saferedirecturl=\"https:\/\/www.google.com\/url?q=https:\/\/www.thelancet.com\/journals\/laneur\/article\/PIIS1474-4422(24)00369-7\/fulltext&amp;source=gmail&amp;ust=1730409353072000&amp;usg=AOvVaw2lVCDCuzLqgVSCDkahkwFP\">The Lancet Neurology<\/a>\u00a0ha revelado una preocupante tendencia: los ACV est\u00e1n afectando cada vez m\u00e1s a adultos j\u00f3venes, en especial a aquellos menores de 55 a\u00f1os.<\/p>\n<p style=\"font-weight: 400; text-align: justify;\">La Dra. Karina Wigodski, neur\u00f3loga de Cl\u00ednica Santa Mar\u00eda, explica: \u201cSe ha visto un aumento de ACV en pacientes j\u00f3venes principalmente por la presencia de patolog\u00edas que antes solo se diagnosticaban en personas mayores como la hipertensi\u00f3n, diabetes, obesidad, sedentarismo y dislipidemia. Otro factor de riesgo creciente es el consumo de drogas recreativas\u201d.<\/p>\n<p style=\"font-weight: 400; text-align: justify;\">Uno de los factores de riesgo m\u00e1s importantes para desarrollar un ACV es la hipertensi\u00f3n arterial, la que, seg\u00fan el estudio, ser\u00eda responsable de poco m\u00e1s de la mitad de todos los accidentes cerebrovasculares.<\/p>\n<p style=\"font-weight: 400; text-align: justify;\">El\u00a0Dr. Jorge Villacura, neur\u00f3logo de Cl\u00ednica D\u00e1vila, aclara: \u201cLa hipertensi\u00f3n cr\u00f3nica da\u00f1a de manera progresiva las paredes de los vasos sangu\u00edneos y afecta \u00f3rganos vitales como el coraz\u00f3n, el cerebro y los ri\u00f1ones. Esto suele ser lento y muchas veces pasa desapercibido. Sin controles m\u00e9dicos peri\u00f3dicos, esta patolog\u00eda no se diagnostica a tiempo, lo que aumenta el riesgo de tener un ataque cerebral y otras enfermedades cardiovasculares\u201d.<\/p>\n<p style=\"font-weight: 400; text-align: justify;\">Por eso, es clave tomar medidas de prevenci\u00f3n, lo que requiere controlar factores de riesgo y mantener un estilo de vida saludable, realizar actividad f\u00edsica, evitar el consumo de tabaco, drogas y limitar el alcohol.<\/p>\n<p style=\"font-weight: 400; text-align: justify;\">Tan importante como prevenir es saber reconocer sus s\u00edntomas para actuar a tiempo porque cada segunda cuenta. \u201cLa persona pierde en minutos alguna capacidad neurol\u00f3gica como, por ejemplo, la fuerza de alguna extremidad, la visi\u00f3n y\/o el habla. Otras manifestaciones son los trastornos de la marcha, p\u00e9rdidas de sensibilidad o la visi\u00f3n doble, entre otras\u201d, afirma el\u00a0Dr. Andr\u00e9s Villagr\u00e1n, neur\u00f3logo de Cl\u00ednica Ciudad del Mar.<\/p>\n<p style=\"font-weight: 400; text-align: justify;\">\u201cUna de las principales caracter\u00edsticas es que aparecen de manera brusca, de un momento a otro. Tambi\u00e9n se puede dar el caso de que la persona despierte con ellos y no se dio cuenta que tuvo un ACV durante la noche\u201d, comenta el\u00a0Dr. Sergio Juica, neur\u00f3logo de Cl\u00ednica Biob\u00edo.<\/p>\n<p style=\"font-weight: 400; text-align: justify;\">Asimismo, el\u00a0Dr. Alfredo Labarca, urgenci\u00f3logo de Help,\u00a0dice que se debe llamar a un servicio de rescate o asistir al centro asistencial de alta complejidad m\u00e1s cercano si se presentan los siguientes signos:<\/p>\n<ul style=\"font-weight: 400; text-align: justify;\">\n<li>Dificultad para hablar y entender lo que otros est\u00e1n diciendo<\/li>\n<li>Par\u00e1lisis o asimetr\u00eda de la cara<\/li>\n<li>Par\u00e1lisis o dificultad para mover el brazo o la pierna de un lado del cuerpo<\/li>\n<li>Problemas para ver en uno o ambos ojos<\/li>\n<li>Dolor de cabeza intenso<\/li>\n<li>Problemas para caminar<\/li>\n<\/ul>\n<p style=\"font-weight: 400; text-align: justify;\">Es importante actuar a tiempo, dice el doctor Juica, porque para tratarlo existen dos procedimientos que tienen un periodo l\u00edmite y si no existe una r\u00e1pida respuesta puede afectar en la mortalidad o secuelas del paciente.<\/p>\n<p style=\"font-weight: 400; text-align: justify;\">\u201cLa tromb\u00f3lisis se puede realizar durante las primeras 4 horas de iniciados los s\u00edntomas, con un f\u00e1rmaco que se administra para tratar de destruir el co\u00e1gulo que obstruye a la arteria y provoca el infarto cerebral. La segunda terapia es la trombectom\u00eda, que se puede extender hasta las 6 horas posteriores a un ACV. Se trata de una intervenci\u00f3n endovascular en la que se utilizan unos cat\u00e9teres en las arterias y se intenta extraer el co\u00e1gulo para reestablecer el flujo sangu\u00edneo a esa zona cerebral, limitando el tama\u00f1o de un infarto\u201d, explica el experto.<\/p>\n<p style=\"font-weight: 400; text-align: justify;\">La sobrevida despu\u00e9s de un ACV ha mejorado con los avances m\u00e9dicos y controles preventivos. \u201cAlrededor del 80% de las personas que tienen un ACV por primera vez viven al primer a\u00f1o y aproximadamente el 50% supera los cinco a\u00f1os aunque estas cifras pueden variar seg\u00fan la regi\u00f3n. El riesgo es mayor en aquellos pacientes que no siguen controles, ya que esto incrementa la probabilidad de sufrir un nuevo ataque cerebral\u201d, sostiene el Dr. Villacura.<\/p>\n<\/div><\/section><\/div><div  style='height:50px' class='hr hr-invisible   avia-builder-el-6  el_after_av_one_full  el_before_av_social_share '><span class='hr-inner ' ><span class='hr-inner-style'><\/span><\/span><\/div><\/p>\n<div  class='av-social-sharing-box  avia-builder-el-7  el_after_av_hr  el_before_av_hr  '><div class='av-share-box'><h5 class='av-share-link-description av-no-toc '>Compartir esta noticia<\/h5><ul class='av-share-box-list noLightbox'><li class='av-share-link av-social-link-facebook' ><a target=\"_blank\" aria-label=\"Compartir en Facebook\" href='https:\/\/www.facebook.com\/sharer.php?u=https:\/\/radiorevelacionfm.cl\/?p=47607&#038;t=Preocupante%20crecimiento%20de%20ACV%20en%20j%C3%B3venes%3A%20tasas%20en%20menores%20de%2055%20a%C3%B1os%20est%C3%A1n%20aumentando' aria-hidden='false' data-av_icon='\ue8f3' data-av_iconfont='entypo-fontello' title='' data-avia-related-tooltip='Compartir en Facebook' rel=\"noopener\"><span class='avia_hidden_link_text'>Compartir en Facebook<\/span><\/a><\/li><li class='av-share-link av-social-link-twitter' ><a target=\"_blank\" aria-label=\"Compartir en Twitter\" href='https:\/\/twitter.com\/share?text=Preocupante%20crecimiento%20de%20ACV%20en%20j%C3%B3venes%3A%20tasas%20en%20menores%20de%2055%20a%C3%B1os%20est%C3%A1n%20aumentando&#038;url=https:\/\/radiorevelacionfm.cl\/?p=47607' aria-hidden='false' data-av_icon='\ue8f1' data-av_iconfont='entypo-fontello' title='' data-avia-related-tooltip='Compartir en Twitter' rel=\"noopener\"><span class='avia_hidden_link_text'>Compartir en Twitter<\/span><\/a><\/li><li class='av-share-link av-social-link-whatsapp' ><a target=\"_blank\" aria-label=\"Compartir en Whatsapp\" href='https:\/\/api.whatsapp.com\/send?text=https:\/\/radiorevelacionfm.cl\/?p=47607' aria-hidden='false' data-av_icon='\uf232' data-av_iconfont='entypo-fontello' title='' data-avia-related-tooltip='Compartir en Whatsapp' rel=\"noopener\"><span class='avia_hidden_link_text'>Compartir en Whatsapp<\/span><\/a><\/li><li class='av-share-link av-social-link-linkedin' ><a target=\"_blank\" aria-label=\"Compartir en LinkedIn\" href='https:\/\/linkedin.com\/shareArticle?mini=true&#038;title=Preocupante%20crecimiento%20de%20ACV%20en%20j%C3%B3venes%3A%20tasas%20en%20menores%20de%2055%20a%C3%B1os%20est%C3%A1n%20aumentando&#038;url=https:\/\/radiorevelacionfm.cl\/?p=47607' aria-hidden='false' data-av_icon='\ue8fc' data-av_iconfont='entypo-fontello' title='' data-avia-related-tooltip='Compartir en LinkedIn' rel=\"noopener\"><span class='avia_hidden_link_text'>Compartir en LinkedIn<\/span><\/a><\/li><li class='av-share-link av-social-link-mail' ><a  aria-label=\"Compartir por correo\" href='mailto:?subject=Preocupante%20crecimiento%20de%20ACV%20en%20j%C3%B3venes%3A%20tasas%20en%20menores%20de%2055%20a%C3%B1os%20est%C3%A1n%20aumentando&#038;body=https:\/\/radiorevelacionfm.cl\/?p=47607' aria-hidden='false' data-av_icon='\ue805' data-av_iconfont='entypo-fontello' title='' data-avia-related-tooltip='Compartir por correo'><span class='avia_hidden_link_text'>Compartir por correo<\/span><\/a><\/li><\/ul><\/div><\/div>\n<div  style='height:50px' class='hr hr-invisible   avia-builder-el-8  el_after_av_social_share  el_before_av_comments_list '><span class='hr-inner ' ><span class='hr-inner-style'><\/span><\/span><\/div>\n<div  class='av-buildercomment  av-blog-meta-html-info-disabled av-blog-meta-tag-disabled  '><\/div>\n","protected":false},"excerpt":{"rendered":"","protected":false},"author":1,"featured_media":47608,"comment_status":"open","ping_status":"open","sticky":false,"template":"","format":"standard","meta":{"footnotes":""},"categories":[61],"tags":[],"class_list":["post-47607","post","type-post","status-publish","format-standard","has-post-thumbnail","hentry","category-nacional"],"jetpack_featured_media_url":"https:\/\/radiorevelacionfm.cl\/wp-content\/uploads\/2024\/10\/ACV-2-1-1.jpg","_links":{"self":[{"href":"https:\/\/radiorevelacionfm.cl\/index.php?rest_route=\/wp\/v2\/posts\/47607","targetHints":{"allow":["GET"]}}],"collection":[{"href":"https:\/\/radiorevelacionfm.cl\/index.php?rest_route=\/wp\/v2\/posts"}],"about":[{"href":"https:\/\/radiorevelacionfm.cl\/index.php?rest_route=\/wp\/v2\/types\/post"}],"author":[{"embeddable":true,"href":"https:\/\/radiorevelacionfm.cl\/index.php?rest_route=\/wp\/v2\/users\/1"}],"replies":[{"embeddable":true,"href":"https:\/\/radiorevelacionfm.cl\/index.php?rest_route=%2Fwp%2Fv2%2Fcomments&post=47607"}],"version-history":[{"count":1,"href":"https:\/\/radiorevelacionfm.cl\/index.php?rest_route=\/wp\/v2\/posts\/47607\/revisions"}],"predecessor-version":[{"id":47609,"href":"https:\/\/radiorevelacionfm.cl\/index.php?rest_route=\/wp\/v2\/posts\/47607\/revisions\/47609"}],"wp:featuredmedia":[{"embeddable":true,"href":"https:\/\/radiorevelacionfm.cl\/index.php?rest_route=\/wp\/v2\/media\/47608"}],"wp:attachment":[{"href":"https:\/\/radiorevelacionfm.cl\/index.php?rest_route=%2Fwp%2Fv2%2Fmedia&parent=47607"}],"wp:term":[{"taxonomy":"category","embeddable":true,"href":"https:\/\/radiorevelacionfm.cl\/index.php?rest_route=%2Fwp%2Fv2%2Fcategories&post=47607"},{"taxonomy":"post_tag","embeddable":true,"href":"https:\/\/radiorevelacionfm.cl\/index.php?rest_route=%2Fwp%2Fv2%2Ftags&post=47607"}],"curies":[{"name":"wp","href":"https:\/\/api.w.org\/{rel}","templated":true}]}}