{"id":47604,"date":"2024-10-30T21:39:37","date_gmt":"2024-10-31T00:39:37","guid":{"rendered":"https:\/\/radiorevelacionfm.cl\/?p=47604"},"modified":"2024-10-30T21:39:37","modified_gmt":"2024-10-31T00:39:37","slug":"este-01-y-02-de-noviembre-se-realiza-encuentro-deportivo-entre-mop-de-aysen-y-atacama","status":"publish","type":"post","link":"https:\/\/radiorevelacionfm.cl\/?p=47604","title":{"rendered":"Este 01 y 02 de noviembre se realiza encuentro deportivo entre MOP de Ays\u00e9n y Atacama"},"content":{"rendered":"<div class=\"flex_column av_one_full  flex_column_div av-zero-column-padding first  avia-builder-el-0  el_before_av_one_full  avia-builder-el-first  \" style='border-radius:0px; '><div  class='avia-image-container  av-styling-    avia-builder-el-1  avia-builder-el-no-sibling  avia-align-center '  itemprop=\"image\" itemscope=\"itemscope\" itemtype=\"https:\/\/schema.org\/ImageObject\"  ><div class='avia-image-container-inner'><div class='avia-image-overlay-wrap'><img decoding=\"async\" class='wp-image-47605 avia-img-lazy-loading-not-47605 avia_image' src=\"https:\/\/radiorevelacionfm.cl\/wp-content\/uploads\/2024\/10\/img_1553-1_optimized.jpg\" alt='' title='img_1553-(1)_optimized' height=\"600\" width=\"900\"  itemprop=\"thumbnailUrl\" srcset=\"https:\/\/radiorevelacionfm.cl\/wp-content\/uploads\/2024\/10\/img_1553-1_optimized.jpg 900w, https:\/\/radiorevelacionfm.cl\/wp-content\/uploads\/2024\/10\/img_1553-1_optimized-300x200.jpg 300w, https:\/\/radiorevelacionfm.cl\/wp-content\/uploads\/2024\/10\/img_1553-1_optimized-768x512.jpg 768w, https:\/\/radiorevelacionfm.cl\/wp-content\/uploads\/2024\/10\/img_1553-1_optimized-705x470.jpg 705w, https:\/\/radiorevelacionfm.cl\/wp-content\/uploads\/2024\/10\/img_1553-1_optimized-450x300.jpg 450w, https:\/\/radiorevelacionfm.cl\/wp-content\/uploads\/2024\/10\/img_1553-1_optimized-600x400.jpg 600w\" sizes=\"(max-width: 900px) 100vw, 900px\" \/><\/div><\/div><\/div><\/div><div class=\"flex_column av_one_full  flex_column_div av-zero-column-padding first  avia-builder-el-2  el_after_av_one_full  el_before_av_one_full  column-top-margin\" style='border-radius:0px; '><section class=\"av_textblock_section \"  itemscope=\"itemscope\" itemtype=\"https:\/\/schema.org\/BlogPosting\" itemprop=\"blogPost\" ><div class='avia_textblock  '   itemprop=\"text\" ><p style=\"text-align: center;\"><strong><span style=\"font-size: 18pt;\">Este 01 y 02 de noviembre se realiza encuentro deportivo entre MOP de Ays\u00e9n y Atacama<\/span><\/strong><\/p>\n<div id=\"gtx-trans\" style=\"position: absolute; left: -50px; top: 4.31534px;\">\n<div class=\"gtx-trans-icon\"><\/div>\n<\/div>\n<\/div><\/section><\/div><div class=\"flex_column av_one_full  flex_column_div av-zero-column-padding first  avia-builder-el-4  el_after_av_one_full  el_before_av_hr  column-top-margin\" style='border-radius:0px; '><section class=\"av_textblock_section \"  itemscope=\"itemscope\" itemtype=\"https:\/\/schema.org\/BlogPosting\" itemprop=\"blogPost\" ><div class='avia_textblock  '   itemprop=\"text\" ><p style=\"text-align: justify;\">Hasta la regi\u00f3n de Ays\u00e9n, llegar\u00e1 la Delegaci\u00f3n del Deportivo MOP de Atacama para compartir una justa deportiva con la Delegaci\u00f3n del Deportivo Ays\u00e9n durante los d\u00edas 01 y 02 de noviembre. As\u00ed lo inform\u00f3 Juan Carlos Aguill\u00f3n, presidente del Deportivo MOP Ays\u00e9n quien adem\u00e1s\u00a0 coment\u00f3 que esta ser\u00e1 una oportunidad para reencontrarse entorno al deporte con los y las trabajadoras de Atacama, compartir y competir en diversas disciplinas deportivas.<\/p>\n<p style=\"text-align: justify;\">\u201cEs algo bien bonito. Es un reencuentro deportivo entre ambas regiones del pa\u00eds, luego de la pandemia hubo muchas ganas de volver a retomar estas actividades deportivas. El Club de Atacama postul\u00f3 al 8% del programa deportes a trav\u00e9s del Gobierno Regional y decidi\u00f3 realizar en nuestra regi\u00f3n de Ays\u00e9n este encuentro deportivo. Nosotros como Directiva pretendemos posteriormente replicar esta gesti\u00f3n. Esto la verdad nos oblig\u00f3 a trabajar en ordenar un poco el Deportivo MOP y cambiar tambi\u00e9n la directiva como se hizo en la mayor\u00eda de los deportivos de la zona sur del pa\u00eds\u201d.<\/p>\n<p style=\"text-align: justify;\">En el caso de la regi\u00f3n de Ays\u00e9n, la nueva directiva que tendr\u00e1 una vigencia de dos a\u00f1os, la componen, Presidente Juan Carlos Aguill\u00f3n, Catherine C\u00e1rcamo Secretaria, Marcela Co\u00f1uecar Tesorera y los Directores Claudio Ritter y Luis Vera. \u201cEsta es nuestra primera actividad, lo que nos va a servir para prepararnos para las pr\u00f3ximas Olimpiadas. Estamos muy contentos por esta nueva responsabilidad. Hay un muy buen equipo y quiero hacer un reconocimiento a todos en la directiva porque han estado muy acabados en el tema y sobre todo Catherine C\u00e1rcamo ha sido un puntal fundamental, porque tiene harta experiencia al igual que Claudio Ritter. Agradezco la dedicaci\u00f3n de ambos y de todos quienes nos han acompa\u00f1ado, para que pudi\u00e9ramos recibir a esta Delegaci\u00f3n, as\u00ed como tambi\u00e9n la importante donaci\u00f3n que realiz\u00f3 La Caja de Compensaci\u00f3n Los Andes con morral, jokey y botellas en apoyo a los deportistas\u201d.<\/p>\n<p style=\"text-align: justify;\">Dentro del Programa de Actividades, est\u00e1 confirmado que la Delegaci\u00f3n deportiva desde Atacama llega el viernes 31 a nuestra regi\u00f3n y comienzan las actividades el 01 de noviembre en el Gimnasio Regional a las 14:00 horas con Baby F\u00fatbol todo competidor, Fustal Damas, B\u00e1squetbol, Baby F\u00fatbol, m\u00e1s 50 a\u00f1os, B\u00e1squetbol mixto, Tenis de Mesa. A estas actividades queremos sumar juegos de mesa, como Brisca, ajedrez y domin\u00f3. Continuando con las actividades el 02 de noviembre en el Estadio Regional, la jornada deportiva comenzar\u00e1 a partir de las 11:00 horas y se desarrollar\u00e1 hasta las 13:00 horas y se jugar\u00e1 un partido de F\u00fatbol, luego tienen la tarde libre. A las 19:00 horas del 02 de noviembre se realizar\u00e1 la cena de cierre con la premiaci\u00f3n correspondiente.<\/p>\n<p style=\"text-align: justify;\">La Delegaci\u00f3n de Ays\u00e9n la componen 40 trabajadores y trabajadoras que integran las diversas direcciones regionales, entre ellos a cargo de disciplina Voleibol estar\u00e1 el funcionario de Vialidad Freddy Ancalado; a cargo de disciplina Baby F\u00fatbol Mujeres se encuentra la trabajadora de la Seremi Tatiana Vidal; en la disciplina B\u00e1squetbol estar\u00e1 al frente Rodrigo C\u00e1rdenas, funcionario de Vialidad; a cargo de las disciplinas F\u00fatbol y Baby F\u00fatbol se encuentra el funcionario de Vialidad Elvis Godoy; y a cargo de la disciplina Tenis de Mesa y Baby F\u00fatbol m\u00e1s de 50 se encuentra el funcionario de Bienestar Luis Vera.<\/p>\n<p style=\"text-align: justify;\">En tanto, desde Atacama viene a la regi\u00f3n de Ays\u00e9n una delegaci\u00f3n de 62 personas, integradas por los funcionarios y trabajadoras de diversas Direcciones Regionales, acompa\u00f1ados de la Jefa de Bienestar de Temuco y presidenta del Deportivo Atacama Palmira Rojas junto a la directiva integrada por Marco Ilabaca V\u00e1squez Tesorero, V\u00edctor Herrera Werner Director y los acompa\u00f1a el Seremi del MOP Atacama\u00a0 Mauricio Guaita Juantok.<\/p>\n<p style=\"text-align: justify;\">El presidente del Deportivo MOP hizo una invitaci\u00f3n a participar en las diversas disciplinas as\u00ed como tambi\u00e9n acompa\u00f1ando a los equipos para hacer que esta Fiesta Deportiva sea una oportunidad para disfrutar juntos y juntas de sana entretenci\u00f3n. \u201cHacemos una invitaci\u00f3n abierta a todas las socias y socios del Deportivo, a los y las trabajadores de todas nuestras Direcciones MOP y sus familias a ser parte de esta alegr\u00eda y a participar compitiendo o acompa\u00f1ando a los equipos, en este 01 y 02 de noviembre\u201d<\/p>\n<p style=\"text-align: justify;\">Por su parte, la Seremi de Ays\u00e9n, Paloma Jara destac\u00f3 el trabajo que est\u00e1 realizando la directiva e integrantes del Deportivo MOP para llevar a efecto este Encuentro. \u201cHoy el deporte re\u00fane a las regiones de los dos extremos del pa\u00eds, como son Atacama y Ays\u00e9n. Felicito por esta iniciativa tanto a sus dirigentes, as\u00ed como tambi\u00e9n a los integrantes de las directivas y a los y las competidoras, quienes desde Atacama hacen un importante esfuerzo para llegar hasta Ays\u00e9n para encontrarse con nuestra Delegaci\u00f3n, conocerse, compartir en otro \u00e1mbito que no es el laboral y apoyarse como equipos. Les deseamos a todos y todas mucha suerte en cada una de las competencias, y los y las instamos a continuar realizando estas actividades que nos hacen bien a todos y todas. Es importante se\u00f1alar, que as\u00ed como nos preocupamos del deporte, tambi\u00e9n contamos con turnos y con nuestro personal que monitorea en forma permanente obras y trabajos en toda la regi\u00f3n de Ays\u00e9n\u201d.<\/p>\n<\/div><\/section><\/div><div  style='height:50px' class='hr hr-invisible   avia-builder-el-6  el_after_av_one_full  el_before_av_social_share '><span class='hr-inner ' ><span class='hr-inner-style'><\/span><\/span><\/div><\/p>\n<div  class='av-social-sharing-box  avia-builder-el-7  el_after_av_hr  el_before_av_hr  '><div class='av-share-box'><h5 class='av-share-link-description av-no-toc '>Compartir esta noticia<\/h5><ul class='av-share-box-list noLightbox'><li class='av-share-link av-social-link-facebook' ><a target=\"_blank\" aria-label=\"Compartir en Facebook\" href='https:\/\/www.facebook.com\/sharer.php?u=https:\/\/radiorevelacionfm.cl\/?p=47604&#038;t=Este%2001%20y%2002%20de%20noviembre%20se%20realiza%20encuentro%20deportivo%20entre%20MOP%20de%20Ays%C3%A9n%20y%20Atacama' aria-hidden='false' data-av_icon='\ue8f3' data-av_iconfont='entypo-fontello' title='' data-avia-related-tooltip='Compartir en Facebook' rel=\"noopener\"><span class='avia_hidden_link_text'>Compartir en Facebook<\/span><\/a><\/li><li class='av-share-link av-social-link-twitter' ><a target=\"_blank\" aria-label=\"Compartir en Twitter\" href='https:\/\/twitter.com\/share?text=Este%2001%20y%2002%20de%20noviembre%20se%20realiza%20encuentro%20deportivo%20entre%20MOP%20de%20Ays%C3%A9n%20y%20Atacama&#038;url=https:\/\/radiorevelacionfm.cl\/?p=47604' aria-hidden='false' data-av_icon='\ue8f1' data-av_iconfont='entypo-fontello' title='' data-avia-related-tooltip='Compartir en Twitter' rel=\"noopener\"><span class='avia_hidden_link_text'>Compartir en Twitter<\/span><\/a><\/li><li class='av-share-link av-social-link-whatsapp' ><a target=\"_blank\" aria-label=\"Compartir en Whatsapp\" href='https:\/\/api.whatsapp.com\/send?text=https:\/\/radiorevelacionfm.cl\/?p=47604' aria-hidden='false' data-av_icon='\uf232' data-av_iconfont='entypo-fontello' title='' data-avia-related-tooltip='Compartir en Whatsapp' rel=\"noopener\"><span class='avia_hidden_link_text'>Compartir en Whatsapp<\/span><\/a><\/li><li class='av-share-link av-social-link-linkedin' ><a target=\"_blank\" aria-label=\"Compartir en LinkedIn\" href='https:\/\/linkedin.com\/shareArticle?mini=true&#038;title=Este%2001%20y%2002%20de%20noviembre%20se%20realiza%20encuentro%20deportivo%20entre%20MOP%20de%20Ays%C3%A9n%20y%20Atacama&#038;url=https:\/\/radiorevelacionfm.cl\/?p=47604' aria-hidden='false' data-av_icon='\ue8fc' data-av_iconfont='entypo-fontello' title='' data-avia-related-tooltip='Compartir en LinkedIn' rel=\"noopener\"><span class='avia_hidden_link_text'>Compartir en LinkedIn<\/span><\/a><\/li><li class='av-share-link av-social-link-mail' ><a  aria-label=\"Compartir por correo\" href='mailto:?subject=Este%2001%20y%2002%20de%20noviembre%20se%20realiza%20encuentro%20deportivo%20entre%20MOP%20de%20Ays%C3%A9n%20y%20Atacama&#038;body=https:\/\/radiorevelacionfm.cl\/?p=47604' aria-hidden='false' data-av_icon='\ue805' data-av_iconfont='entypo-fontello' title='' data-avia-related-tooltip='Compartir por correo'><span class='avia_hidden_link_text'>Compartir por correo<\/span><\/a><\/li><\/ul><\/div><\/div>\n<div  style='height:50px' class='hr hr-invisible   avia-builder-el-8  el_after_av_social_share  el_before_av_comments_list '><span class='hr-inner ' ><span class='hr-inner-style'><\/span><\/span><\/div>\n<div  class='av-buildercomment  av-blog-meta-html-info-disabled av-blog-meta-tag-disabled  '><\/div>\n","protected":false},"excerpt":{"rendered":"","protected":false},"author":1,"featured_media":47605,"comment_status":"open","ping_status":"open","sticky":false,"template":"","format":"standard","meta":{"footnotes":""},"categories":[38],"tags":[],"class_list":["post-47604","post","type-post","status-publish","format-standard","has-post-thumbnail","hentry","category-regional"],"jetpack_featured_media_url":"https:\/\/radiorevelacionfm.cl\/wp-content\/uploads\/2024\/10\/img_1553-1_optimized.jpg","_links":{"self":[{"href":"https:\/\/radiorevelacionfm.cl\/index.php?rest_route=\/wp\/v2\/posts\/47604","targetHints":{"allow":["GET"]}}],"collection":[{"href":"https:\/\/radiorevelacionfm.cl\/index.php?rest_route=\/wp\/v2\/posts"}],"about":[{"href":"https:\/\/radiorevelacionfm.cl\/index.php?rest_route=\/wp\/v2\/types\/post"}],"author":[{"embeddable":true,"href":"https:\/\/radiorevelacionfm.cl\/index.php?rest_route=\/wp\/v2\/users\/1"}],"replies":[{"embeddable":true,"href":"https:\/\/radiorevelacionfm.cl\/index.php?rest_route=%2Fwp%2Fv2%2Fcomments&post=47604"}],"version-history":[{"count":1,"href":"https:\/\/radiorevelacionfm.cl\/index.php?rest_route=\/wp\/v2\/posts\/47604\/revisions"}],"predecessor-version":[{"id":47606,"href":"https:\/\/radiorevelacionfm.cl\/index.php?rest_route=\/wp\/v2\/posts\/47604\/revisions\/47606"}],"wp:featuredmedia":[{"embeddable":true,"href":"https:\/\/radiorevelacionfm.cl\/index.php?rest_route=\/wp\/v2\/media\/47605"}],"wp:attachment":[{"href":"https:\/\/radiorevelacionfm.cl\/index.php?rest_route=%2Fwp%2Fv2%2Fmedia&parent=47604"}],"wp:term":[{"taxonomy":"category","embeddable":true,"href":"https:\/\/radiorevelacionfm.cl\/index.php?rest_route=%2Fwp%2Fv2%2Fcategories&post=47604"},{"taxonomy":"post_tag","embeddable":true,"href":"https:\/\/radiorevelacionfm.cl\/index.php?rest_route=%2Fwp%2Fv2%2Ftags&post=47604"}],"curies":[{"name":"wp","href":"https:\/\/api.w.org\/{rel}","templated":true}]}}