{"id":47598,"date":"2024-10-30T19:01:58","date_gmt":"2024-10-30T22:01:58","guid":{"rendered":"https:\/\/radiorevelacionfm.cl\/?p=47598"},"modified":"2024-10-30T19:01:58","modified_gmt":"2024-10-30T22:01:58","slug":"lanzan-plan-de-servicios-para-prevenir-accidentes-viales-este-fin-de-semana-largo","status":"publish","type":"post","link":"https:\/\/radiorevelacionfm.cl\/?p=47598","title":{"rendered":"Lanzan plan de servicios para prevenir accidentes viales este fin de semana largo"},"content":{"rendered":"<div class=\"flex_column av_one_full  flex_column_div av-zero-column-padding first  avia-builder-el-0  el_before_av_one_full  avia-builder-el-first  \" style='border-radius:0px; '><div  class='avia-image-container  av-styling-    avia-builder-el-1  avia-builder-el-no-sibling  avia-align-center '  itemprop=\"image\" itemscope=\"itemscope\" itemtype=\"https:\/\/schema.org\/ImageObject\"  ><div class='avia-image-container-inner'><div class='avia-image-overlay-wrap'><img decoding=\"async\" class='wp-image-47599 avia-img-lazy-loading-not-47599 avia_image' src=\"https:\/\/radiorevelacionfm.cl\/wp-content\/uploads\/2024\/10\/c3e5de6d-b2a3-4f74-9908-1c1ba0c5052b-1_optimized.jpg\" alt='' title='c3e5de6d-b2a3-4f74-9908-1c1ba0c5052b-(1)_optimized' height=\"600\" width=\"800\"  itemprop=\"thumbnailUrl\" srcset=\"https:\/\/radiorevelacionfm.cl\/wp-content\/uploads\/2024\/10\/c3e5de6d-b2a3-4f74-9908-1c1ba0c5052b-1_optimized.jpg 800w, https:\/\/radiorevelacionfm.cl\/wp-content\/uploads\/2024\/10\/c3e5de6d-b2a3-4f74-9908-1c1ba0c5052b-1_optimized-300x225.jpg 300w, https:\/\/radiorevelacionfm.cl\/wp-content\/uploads\/2024\/10\/c3e5de6d-b2a3-4f74-9908-1c1ba0c5052b-1_optimized-768x576.jpg 768w, https:\/\/radiorevelacionfm.cl\/wp-content\/uploads\/2024\/10\/c3e5de6d-b2a3-4f74-9908-1c1ba0c5052b-1_optimized-705x529.jpg 705w, https:\/\/radiorevelacionfm.cl\/wp-content\/uploads\/2024\/10\/c3e5de6d-b2a3-4f74-9908-1c1ba0c5052b-1_optimized-450x338.jpg 450w, https:\/\/radiorevelacionfm.cl\/wp-content\/uploads\/2024\/10\/c3e5de6d-b2a3-4f74-9908-1c1ba0c5052b-1_optimized-600x450.jpg 600w\" sizes=\"(max-width: 800px) 100vw, 800px\" \/><\/div><\/div><\/div><\/div><div class=\"flex_column av_one_full  flex_column_div av-zero-column-padding first  avia-builder-el-2  el_after_av_one_full  el_before_av_one_full  column-top-margin\" style='border-radius:0px; '><section class=\"av_textblock_section \"  itemscope=\"itemscope\" itemtype=\"https:\/\/schema.org\/BlogPosting\" itemprop=\"blogPost\" ><div class='avia_textblock  '   itemprop=\"text\" ><p style=\"text-align: center;\"><strong><span style=\"font-size: 18pt;\">Lanzan plan de servicios para prevenir accidentes viales este fin de semana largo <\/span><\/strong><\/p>\n<div id=\"gtx-trans\" style=\"position: absolute; left: -50px; top: 4.31534px;\">\n<div class=\"gtx-trans-icon\"><\/div>\n<\/div>\n<\/div><\/section><\/div><div class=\"flex_column av_one_full  flex_column_div av-zero-column-padding first  avia-builder-el-4  el_after_av_one_full  el_before_av_hr  column-top-margin\" style='border-radius:0px; '><section class=\"av_textblock_section \"  itemscope=\"itemscope\" itemtype=\"https:\/\/schema.org\/BlogPosting\" itemprop=\"blogPost\" ><div class='avia_textblock  '   itemprop=\"text\" ><div>\n<p class=\"v1gmail-MsoListParagraph\" style=\"text-align: justify;\"><em><span lang=\"ES-MX\">Carabineros instalar\u00e1 14 puntos de control a lo largo de la regi\u00f3n. A ello se sumar\u00e1n servicios junto a Senda orientados a prevenir accidentes asociados al consumo de alcohol o drogas.<\/span><\/em><\/p>\n<p class=\"v1MsoNormal\" style=\"text-align: justify;\"><span lang=\"ES-MX\">Un amplio despliegue de servicios policiales en las rutas de la regi\u00f3n de Ays\u00e9n realiza desde este mi\u00e9rcoles Carabineros con la finalidad de prevenir la accidentabilidad vial en virtud de un incremento en los flujos vehiculares proyectados para este fin de semana largo con motivo de la festividad religiosa de Todos los Santos.<\/span><\/p>\n<p class=\"v1MsoNormal\" style=\"text-align: justify;\"><span lang=\"ES-MX\">En virtud del plan ruta segura, la Instituci\u00f3n efectu\u00f3 el lanzamiento de estos servicios en conjunto con la Seremi de Transportes y Telecomunicaciones en la Ruta 7 sur, sector recta Foitzick, en la comuna de Coyhaique, verificando el cumplimiento de la ley de tr\u00e1nsito, junto con enfatizar el llamado a una conducci\u00f3n con responsabilidad.<\/span><\/p>\n<p class=\"v1MsoNormal\" style=\"text-align: justify;\"><span lang=\"ES-MX\">El Oficial de la Secci\u00f3n de Investigaci\u00f3n de Accidentes de Tr\u00e1nsito (SIAT) Teniente Manuel C\u00e1ceres Baeza, indic\u00f3 que los controles se intensificar\u00e1n a partir de este mi\u00e9rcoles desde la localidad de La Junta -por el norte- hasta la comuna de Villa O\u00b4Higgins en el extremo m\u00e1s austral de la regi\u00f3n.<\/span><\/p>\n<p class=\"v1MsoNormal\" style=\"text-align: justify;\"><span lang=\"ES-MX\">\u00abSon 14 puntos de control los que se van a implementar a lo largo de toda la regi\u00f3n de Ays\u00e9n. Ser\u00e1n cerca de 28 los carabineros que van a estar desarrollando de manera exclusiva estas labores de fiscalizaci\u00f3n, por lo tanto, se van a intensificar los controles que consisten en verificar que la documentaci\u00f3n est\u00e9 al d\u00eda, esto es, el permiso de circulaci\u00f3n, seguro obligatorio y revisi\u00f3n t\u00e9cnica vigente\u00bb, indic\u00f3 el Oficial.<\/span><\/p>\n<p class=\"v1MsoNormal\" style=\"text-align: justify;\"><b><span lang=\"ES-MX\">Servicios Senda<\/span><\/b><\/p>\n<p class=\"v1MsoNormal\" style=\"text-align: justify;\"><span lang=\"ES-MX\">Parte de las causas de los accidentes viales est\u00e1n asociados a no estar atento a las condiciones del tr\u00e1nsito y a la presencia de alcohol en la conducci\u00f3n.<\/span><\/p>\n<p class=\"v1MsoNormal\" style=\"text-align: justify;\"><span lang=\"ES-MX\">\u00abEn ese sentido vamos a desarrollar controles de alcotest para detectar la presencia de alcohol en los conductores. Adem\u00e1s, Carabineros junto a Senda implementar\u00e1n servicios conjuntos para detectar la conducci\u00f3n bajo los efectos de drogas o sustancias prohibidas\u00bb, a\u00f1adi\u00f3 el Teniente C\u00e1ceres.<\/span><\/p>\n<p class=\"v1MsoNormal\" style=\"text-align: justify;\"><span lang=\"ES-MX\">El a\u00f1o 2023 -en esta misma fecha- se registraron tres siniestros viales en la regi\u00f3n, sin personas lesionadas. \u00abSin embargo, en dos de estos accidentes se detect\u00f3 la presencia de alcohol y eso es lo que queremos evitar o prevenir a trav\u00e9s de esta acci\u00f3n\u00bb, indic\u00f3 el Oficial SIAT.<\/span><\/p>\n<p class=\"v1MsoNormal\" style=\"text-align: justify;\"><span lang=\"ES-MX\">\u00a0\u00abNuestro llamado es a los conductores -al desplazarse por las v\u00edas- primeramente a verificar el estado mec\u00e1nico de sus veh\u00edculos, conducir a una velocidad razonable y prudente -atento a las condiciones del tr\u00e1nsito- y si van a transportar a menores de 8 a\u00f1os, realizarlo en asientos posteriores y con sistema de retenci\u00f3n infantil, mientras que todos los ocupantes del veh\u00edculo deben viajar utilizando el cintur\u00f3n de seguridad\u00bb.<\/span><\/p>\n<p class=\"v1MsoNormal\" style=\"text-align: justify;\"><span lang=\"ES-MX\">Paralelamente y dada las mejoras en las condiciones clim\u00e1ticas registradas en los \u00faltimos d\u00edas, Carabineros inst\u00f3 a la comunidad y a quienes visitan la regi\u00f3n a adoptar los resguardos y no arrojar cigarrillos encendidos, ni encender fogatas, previendo as\u00ed la ocurrencia de incendios forestales.<\/span><\/p>\n<\/div>\n<div style=\"text-align: justify;\"><\/div>\n<\/div><\/section><\/div><div  style='height:50px' class='hr hr-invisible   avia-builder-el-6  el_after_av_one_full  el_before_av_social_share '><span class='hr-inner ' ><span class='hr-inner-style'><\/span><\/span><\/div><\/p>\n<div  class='av-social-sharing-box  avia-builder-el-7  el_after_av_hr  el_before_av_hr  '><div class='av-share-box'><h5 class='av-share-link-description av-no-toc '>Compartir esta noticia<\/h5><ul class='av-share-box-list noLightbox'><li class='av-share-link av-social-link-facebook' ><a target=\"_blank\" aria-label=\"Compartir en Facebook\" href='https:\/\/www.facebook.com\/sharer.php?u=https:\/\/radiorevelacionfm.cl\/?p=47598&#038;t=Lanzan%20plan%20de%20servicios%20para%20prevenir%20accidentes%20viales%20este%20fin%20de%20semana%20largo' aria-hidden='false' data-av_icon='\ue8f3' data-av_iconfont='entypo-fontello' title='' data-avia-related-tooltip='Compartir en Facebook' rel=\"noopener\"><span class='avia_hidden_link_text'>Compartir en Facebook<\/span><\/a><\/li><li class='av-share-link av-social-link-twitter' ><a target=\"_blank\" aria-label=\"Compartir en Twitter\" href='https:\/\/twitter.com\/share?text=Lanzan%20plan%20de%20servicios%20para%20prevenir%20accidentes%20viales%20este%20fin%20de%20semana%20largo&#038;url=https:\/\/radiorevelacionfm.cl\/?p=47598' aria-hidden='false' data-av_icon='\ue8f1' data-av_iconfont='entypo-fontello' title='' data-avia-related-tooltip='Compartir en Twitter' rel=\"noopener\"><span class='avia_hidden_link_text'>Compartir en Twitter<\/span><\/a><\/li><li class='av-share-link av-social-link-whatsapp' ><a target=\"_blank\" aria-label=\"Compartir en Whatsapp\" href='https:\/\/api.whatsapp.com\/send?text=https:\/\/radiorevelacionfm.cl\/?p=47598' aria-hidden='false' data-av_icon='\uf232' data-av_iconfont='entypo-fontello' title='' data-avia-related-tooltip='Compartir en Whatsapp' rel=\"noopener\"><span class='avia_hidden_link_text'>Compartir en Whatsapp<\/span><\/a><\/li><li class='av-share-link av-social-link-linkedin' ><a target=\"_blank\" aria-label=\"Compartir en LinkedIn\" href='https:\/\/linkedin.com\/shareArticle?mini=true&#038;title=Lanzan%20plan%20de%20servicios%20para%20prevenir%20accidentes%20viales%20este%20fin%20de%20semana%20largo&#038;url=https:\/\/radiorevelacionfm.cl\/?p=47598' aria-hidden='false' data-av_icon='\ue8fc' data-av_iconfont='entypo-fontello' title='' data-avia-related-tooltip='Compartir en LinkedIn' rel=\"noopener\"><span class='avia_hidden_link_text'>Compartir en LinkedIn<\/span><\/a><\/li><li class='av-share-link av-social-link-mail' ><a  aria-label=\"Compartir por correo\" href='mailto:?subject=Lanzan%20plan%20de%20servicios%20para%20prevenir%20accidentes%20viales%20este%20fin%20de%20semana%20largo&#038;body=https:\/\/radiorevelacionfm.cl\/?p=47598' aria-hidden='false' data-av_icon='\ue805' data-av_iconfont='entypo-fontello' title='' data-avia-related-tooltip='Compartir por correo'><span class='avia_hidden_link_text'>Compartir por correo<\/span><\/a><\/li><\/ul><\/div><\/div>\n<div  style='height:50px' class='hr hr-invisible   avia-builder-el-8  el_after_av_social_share  el_before_av_comments_list '><span class='hr-inner ' ><span class='hr-inner-style'><\/span><\/span><\/div>\n<div  class='av-buildercomment  av-blog-meta-html-info-disabled av-blog-meta-tag-disabled  '><\/div>\n","protected":false},"excerpt":{"rendered":"","protected":false},"author":1,"featured_media":47599,"comment_status":"open","ping_status":"open","sticky":false,"template":"","format":"standard","meta":{"footnotes":""},"categories":[36],"tags":[],"class_list":["post-47598","post","type-post","status-publish","format-standard","has-post-thumbnail","hentry","category-policial"],"jetpack_featured_media_url":"https:\/\/radiorevelacionfm.cl\/wp-content\/uploads\/2024\/10\/c3e5de6d-b2a3-4f74-9908-1c1ba0c5052b-1_optimized.jpg","_links":{"self":[{"href":"https:\/\/radiorevelacionfm.cl\/index.php?rest_route=\/wp\/v2\/posts\/47598","targetHints":{"allow":["GET"]}}],"collection":[{"href":"https:\/\/radiorevelacionfm.cl\/index.php?rest_route=\/wp\/v2\/posts"}],"about":[{"href":"https:\/\/radiorevelacionfm.cl\/index.php?rest_route=\/wp\/v2\/types\/post"}],"author":[{"embeddable":true,"href":"https:\/\/radiorevelacionfm.cl\/index.php?rest_route=\/wp\/v2\/users\/1"}],"replies":[{"embeddable":true,"href":"https:\/\/radiorevelacionfm.cl\/index.php?rest_route=%2Fwp%2Fv2%2Fcomments&post=47598"}],"version-history":[{"count":1,"href":"https:\/\/radiorevelacionfm.cl\/index.php?rest_route=\/wp\/v2\/posts\/47598\/revisions"}],"predecessor-version":[{"id":47600,"href":"https:\/\/radiorevelacionfm.cl\/index.php?rest_route=\/wp\/v2\/posts\/47598\/revisions\/47600"}],"wp:featuredmedia":[{"embeddable":true,"href":"https:\/\/radiorevelacionfm.cl\/index.php?rest_route=\/wp\/v2\/media\/47599"}],"wp:attachment":[{"href":"https:\/\/radiorevelacionfm.cl\/index.php?rest_route=%2Fwp%2Fv2%2Fmedia&parent=47598"}],"wp:term":[{"taxonomy":"category","embeddable":true,"href":"https:\/\/radiorevelacionfm.cl\/index.php?rest_route=%2Fwp%2Fv2%2Fcategories&post=47598"},{"taxonomy":"post_tag","embeddable":true,"href":"https:\/\/radiorevelacionfm.cl\/index.php?rest_route=%2Fwp%2Fv2%2Ftags&post=47598"}],"curies":[{"name":"wp","href":"https:\/\/api.w.org\/{rel}","templated":true}]}}