{"id":47595,"date":"2024-10-31T21:19:16","date_gmt":"2024-11-01T00:19:16","guid":{"rendered":"https:\/\/radiorevelacionfm.cl\/?p=47595"},"modified":"2024-10-31T21:19:16","modified_gmt":"2024-11-01T00:19:16","slug":"presidenta-regional-de-la-udi-agradecemos-el-tremendo-respaldo-que-la-region-le-entrego-a-nuestros-candidatos","status":"publish","type":"post","link":"https:\/\/radiorevelacionfm.cl\/?p=47595","title":{"rendered":"Presidenta regional de la UDI:  \u201cAgradecemos el tremendo respaldo que la regi\u00f3n le entreg\u00f3 a nuestros candidatos\u201d"},"content":{"rendered":"<div class=\"flex_column av_one_full  flex_column_div av-zero-column-padding first  avia-builder-el-0  el_before_av_one_full  avia-builder-el-first  \" style='border-radius:0px; '><div  class='avia-image-container  av-styling-    avia-builder-el-1  avia-builder-el-no-sibling  avia-align-center '  itemprop=\"image\" itemscope=\"itemscope\" itemtype=\"https:\/\/schema.org\/ImageObject\"  ><div class='avia-image-container-inner'><div class='avia-image-overlay-wrap'><img decoding=\"async\" class='wp-image-47596 avia-img-lazy-loading-not-47596 avia_image' src=\"https:\/\/radiorevelacionfm.cl\/wp-content\/uploads\/2024\/10\/foto-elecciones-1_optimized.jpg\" alt='' title='foto-elecciones-(1)_optimized' height=\"600\" width=\"800\"  itemprop=\"thumbnailUrl\" srcset=\"https:\/\/radiorevelacionfm.cl\/wp-content\/uploads\/2024\/10\/foto-elecciones-1_optimized.jpg 800w, https:\/\/radiorevelacionfm.cl\/wp-content\/uploads\/2024\/10\/foto-elecciones-1_optimized-300x225.jpg 300w, https:\/\/radiorevelacionfm.cl\/wp-content\/uploads\/2024\/10\/foto-elecciones-1_optimized-768x576.jpg 768w, https:\/\/radiorevelacionfm.cl\/wp-content\/uploads\/2024\/10\/foto-elecciones-1_optimized-705x529.jpg 705w, https:\/\/radiorevelacionfm.cl\/wp-content\/uploads\/2024\/10\/foto-elecciones-1_optimized-450x338.jpg 450w, https:\/\/radiorevelacionfm.cl\/wp-content\/uploads\/2024\/10\/foto-elecciones-1_optimized-600x450.jpg 600w\" sizes=\"(max-width: 800px) 100vw, 800px\" \/><\/div><\/div><\/div><\/div><div class=\"flex_column av_one_full  flex_column_div av-zero-column-padding first  avia-builder-el-2  el_after_av_one_full  el_before_av_one_full  column-top-margin\" style='border-radius:0px; '><section class=\"av_textblock_section \"  itemscope=\"itemscope\" itemtype=\"https:\/\/schema.org\/BlogPosting\" itemprop=\"blogPost\" ><div class='avia_textblock  '   itemprop=\"text\" ><p style=\"text-align: center;\"><strong><span style=\"font-size: 18pt;\">Presidenta regional de la UDI: \u201cAgradecemos el tremendo respaldo que la regi\u00f3n le entreg\u00f3 a nuestros candidatos\u201d<\/span><\/strong><\/p>\n<div id=\"gtx-trans\" style=\"position: absolute; left: -50px; top: 4.31534px;\">\n<div class=\"gtx-trans-icon\"><\/div>\n<\/div>\n<\/div><\/section><\/div><div class=\"flex_column av_one_full  flex_column_div av-zero-column-padding first  avia-builder-el-4  el_after_av_one_full  el_before_av_hr  column-top-margin\" style='border-radius:0px; '><section class=\"av_textblock_section \"  itemscope=\"itemscope\" itemtype=\"https:\/\/schema.org\/BlogPosting\" itemprop=\"blogPost\" ><div class='avia_textblock  '   itemprop=\"text\" ><p style=\"text-align: justify;\"><em>Andrea Ponce destac\u00f3 especialmente el triunfo de Marcelo Santana en la Gobernaci\u00f3n Regional, que a su juicio es una muestra de la necesidad que hab\u00eda de cambiar la forma de hacer gesti\u00f3n en Ays\u00e9n.<\/em><\/p>\n<p style=\"text-align: justify;\">La presidenta regional de la Uni\u00f3n Dem\u00f3crata Independiente (UDI), Andrea Ponce, destac\u00f3 los resultados obtenidos por el sector en la regi\u00f3n de Ays\u00e9n en las elecciones del fin de semana.<\/p>\n<p style=\"text-align: justify;\">Ponce hizo hincapi\u00e9 especialmente en la abrumadora mayor\u00eda con la que se impuso Marcelo Santana Vargas en la elecci\u00f3n de Gobernador Regional, lo que a su juicio es una muestra de la necesidad de hacer un cambio en la forma de hacer gesti\u00f3n en Ays\u00e9n. \u201cSin duda, lo que sucedi\u00f3 este fin de semana demuestra que nuestros vecinos necesitaban volver a creer en un proyecto serio, responsable y que les devolviera la confianza en un Gobierno Regional que hab\u00eda sido muy err\u00e1tico en su gesti\u00f3n\u201d, se\u00f1al\u00f3.<\/p>\n<p style=\"text-align: justify;\">En ese sentido, dijo: \u201cMarcelo Santana tiene una gran trayectoria y experiencia. Fue alcalde, consejero regional, y estamos seguros que cumplir\u00e1 una gran labor a cargo del GORE\u201d.<\/p>\n<p style=\"text-align: justify;\">Asimismo, destac\u00f3 los triunfos de los tres candidatos a alcalde que present\u00f3 la UDI a nivel regional. \u201cLa victoria de Luis Mart\u00ednez en Ays\u00e9n; Marcelo Jelvez en R\u00edo Ib\u00e1\u00f1ez; y Patricio Ulloa en Cochrane, son fruto del esfuerzo que por mucho tiempo han desplegado en sus comunidades, entendiendo cu\u00e1les son los problemas que viven los vecinos y c\u00f3mo salir adelante en conjunto\u201d, resalt\u00f3.<\/p>\n<p style=\"text-align: justify;\">En la misma l\u00ednea, valor\u00f3 los resultados en consejeros regionales, donde la UDI tendr\u00e1 representantes en las cuatro provincias: Omar Mu\u00f1oz en Coyhaique, Eligio Montecinos en Ays\u00e9n, Arcadio Soto en General Carrera y Rodrigo Rivera en Capit\u00e1n Prat. A esto se suma la elecci\u00f3n de 15 concejales, distribuidos en las distintas comunas de la regi\u00f3n de Ays\u00e9n.<\/p>\n<p style=\"text-align: justify;\">Por \u00faltimo, la dirigente recalc\u00f3: \u201cEn resumen, agradecemos el tremendo respaldo que la regi\u00f3n le entreg\u00f3 a nuestros candidatos, lo que nos posiciona como una fuerza pol\u00edtica potente, considerando tambi\u00e9n los desaf\u00edos que se vendr\u00e1n el pr\u00f3ximo a\u00f1o\u201d.<\/p>\n<\/div><\/section><\/div><div  style='height:50px' class='hr hr-invisible   avia-builder-el-6  el_after_av_one_full  el_before_av_social_share '><span class='hr-inner ' ><span class='hr-inner-style'><\/span><\/span><\/div><\/p>\n<div  class='av-social-sharing-box  avia-builder-el-7  el_after_av_hr  el_before_av_hr  '><div class='av-share-box'><h5 class='av-share-link-description av-no-toc '>Compartir esta noticia<\/h5><ul class='av-share-box-list noLightbox'><li class='av-share-link av-social-link-facebook' ><a target=\"_blank\" aria-label=\"Compartir en Facebook\" href='https:\/\/www.facebook.com\/sharer.php?u=https:\/\/radiorevelacionfm.cl\/?p=47595&#038;t=Presidenta%20regional%20de%20la%20UDI%3A%20%20%E2%80%9CAgradecemos%20el%20tremendo%20respaldo%20que%20la%20regi%C3%B3n%20le%20entreg%C3%B3%20a%20nuestros%20candidatos%E2%80%9D' aria-hidden='false' data-av_icon='\ue8f3' data-av_iconfont='entypo-fontello' title='' data-avia-related-tooltip='Compartir en Facebook' rel=\"noopener\"><span class='avia_hidden_link_text'>Compartir en Facebook<\/span><\/a><\/li><li class='av-share-link av-social-link-twitter' ><a target=\"_blank\" aria-label=\"Compartir en Twitter\" href='https:\/\/twitter.com\/share?text=Presidenta%20regional%20de%20la%20UDI%3A%20%20%E2%80%9CAgradecemos%20el%20tremendo%20respaldo%20que%20la%20regi%C3%B3n%20le%20entreg%C3%B3%20a%20nuestros%20candidatos%E2%80%9D&#038;url=https:\/\/radiorevelacionfm.cl\/?p=47595' aria-hidden='false' data-av_icon='\ue8f1' data-av_iconfont='entypo-fontello' title='' data-avia-related-tooltip='Compartir en Twitter' rel=\"noopener\"><span class='avia_hidden_link_text'>Compartir en Twitter<\/span><\/a><\/li><li class='av-share-link av-social-link-whatsapp' ><a target=\"_blank\" aria-label=\"Compartir en Whatsapp\" href='https:\/\/api.whatsapp.com\/send?text=https:\/\/radiorevelacionfm.cl\/?p=47595' aria-hidden='false' data-av_icon='\uf232' data-av_iconfont='entypo-fontello' title='' data-avia-related-tooltip='Compartir en Whatsapp' rel=\"noopener\"><span class='avia_hidden_link_text'>Compartir en Whatsapp<\/span><\/a><\/li><li class='av-share-link av-social-link-linkedin' ><a target=\"_blank\" aria-label=\"Compartir en LinkedIn\" href='https:\/\/linkedin.com\/shareArticle?mini=true&#038;title=Presidenta%20regional%20de%20la%20UDI%3A%20%20%E2%80%9CAgradecemos%20el%20tremendo%20respaldo%20que%20la%20regi%C3%B3n%20le%20entreg%C3%B3%20a%20nuestros%20candidatos%E2%80%9D&#038;url=https:\/\/radiorevelacionfm.cl\/?p=47595' aria-hidden='false' data-av_icon='\ue8fc' data-av_iconfont='entypo-fontello' title='' data-avia-related-tooltip='Compartir en LinkedIn' rel=\"noopener\"><span class='avia_hidden_link_text'>Compartir en LinkedIn<\/span><\/a><\/li><li class='av-share-link av-social-link-mail' ><a  aria-label=\"Compartir por correo\" href='mailto:?subject=Presidenta%20regional%20de%20la%20UDI%3A%20%20%E2%80%9CAgradecemos%20el%20tremendo%20respaldo%20que%20la%20regi%C3%B3n%20le%20entreg%C3%B3%20a%20nuestros%20candidatos%E2%80%9D&#038;body=https:\/\/radiorevelacionfm.cl\/?p=47595' aria-hidden='false' data-av_icon='\ue805' data-av_iconfont='entypo-fontello' title='' data-avia-related-tooltip='Compartir por correo'><span class='avia_hidden_link_text'>Compartir por correo<\/span><\/a><\/li><\/ul><\/div><\/div>\n<div  style='height:50px' class='hr hr-invisible   avia-builder-el-8  el_after_av_social_share  el_before_av_comments_list '><span class='hr-inner ' ><span class='hr-inner-style'><\/span><\/span><\/div>\n<div  class='av-buildercomment  av-blog-meta-html-info-disabled av-blog-meta-tag-disabled  '><\/div>\n","protected":false},"excerpt":{"rendered":"","protected":false},"author":1,"featured_media":47596,"comment_status":"open","ping_status":"open","sticky":false,"template":"","format":"standard","meta":{"footnotes":""},"categories":[35],"tags":[],"class_list":["post-47595","post","type-post","status-publish","format-standard","has-post-thumbnail","hentry","category-politica"],"jetpack_featured_media_url":"https:\/\/radiorevelacionfm.cl\/wp-content\/uploads\/2024\/10\/foto-elecciones-1_optimized.jpg","_links":{"self":[{"href":"https:\/\/radiorevelacionfm.cl\/index.php?rest_route=\/wp\/v2\/posts\/47595","targetHints":{"allow":["GET"]}}],"collection":[{"href":"https:\/\/radiorevelacionfm.cl\/index.php?rest_route=\/wp\/v2\/posts"}],"about":[{"href":"https:\/\/radiorevelacionfm.cl\/index.php?rest_route=\/wp\/v2\/types\/post"}],"author":[{"embeddable":true,"href":"https:\/\/radiorevelacionfm.cl\/index.php?rest_route=\/wp\/v2\/users\/1"}],"replies":[{"embeddable":true,"href":"https:\/\/radiorevelacionfm.cl\/index.php?rest_route=%2Fwp%2Fv2%2Fcomments&post=47595"}],"version-history":[{"count":1,"href":"https:\/\/radiorevelacionfm.cl\/index.php?rest_route=\/wp\/v2\/posts\/47595\/revisions"}],"predecessor-version":[{"id":47597,"href":"https:\/\/radiorevelacionfm.cl\/index.php?rest_route=\/wp\/v2\/posts\/47595\/revisions\/47597"}],"wp:featuredmedia":[{"embeddable":true,"href":"https:\/\/radiorevelacionfm.cl\/index.php?rest_route=\/wp\/v2\/media\/47596"}],"wp:attachment":[{"href":"https:\/\/radiorevelacionfm.cl\/index.php?rest_route=%2Fwp%2Fv2%2Fmedia&parent=47595"}],"wp:term":[{"taxonomy":"category","embeddable":true,"href":"https:\/\/radiorevelacionfm.cl\/index.php?rest_route=%2Fwp%2Fv2%2Fcategories&post=47595"},{"taxonomy":"post_tag","embeddable":true,"href":"https:\/\/radiorevelacionfm.cl\/index.php?rest_route=%2Fwp%2Fv2%2Ftags&post=47595"}],"curies":[{"name":"wp","href":"https:\/\/api.w.org\/{rel}","templated":true}]}}