{"id":47592,"date":"2024-10-31T16:16:27","date_gmt":"2024-10-31T19:16:27","guid":{"rendered":"https:\/\/radiorevelacionfm.cl\/?p=47592"},"modified":"2024-10-31T16:16:27","modified_gmt":"2024-10-31T19:16:27","slug":"medio-ambiente-realiza-taller-ciudadano-sobre-estrategia-nacional-de-transicion-socioecologica-justa","status":"publish","type":"post","link":"https:\/\/radiorevelacionfm.cl\/?p=47592","title":{"rendered":"Medio Ambiente realiza taller ciudadano sobre Estrategia Nacional de Transici\u00f3n Socioecol\u00f3gica Justa"},"content":{"rendered":"<div class=\"flex_column av_one_full  flex_column_div av-zero-column-padding first  avia-builder-el-0  el_before_av_one_full  avia-builder-el-first  \" style='border-radius:0px; '><div  class='avia-image-container  av-styling-    avia-builder-el-1  avia-builder-el-no-sibling  avia-align-center '  itemprop=\"image\" itemscope=\"itemscope\" itemtype=\"https:\/\/schema.org\/ImageObject\"  ><div class='avia-image-container-inner'><div class='avia-image-overlay-wrap'><img decoding=\"async\" class='wp-image-47593 avia-img-lazy-loading-not-47593 avia_image' src=\"https:\/\/radiorevelacionfm.cl\/wp-content\/uploads\/2024\/10\/20241030_143644746_ios-1-1_optimized-1.jpg\" alt='' title='20241030_143644746_ios-(1)-(1)_optimized (1)' height=\"600\" width=\"1067\"  itemprop=\"thumbnailUrl\" srcset=\"https:\/\/radiorevelacionfm.cl\/wp-content\/uploads\/2024\/10\/20241030_143644746_ios-1-1_optimized-1.jpg 1067w, https:\/\/radiorevelacionfm.cl\/wp-content\/uploads\/2024\/10\/20241030_143644746_ios-1-1_optimized-1-300x169.jpg 300w, https:\/\/radiorevelacionfm.cl\/wp-content\/uploads\/2024\/10\/20241030_143644746_ios-1-1_optimized-1-1030x579.jpg 1030w, https:\/\/radiorevelacionfm.cl\/wp-content\/uploads\/2024\/10\/20241030_143644746_ios-1-1_optimized-1-768x432.jpg 768w, https:\/\/radiorevelacionfm.cl\/wp-content\/uploads\/2024\/10\/20241030_143644746_ios-1-1_optimized-1-705x396.jpg 705w, https:\/\/radiorevelacionfm.cl\/wp-content\/uploads\/2024\/10\/20241030_143644746_ios-1-1_optimized-1-450x253.jpg 450w, https:\/\/radiorevelacionfm.cl\/wp-content\/uploads\/2024\/10\/20241030_143644746_ios-1-1_optimized-1-600x337.jpg 600w\" sizes=\"(max-width: 1067px) 100vw, 1067px\" \/><\/div><\/div><\/div><\/div><div class=\"flex_column av_one_full  flex_column_div av-zero-column-padding first  avia-builder-el-2  el_after_av_one_full  el_before_av_one_full  column-top-margin\" style='border-radius:0px; '><section class=\"av_textblock_section \"  itemscope=\"itemscope\" itemtype=\"https:\/\/schema.org\/BlogPosting\" itemprop=\"blogPost\" ><div class='avia_textblock  '   itemprop=\"text\" ><p style=\"text-align: center;\"><strong><span style=\"font-size: 18pt;\">Medio Ambiente realiza taller ciudadano sobre Estrategia Nacional de Transici\u00f3n Socioecol\u00f3gica Justa<\/span><\/strong><\/p>\n<div id=\"gtx-trans\" style=\"position: absolute; left: -50px; top: 4.31534px;\">\n<div class=\"gtx-trans-icon\"><\/div>\n<\/div>\n<\/div><\/section><\/div><div class=\"flex_column av_one_full  flex_column_div av-zero-column-padding first  avia-builder-el-4  el_after_av_one_full  el_before_av_hr  column-top-margin\" style='border-radius:0px; '><section class=\"av_textblock_section \"  itemscope=\"itemscope\" itemtype=\"https:\/\/schema.org\/BlogPosting\" itemprop=\"blogPost\" ><div class='avia_textblock  '   itemprop=\"text\" ><p style=\"text-align: justify;\">Para apoyar y acompa\u00f1ar el proceso de participaci\u00f3n ciudadana y consulta p\u00fablica del Anteproyecto de la Estrategia Nacional de Transici\u00f3n Socioecol\u00f3gica Justa, el ministerio del Medio Ambiente est\u00e1 realizando talleres ciudadanos de forma virtual, y presencial en todas las regiones de pa\u00eds, siendo Ays\u00e9n y Antofagasta las primeras en ser convocadas.<\/p>\n<p style=\"text-align: justify;\">\u201cConcluimos el taller de la Estrategia Nacional de Transici\u00f3n Ecol\u00f3gica Justa. Este espacio que nos permite pensar un nuevo modelo de desarrollo, mirando la perspectiva de la triple crisis en la que nos encontramos, pero tambi\u00e9n todas las dimensiones: la social, la productiva y la ambiental. Todos los participantes de este taller fueron tambi\u00e9n garantes de que la mirada de la regi\u00f3n de Ays\u00e9n quedara puesta en este instrumento y esperamos que esa participaci\u00f3n ciudadana tambi\u00e9n mire la realidad territorial de la zona extrema y por supuesto de la regi\u00f3n de Ays\u00e9n, con todas sus realidades, sus diferencias y eso nos permita mirar esta estrategia como una oportunidad para el desarrollo de nuestra regi\u00f3n.\u201d, declar\u00f3 el Seremi Yoal D\u00edaz, recordando que la Consulta P\u00fablica del anteproyecto de la Estrategia Nacional de Transici\u00f3n Socioecol\u00f3gica Justa se extender\u00e1 hasta el 24 de diciembre de 2024 y las y los interesados podr\u00e1n participar ingresando al sitio web consultasciudadanas.mma.gob.cl\/portal, donde podr\u00e1n conocer el anteproyecto de la Estrategia Nacional, ingresar consultas y observaciones, y adem\u00e1s invit\u00f3 a la ciudadan\u00eda a canalizar sus inquietudes, comentarios,\u00a0 antecedentes y aportes, a trav\u00e9s de la plataforma del Ministerio del Medio Ambiente o <a href=\"mailto:transicion@mma.gob.cl\">transicion@mma.gob.cl<\/a><\/p>\n<p style=\"text-align: justify;\">Por su parte la asistente al taller y encargada regional de la estrategia comunidades portal, Florencia Ben\u00edtez, reflexion\u00f3 \u201ccreo que la transici\u00f3n socioecol\u00f3gica justa, al final es una visi\u00f3n de pa\u00eds (\u2026) es importante que se escuche la voz del territorio y sobre todo esta Patagonia donde tenemos este tremendo patrimonio natural y hoy, hay que empujar hacia una transici\u00f3n de los sistemas productivos, porque sabemos que hay sistemas productivos que generan muchos impactos en los territorios\u201d.<\/p>\n<p style=\"text-align: justify;\">La profesional asociada del programa para las naciones unidas PNUD en la oficina de transici\u00f3n Socioecol\u00f3gica Justa del ministerio del Medio Ambiente, Gemita Igor,\u00a0 estuvo a cargo de realizar la exposici\u00f3n de la Estrategia Nacional de Transici\u00f3n Socioecol\u00f3gica Justa ENTSEJ, pol\u00edtica de Estado que busca entregar los lineamientos, objetivos y criterios para impulsar procesos de transformaci\u00f3n y\/o adaptaci\u00f3n hacia una mayor sostenibilidad, incorporando un enfoque socioecol\u00f3gico y criterios de justicia, en distintos territorios del pa\u00eds.<\/p>\n<p style=\"text-align: justify;\">\u201cLa Estrategia de transici\u00f3n Ecol\u00f3gica Justa tiene cuatro ejes: el resguardo ecosist\u00e9mico, otro con el bienestar de las personas, un tercero que tiene que ver con la reconversi\u00f3n laboral y el cuarto con la innovaci\u00f3n; y apunta muy importantemente a todas las transformaciones que necesitamos como pa\u00eds, para ser un pa\u00eds desarrollado, pero desde el desarrollo sostenible y justo\u201d explic\u00f3 Gemita Igor, agregando que en el trabajo de comisiones las y los participantes pudieron abordar cada eje de la estrategia, lo que permiti\u00f3 recoger las particulares observaciones de la regi\u00f3n de Ays\u00e9n \u201crequiere la participaci\u00f3n de todas y todas para que den sus opiniones respecto a c\u00f3mo esta estrategia lo est\u00e1 abordando y c\u00f3mo podemos mejorar esa estrategia, dando sus opiniones tambi\u00e9n desde la realidad de la regi\u00f3n de Ays\u00e9n, que tiene una realidad muy, muy distinta al resto del pa\u00eds y la transici\u00f3n tambi\u00e9n tiene que recoger esa realidad del territorio\u201d, concluy\u00f3.<\/p>\n<\/div><\/section><\/div><div  style='height:50px' class='hr hr-invisible   avia-builder-el-6  el_after_av_one_full  el_before_av_social_share '><span class='hr-inner ' ><span class='hr-inner-style'><\/span><\/span><\/div><\/p>\n<div  class='av-social-sharing-box  avia-builder-el-7  el_after_av_hr  el_before_av_hr  '><div class='av-share-box'><h5 class='av-share-link-description av-no-toc '>Compartir esta noticia<\/h5><ul class='av-share-box-list noLightbox'><li class='av-share-link av-social-link-facebook' ><a target=\"_blank\" aria-label=\"Compartir en Facebook\" href='https:\/\/www.facebook.com\/sharer.php?u=https:\/\/radiorevelacionfm.cl\/?p=47592&#038;t=Medio%20Ambiente%20realiza%20taller%20ciudadano%20sobre%20Estrategia%20Nacional%20de%20Transici%C3%B3n%20Socioecol%C3%B3gica%20Justa' aria-hidden='false' data-av_icon='\ue8f3' data-av_iconfont='entypo-fontello' title='' data-avia-related-tooltip='Compartir en Facebook' rel=\"noopener\"><span class='avia_hidden_link_text'>Compartir en Facebook<\/span><\/a><\/li><li class='av-share-link av-social-link-twitter' ><a target=\"_blank\" aria-label=\"Compartir en Twitter\" href='https:\/\/twitter.com\/share?text=Medio%20Ambiente%20realiza%20taller%20ciudadano%20sobre%20Estrategia%20Nacional%20de%20Transici%C3%B3n%20Socioecol%C3%B3gica%20Justa&#038;url=https:\/\/radiorevelacionfm.cl\/?p=47592' aria-hidden='false' data-av_icon='\ue8f1' data-av_iconfont='entypo-fontello' title='' data-avia-related-tooltip='Compartir en Twitter' rel=\"noopener\"><span class='avia_hidden_link_text'>Compartir en Twitter<\/span><\/a><\/li><li class='av-share-link av-social-link-whatsapp' ><a target=\"_blank\" aria-label=\"Compartir en Whatsapp\" href='https:\/\/api.whatsapp.com\/send?text=https:\/\/radiorevelacionfm.cl\/?p=47592' aria-hidden='false' data-av_icon='\uf232' data-av_iconfont='entypo-fontello' title='' data-avia-related-tooltip='Compartir en Whatsapp' rel=\"noopener\"><span class='avia_hidden_link_text'>Compartir en Whatsapp<\/span><\/a><\/li><li class='av-share-link av-social-link-linkedin' ><a target=\"_blank\" aria-label=\"Compartir en LinkedIn\" href='https:\/\/linkedin.com\/shareArticle?mini=true&#038;title=Medio%20Ambiente%20realiza%20taller%20ciudadano%20sobre%20Estrategia%20Nacional%20de%20Transici%C3%B3n%20Socioecol%C3%B3gica%20Justa&#038;url=https:\/\/radiorevelacionfm.cl\/?p=47592' aria-hidden='false' data-av_icon='\ue8fc' data-av_iconfont='entypo-fontello' title='' data-avia-related-tooltip='Compartir en LinkedIn' rel=\"noopener\"><span class='avia_hidden_link_text'>Compartir en LinkedIn<\/span><\/a><\/li><li class='av-share-link av-social-link-mail' ><a  aria-label=\"Compartir por correo\" href='mailto:?subject=Medio%20Ambiente%20realiza%20taller%20ciudadano%20sobre%20Estrategia%20Nacional%20de%20Transici%C3%B3n%20Socioecol%C3%B3gica%20Justa&#038;body=https:\/\/radiorevelacionfm.cl\/?p=47592' aria-hidden='false' data-av_icon='\ue805' data-av_iconfont='entypo-fontello' title='' data-avia-related-tooltip='Compartir por correo'><span class='avia_hidden_link_text'>Compartir por correo<\/span><\/a><\/li><\/ul><\/div><\/div>\n<div  style='height:50px' class='hr hr-invisible   avia-builder-el-8  el_after_av_social_share  el_before_av_comments_list '><span class='hr-inner ' ><span class='hr-inner-style'><\/span><\/span><\/div>\n<div  class='av-buildercomment  av-blog-meta-html-info-disabled av-blog-meta-tag-disabled  '><\/div>\n","protected":false},"excerpt":{"rendered":"","protected":false},"author":1,"featured_media":47593,"comment_status":"open","ping_status":"open","sticky":false,"template":"","format":"standard","meta":{"footnotes":""},"categories":[39],"tags":[],"class_list":["post-47592","post","type-post","status-publish","format-standard","has-post-thumbnail","hentry","category-medio-ambiente"],"jetpack_featured_media_url":"https:\/\/radiorevelacionfm.cl\/wp-content\/uploads\/2024\/10\/20241030_143644746_ios-1-1_optimized-1.jpg","_links":{"self":[{"href":"https:\/\/radiorevelacionfm.cl\/index.php?rest_route=\/wp\/v2\/posts\/47592","targetHints":{"allow":["GET"]}}],"collection":[{"href":"https:\/\/radiorevelacionfm.cl\/index.php?rest_route=\/wp\/v2\/posts"}],"about":[{"href":"https:\/\/radiorevelacionfm.cl\/index.php?rest_route=\/wp\/v2\/types\/post"}],"author":[{"embeddable":true,"href":"https:\/\/radiorevelacionfm.cl\/index.php?rest_route=\/wp\/v2\/users\/1"}],"replies":[{"embeddable":true,"href":"https:\/\/radiorevelacionfm.cl\/index.php?rest_route=%2Fwp%2Fv2%2Fcomments&post=47592"}],"version-history":[{"count":1,"href":"https:\/\/radiorevelacionfm.cl\/index.php?rest_route=\/wp\/v2\/posts\/47592\/revisions"}],"predecessor-version":[{"id":47594,"href":"https:\/\/radiorevelacionfm.cl\/index.php?rest_route=\/wp\/v2\/posts\/47592\/revisions\/47594"}],"wp:featuredmedia":[{"embeddable":true,"href":"https:\/\/radiorevelacionfm.cl\/index.php?rest_route=\/wp\/v2\/media\/47593"}],"wp:attachment":[{"href":"https:\/\/radiorevelacionfm.cl\/index.php?rest_route=%2Fwp%2Fv2%2Fmedia&parent=47592"}],"wp:term":[{"taxonomy":"category","embeddable":true,"href":"https:\/\/radiorevelacionfm.cl\/index.php?rest_route=%2Fwp%2Fv2%2Fcategories&post=47592"},{"taxonomy":"post_tag","embeddable":true,"href":"https:\/\/radiorevelacionfm.cl\/index.php?rest_route=%2Fwp%2Fv2%2Ftags&post=47592"}],"curies":[{"name":"wp","href":"https:\/\/api.w.org\/{rel}","templated":true}]}}