{"id":47589,"date":"2024-10-30T18:24:40","date_gmt":"2024-10-30T21:24:40","guid":{"rendered":"https:\/\/radiorevelacionfm.cl\/?p=47589"},"modified":"2024-10-30T18:24:40","modified_gmt":"2024-10-30T21:24:40","slug":"tras-varios-anos-de-trabajo-96-familias-del-comite-proyecto-joven-de-balmaceda-abrieron-las-puertas-de-su-casa-propia","status":"publish","type":"post","link":"https:\/\/radiorevelacionfm.cl\/?p=47589","title":{"rendered":"Tras varios a\u00f1os de trabajo 96 familias del comit\u00e9 \u201cProyecto joven\u201d de Balmaceda abrieron las puertas de su casa propia"},"content":{"rendered":"<div class=\"flex_column av_one_full  flex_column_div av-zero-column-padding first  avia-builder-el-0  el_before_av_one_full  avia-builder-el-first  \" style='border-radius:0px; '><div  class='avia-image-container  av-styling-    avia-builder-el-1  avia-builder-el-no-sibling  avia-align-center '  itemprop=\"image\" itemscope=\"itemscope\" itemtype=\"https:\/\/schema.org\/ImageObject\"  ><div class='avia-image-container-inner'><div class='avia-image-overlay-wrap'><img decoding=\"async\" class='wp-image-47590 avia-img-lazy-loading-not-47590 avia_image' src=\"https:\/\/radiorevelacionfm.cl\/wp-content\/uploads\/2024\/10\/viviendas-de-50-y-64-metros-cuadrados-posee-el-nuevo-y-moderno-barrio-entregado-este-martes-en-balmaceda-1_optimized.jpg\" alt='' title='viviendas-de-50-y-64-metros-cuadrados-posee-el-nuevo-y-moderno-barrio-entregado-este-martes-en-balmaceda-(1)_optimized' height=\"600\" width=\"1067\"  itemprop=\"thumbnailUrl\" srcset=\"https:\/\/radiorevelacionfm.cl\/wp-content\/uploads\/2024\/10\/viviendas-de-50-y-64-metros-cuadrados-posee-el-nuevo-y-moderno-barrio-entregado-este-martes-en-balmaceda-1_optimized.jpg 1067w, https:\/\/radiorevelacionfm.cl\/wp-content\/uploads\/2024\/10\/viviendas-de-50-y-64-metros-cuadrados-posee-el-nuevo-y-moderno-barrio-entregado-este-martes-en-balmaceda-1_optimized-300x169.jpg 300w, https:\/\/radiorevelacionfm.cl\/wp-content\/uploads\/2024\/10\/viviendas-de-50-y-64-metros-cuadrados-posee-el-nuevo-y-moderno-barrio-entregado-este-martes-en-balmaceda-1_optimized-1030x579.jpg 1030w, https:\/\/radiorevelacionfm.cl\/wp-content\/uploads\/2024\/10\/viviendas-de-50-y-64-metros-cuadrados-posee-el-nuevo-y-moderno-barrio-entregado-este-martes-en-balmaceda-1_optimized-768x432.jpg 768w, https:\/\/radiorevelacionfm.cl\/wp-content\/uploads\/2024\/10\/viviendas-de-50-y-64-metros-cuadrados-posee-el-nuevo-y-moderno-barrio-entregado-este-martes-en-balmaceda-1_optimized-705x396.jpg 705w, https:\/\/radiorevelacionfm.cl\/wp-content\/uploads\/2024\/10\/viviendas-de-50-y-64-metros-cuadrados-posee-el-nuevo-y-moderno-barrio-entregado-este-martes-en-balmaceda-1_optimized-450x253.jpg 450w, https:\/\/radiorevelacionfm.cl\/wp-content\/uploads\/2024\/10\/viviendas-de-50-y-64-metros-cuadrados-posee-el-nuevo-y-moderno-barrio-entregado-este-martes-en-balmaceda-1_optimized-600x337.jpg 600w\" sizes=\"(max-width: 1067px) 100vw, 1067px\" \/><\/div><\/div><\/div><\/div><div class=\"flex_column av_one_full  flex_column_div av-zero-column-padding first  avia-builder-el-2  el_after_av_one_full  el_before_av_one_full  column-top-margin\" style='border-radius:0px; '><section class=\"av_textblock_section \"  itemscope=\"itemscope\" itemtype=\"https:\/\/schema.org\/BlogPosting\" itemprop=\"blogPost\" ><div class='avia_textblock  '   itemprop=\"text\" ><p style=\"text-align: center;\"><strong><span style=\"font-size: 18pt;\">Tras varios a\u00f1os de trabajo 96 familias del comit\u00e9 \u201cProyecto joven\u201d de Balmaceda abrieron las puertas de su casa propia<\/span><\/strong><\/p>\n<div id=\"gtx-trans\" style=\"position: absolute; left: -50px; top: 4.31534px;\">\n<div class=\"gtx-trans-icon\"><\/div>\n<\/div>\n<\/div><\/section><\/div><div class=\"flex_column av_one_full  flex_column_div av-zero-column-padding first  avia-builder-el-4  el_after_av_one_full  el_before_av_hr  column-top-margin\" style='border-radius:0px; '><section class=\"av_textblock_section \"  itemscope=\"itemscope\" itemtype=\"https:\/\/schema.org\/BlogPosting\" itemprop=\"blogPost\" ><div class='avia_textblock  '   itemprop=\"text\" ><p style=\"text-align: justify;\">El anhelado sue\u00f1o de la casa propia se hizo realidad durante la tarde de este martes para 96 familias de Balmaceda, quienes, acompa\u00f1ados por sus autoridades regionales y locales, recibieron las llaves que no solo abren las puertas de su casa propia, sino tambi\u00e9n de una nueva etapa en sus vidas.<\/p>\n<p style=\"text-align: justify;\">Los felices propietarios fueron estas vez los integrantes del comit\u00e9 \u201cProyecto Joven\u201d, integrado por familias de Balmaceda y de Coyhaique, quienes trabajaron durante varios a\u00f1os para conseguir su soluci\u00f3n habitacional. Los terrenos donde hoy se emplaza este moderno barrio fueron aportados por el Serviu, en tanto que la Entidad patrocinante Aes Consultores fue la responsable de elaborar el proyecto, acompa\u00f1ar y asesorar a las familias durante todo el proceso.\u00a0 La empresa constructora Entre R\u00edos, en tanto, estuvo a cargo de la ejecuci\u00f3n de las obras, las que se iniciaron durante los primeros meses del a\u00f1o pasado.<\/p>\n<p style=\"text-align: justify;\">La Seremi de Vivienda, Paulina Ruz, se mostr\u00f3 feliz y agradecida de poder compartir este hist\u00f3rico momento con las 96 familias. \u201cEste proyecto joven de Balmaceda significa much\u00edsimo para nosotros, ya que forma parte del primer proyecto habitacional con el cual conseguimos recursos en Santiago porque estaba desfinanciado y lo avanzamos. Adem\u00e1s, fue el primero al que hicimos entrega de certificados de subsidio y hoy tiene tambi\u00e9n el significado de que llevamos m\u00e1s de un 70% de avance en el Plan de Emergencia Habitacional de nuestro Gobierno. Sin duda ver a las familias con la casa propia y que este ya no sea un sue\u00f1o, eso es dignificar el sentido de la pol\u00edtica habitacional y como Ministerio nos llena de orgullo\u201d, indic\u00f3.<\/p>\n<p style=\"text-align: justify;\">La misma alegr\u00eda se pudo percibir en la presidenta del Comit\u00e9 \u201cProyecto Joven\u201d, Katherine Zuleta, quien valor\u00f3 el apoyo recibido tanto de las autoridades como de sus futuros vecinos y vecinas. \u201cS\u00ed, ha sido un proceso de 12 a\u00f1os como dirigente, que ha sido largo, hemos estado postulando a la chacra G, no pudimos, pero se nos dio la oportunidad ac\u00e1 que gracias a Dios ha sido mucho m\u00e1s r\u00e1pido, con ayuda de la Seremi, con ayuda de la constructora, as\u00ed que agradecida de eso y feliz por mis 96 familias. Esto nos cambia la vida, porque la casa propia es un sue\u00f1o y aparte de ser un sue\u00f1o, podr\u00e1n proyectarse en otros sue\u00f1os, porque ya no tienen que estar pagando arriendo. La mayor\u00eda de la gente trabaja solamente para pagar arriendo y ahora van a poder acceder a otras cosas que necesitan para poder crecer\u201d, afirm\u00f3.<\/p>\n<p style=\"text-align: justify;\">Tambi\u00e9n el Delegado Presidencial Regional, Rodrigo Araya, destac\u00f3 la importancia de seguir entregando viviendas de calidad y seguir mejorando la vida de nuestras familias en toda la regi\u00f3n. \u201cAgradecidos de poder compartir la emoci\u00f3n de las familias, pero deseando tambi\u00e9n que ese esp\u00edritu de grupo que tuvieron se mantenga y puedan formar comunidad, puedan incorporarse como Junta de Vecinos al desarrollo de la localidad de Balmaceda, que tanto necesita de coordinaci\u00f3n con las distintas instituciones del Estado. Nosotros vamos a seguir trabajando para eso, para que la calidad de vida de las familias que se vengan a Balmaceda, o que ya est\u00e1n aqu\u00ed, siga mejorando para el buen desarrollo de todos los ni\u00f1os y ni\u00f1as que dan vida a este territorio\u201d, manifest\u00f3.<\/p>\n<p style=\"text-align: justify;\">De igual forma el Alcalde de la comuna, Carlos Gatica y el Seremi del Medio Ambiente, Joal D\u00edaz, destacaron la entrega de viviendas, enfatizando este \u00faltimo en la calidad, seguridad y aislaci\u00f3n de las soluciones. \u201cBalmaceda tiene un tremendo potencial de crecimiento a trav\u00e9s de este proceso, pero, adem\u00e1s, las casas tienen un revestimiento t\u00e9rmico que es est\u00e1ndar PDA. Y eso significa un muy alto est\u00e1ndar, de mucha calidad, con termopanel, con revestimiento que permite un mayor confort y que en este caso la calefacci\u00f3n sea utilizada de mejor manera, lo que nos permite generar menos emisiones en todas las localidades y tambi\u00e9n dentro de las casas, para cuidar tambi\u00e9n la salud de las personas\u201d, precis\u00f3.<\/p>\n<p style=\"text-align: justify;\">El nuevo conjunto habitacional de Balmaceda se hizo realidad con una inversi\u00f3n del Minvu que super\u00f3 los 8 mil millones de pesos, se ubica en las manzanas 41, 44 y 47, frente al aeropuerto de la localidad, incluyendo 93 viviendas de 50 metros cuadrados y 3 viviendas de 64 metros cuadrados de superficie, a lo que se suman \u00e1reas de equipamiento, \u00e1reas verdes y obras complementarias.<\/p>\n<\/div><\/section><\/div><div  style='height:50px' class='hr hr-invisible   avia-builder-el-6  el_after_av_one_full  el_before_av_social_share '><span class='hr-inner ' ><span class='hr-inner-style'><\/span><\/span><\/div><\/p>\n<div  class='av-social-sharing-box  avia-builder-el-7  el_after_av_hr  el_before_av_hr  '><div class='av-share-box'><h5 class='av-share-link-description av-no-toc '>Compartir esta noticia<\/h5><ul class='av-share-box-list noLightbox'><li class='av-share-link av-social-link-facebook' ><a target=\"_blank\" aria-label=\"Compartir en Facebook\" href='https:\/\/www.facebook.com\/sharer.php?u=https:\/\/radiorevelacionfm.cl\/?p=47589&#038;t=Tras%20varios%20a%C3%B1os%20de%20trabajo%2096%20familias%20del%20comit%C3%A9%20%E2%80%9CProyecto%20joven%E2%80%9D%20de%20Balmaceda%20abrieron%20las%20puertas%20de%20su%20casa%20propia' aria-hidden='false' data-av_icon='\ue8f3' data-av_iconfont='entypo-fontello' title='' data-avia-related-tooltip='Compartir en Facebook' rel=\"noopener\"><span class='avia_hidden_link_text'>Compartir en Facebook<\/span><\/a><\/li><li class='av-share-link av-social-link-twitter' ><a target=\"_blank\" aria-label=\"Compartir en Twitter\" href='https:\/\/twitter.com\/share?text=Tras%20varios%20a%C3%B1os%20de%20trabajo%2096%20familias%20del%20comit%C3%A9%20%E2%80%9CProyecto%20joven%E2%80%9D%20de%20Balmaceda%20abrieron%20las%20puertas%20de%20su%20casa%20propia&#038;url=https:\/\/radiorevelacionfm.cl\/?p=47589' aria-hidden='false' data-av_icon='\ue8f1' data-av_iconfont='entypo-fontello' title='' data-avia-related-tooltip='Compartir en Twitter' rel=\"noopener\"><span class='avia_hidden_link_text'>Compartir en Twitter<\/span><\/a><\/li><li class='av-share-link av-social-link-whatsapp' ><a target=\"_blank\" aria-label=\"Compartir en Whatsapp\" href='https:\/\/api.whatsapp.com\/send?text=https:\/\/radiorevelacionfm.cl\/?p=47589' aria-hidden='false' data-av_icon='\uf232' data-av_iconfont='entypo-fontello' title='' data-avia-related-tooltip='Compartir en Whatsapp' rel=\"noopener\"><span class='avia_hidden_link_text'>Compartir en Whatsapp<\/span><\/a><\/li><li class='av-share-link av-social-link-linkedin' ><a target=\"_blank\" aria-label=\"Compartir en LinkedIn\" href='https:\/\/linkedin.com\/shareArticle?mini=true&#038;title=Tras%20varios%20a%C3%B1os%20de%20trabajo%2096%20familias%20del%20comit%C3%A9%20%E2%80%9CProyecto%20joven%E2%80%9D%20de%20Balmaceda%20abrieron%20las%20puertas%20de%20su%20casa%20propia&#038;url=https:\/\/radiorevelacionfm.cl\/?p=47589' aria-hidden='false' data-av_icon='\ue8fc' data-av_iconfont='entypo-fontello' title='' data-avia-related-tooltip='Compartir en LinkedIn' rel=\"noopener\"><span class='avia_hidden_link_text'>Compartir en LinkedIn<\/span><\/a><\/li><li class='av-share-link av-social-link-mail' ><a  aria-label=\"Compartir por correo\" href='mailto:?subject=Tras%20varios%20a%C3%B1os%20de%20trabajo%2096%20familias%20del%20comit%C3%A9%20%E2%80%9CProyecto%20joven%E2%80%9D%20de%20Balmaceda%20abrieron%20las%20puertas%20de%20su%20casa%20propia&#038;body=https:\/\/radiorevelacionfm.cl\/?p=47589' aria-hidden='false' data-av_icon='\ue805' data-av_iconfont='entypo-fontello' title='' data-avia-related-tooltip='Compartir por correo'><span class='avia_hidden_link_text'>Compartir por correo<\/span><\/a><\/li><\/ul><\/div><\/div>\n<div  style='height:50px' class='hr hr-invisible   avia-builder-el-8  el_after_av_social_share  el_before_av_comments_list '><span class='hr-inner ' ><span class='hr-inner-style'><\/span><\/span><\/div>\n<div  class='av-buildercomment  av-blog-meta-html-info-disabled av-blog-meta-tag-disabled  '><\/div>\n","protected":false},"excerpt":{"rendered":"","protected":false},"author":1,"featured_media":47590,"comment_status":"open","ping_status":"open","sticky":false,"template":"","format":"standard","meta":{"footnotes":""},"categories":[57],"tags":[],"class_list":["post-47589","post","type-post","status-publish","format-standard","has-post-thumbnail","hentry","category-vivienda"],"jetpack_featured_media_url":"https:\/\/radiorevelacionfm.cl\/wp-content\/uploads\/2024\/10\/viviendas-de-50-y-64-metros-cuadrados-posee-el-nuevo-y-moderno-barrio-entregado-este-martes-en-balmaceda-1_optimized.jpg","_links":{"self":[{"href":"https:\/\/radiorevelacionfm.cl\/index.php?rest_route=\/wp\/v2\/posts\/47589","targetHints":{"allow":["GET"]}}],"collection":[{"href":"https:\/\/radiorevelacionfm.cl\/index.php?rest_route=\/wp\/v2\/posts"}],"about":[{"href":"https:\/\/radiorevelacionfm.cl\/index.php?rest_route=\/wp\/v2\/types\/post"}],"author":[{"embeddable":true,"href":"https:\/\/radiorevelacionfm.cl\/index.php?rest_route=\/wp\/v2\/users\/1"}],"replies":[{"embeddable":true,"href":"https:\/\/radiorevelacionfm.cl\/index.php?rest_route=%2Fwp%2Fv2%2Fcomments&post=47589"}],"version-history":[{"count":1,"href":"https:\/\/radiorevelacionfm.cl\/index.php?rest_route=\/wp\/v2\/posts\/47589\/revisions"}],"predecessor-version":[{"id":47591,"href":"https:\/\/radiorevelacionfm.cl\/index.php?rest_route=\/wp\/v2\/posts\/47589\/revisions\/47591"}],"wp:featuredmedia":[{"embeddable":true,"href":"https:\/\/radiorevelacionfm.cl\/index.php?rest_route=\/wp\/v2\/media\/47590"}],"wp:attachment":[{"href":"https:\/\/radiorevelacionfm.cl\/index.php?rest_route=%2Fwp%2Fv2%2Fmedia&parent=47589"}],"wp:term":[{"taxonomy":"category","embeddable":true,"href":"https:\/\/radiorevelacionfm.cl\/index.php?rest_route=%2Fwp%2Fv2%2Fcategories&post=47589"},{"taxonomy":"post_tag","embeddable":true,"href":"https:\/\/radiorevelacionfm.cl\/index.php?rest_route=%2Fwp%2Fv2%2Ftags&post=47589"}],"curies":[{"name":"wp","href":"https:\/\/api.w.org\/{rel}","templated":true}]}}