{"id":47584,"date":"2024-10-30T18:07:34","date_gmt":"2024-10-30T21:07:34","guid":{"rendered":"https:\/\/radiorevelacionfm.cl\/?p=47584"},"modified":"2024-10-30T18:07:34","modified_gmt":"2024-10-30T21:07:34","slug":"desbaratan-banda-dedicada-al-robo-de-joyerias-que-operaba-tanto-en-chile-como-en-argentina","status":"publish","type":"post","link":"https:\/\/radiorevelacionfm.cl\/?p=47584","title":{"rendered":"Desbaratan banda dedicada al robo de joyer\u00edas que operaba tanto en Chile como en Argentina"},"content":{"rendered":"<div class=\"flex_column av_one_full  flex_column_div av-zero-column-padding first  avia-builder-el-0  el_before_av_one_full  avia-builder-el-first  \" style='border-radius:0px; '><div  class='avia-image-container  av-styling-    avia-builder-el-1  avia-builder-el-no-sibling  avia-align-center '  itemprop=\"image\" itemscope=\"itemscope\" itemtype=\"https:\/\/schema.org\/ImageObject\"  ><div class='avia-image-container-inner'><div class='avia-image-overlay-wrap'><img decoding=\"async\" class='wp-image-47587 avia-img-lazy-loading-not-47587 avia_image' src=\"https:\/\/radiorevelacionfm.cl\/wp-content\/uploads\/2024\/10\/Fiscal_Luis_Gonzalez_octubre_2024-1-1-1.jpg\" alt='' title='Fiscal_Luis_Gonzalez_octubre_2024 (1) (1) (1)' height=\"600\" width=\"992\"  itemprop=\"thumbnailUrl\" srcset=\"https:\/\/radiorevelacionfm.cl\/wp-content\/uploads\/2024\/10\/Fiscal_Luis_Gonzalez_octubre_2024-1-1-1.jpg 992w, https:\/\/radiorevelacionfm.cl\/wp-content\/uploads\/2024\/10\/Fiscal_Luis_Gonzalez_octubre_2024-1-1-1-300x181.jpg 300w, https:\/\/radiorevelacionfm.cl\/wp-content\/uploads\/2024\/10\/Fiscal_Luis_Gonzalez_octubre_2024-1-1-1-768x465.jpg 768w, https:\/\/radiorevelacionfm.cl\/wp-content\/uploads\/2024\/10\/Fiscal_Luis_Gonzalez_octubre_2024-1-1-1-705x426.jpg 705w, https:\/\/radiorevelacionfm.cl\/wp-content\/uploads\/2024\/10\/Fiscal_Luis_Gonzalez_octubre_2024-1-1-1-450x272.jpg 450w, https:\/\/radiorevelacionfm.cl\/wp-content\/uploads\/2024\/10\/Fiscal_Luis_Gonzalez_octubre_2024-1-1-1-600x363.jpg 600w\" sizes=\"(max-width: 992px) 100vw, 992px\" \/><\/div><\/div><\/div><\/div><div class=\"flex_column av_one_full  flex_column_div av-zero-column-padding first  avia-builder-el-2  el_after_av_one_full  el_before_av_one_full  column-top-margin\" style='border-radius:0px; '><section class=\"av_textblock_section \"  itemscope=\"itemscope\" itemtype=\"https:\/\/schema.org\/BlogPosting\" itemprop=\"blogPost\" ><div class='avia_textblock  '   itemprop=\"text\" ><p style=\"text-align: center;\"><strong><span style=\"font-size: 18pt;\">Desbaratan banda dedicada al robo de joyer\u00edas que operaba tanto en Chile como en Argentina<\/span><\/strong><\/p>\n<div id=\"gtx-trans\" style=\"position: absolute; left: -50px; top: 4.31534px;\">\n<div class=\"gtx-trans-icon\"><\/div>\n<\/div>\n<\/div><\/section><\/div><div class=\"flex_column av_one_full  flex_column_div av-zero-column-padding first  avia-builder-el-4  el_after_av_one_full  el_before_av_hr  column-top-margin\" style='border-radius:0px; '><section class=\"av_textblock_section \"  itemscope=\"itemscope\" itemtype=\"https:\/\/schema.org\/BlogPosting\" itemprop=\"blogPost\" ><div class='avia_textblock  '   itemprop=\"text\" ><p><em>Robo en Coyhaique fue perpetrado el 17 de marzo del a\u00f1o 2021, en horas de la noche.<\/em><\/p>\n<p style=\"font-weight: 400; text-align: justify;\"><em>\u201cEn el curso de las diligencias investigativas de an\u00e1lisis delictual se determin\u00f3 que este grupo de personas se desplaz\u00f3 de Chile hasta Argentina, cometiendo delitos desde Buenos Aires, Bah\u00eda Blanca, Bariloche y la Regi\u00f3n de Ays\u00e9n\u201d, explic\u00f3 el fiscal Jefe de la Unidad de An\u00e1lisis Criminal y Focos Investigativos, Luis Gonz\u00e1lez Aracena.\u00a0<\/em><\/p>\n<p style=\"font-weight: 400; text-align: justify;\">Como parte de una investigaci\u00f3n conjunta entre la Unidad de An\u00e1lisis Criminal y Focos Investigativos de la Fiscal\u00eda y la Brigada Investigadora de Robos de la PDI, fue posible detener y condenar a dos integrantes de una banda dedicada al robo de joyas tanto en Chile como en Argentina. Se trata de los imputados V\u00edctor Alejandro Castillo Castillo de 28 a\u00f1os y Mahicol Eduardo Monje Galindo de 27 a\u00f1os, ambos con domicilio en Puerto Montt, quienes fueron formalizados en su momento por el delito de robo en lugar no habitado.<\/p>\n<p style=\"font-weight: 400; text-align: justify;\">Seg\u00fan explic\u00f3 el fiscal Jefe de la Unidad de An\u00e1lisis Criminal y Focos Investigativos, Luis Gonz\u00e1lez Aracena, el 17 de marzo del a\u00f1o 2021 en horas de la noche, tres sujetos ingresaron a la Joyer\u00eda \u201cPanchito\u201d de Coyhaique, donde sustrajeron diversas joyas por un valor de 60 millones de pesos, entre las que se incluyen colgantes, anillos, cadenas, pulseras, aros y collares.<\/p>\n<p style=\"font-weight: 400; text-align: justify;\">\u201cLa Unidad de An\u00e1lisis Criminal y Focos Investigativos de la Regi\u00f3n de Ays\u00e9n, junto con la Brigada Investigadora de Robos de la Polic\u00eda de Investigaciones, desarroll\u00f3 diligencias de investigaci\u00f3n que ten\u00edan que ver con el robo en la joyer\u00eda Panchito. En ese contexto, se determin\u00f3 la participaci\u00f3n de una banda delictual que gener\u00f3 robos en la Regi\u00f3n de Ays\u00e9n luego de concurrir a esta zona desde la Regi\u00f3n de Los Lagos\u201d, detall\u00f3 el fiscal Luis Gonz\u00e1lez.<\/p>\n<p style=\"font-weight: 400; text-align: justify;\"><strong>ARGENTINA<\/strong><\/p>\n<p style=\"font-weight: 400; text-align: justify;\">Adem\u00e1s, a\u00f1adi\u00f3 el persecutor penal, \u201cen el curso de las diligencias, las que se desarrollaron mediante t\u00e9cnicas investigativas de an\u00e1lisis delictual, se determin\u00f3 que este grupo de personas se desplaz\u00f3 de Chile hasta Argentina, cometiendo delitos desde Buenos Aires, Bah\u00eda Blanca, Bariloche y la Regi\u00f3n de Ays\u00e9n. Todos estos antecedentes, previa coordinaci\u00f3n con las autoridades argentinas, fueron puestos a su disposici\u00f3n para que puedan ser utilizadas seg\u00fan se estime conveniente\u201d.<\/p>\n<p style=\"font-weight: 400; text-align: justify;\">El fiscal jefe de SACFI agreg\u00f3 que \u201cel curso de las diligencias llev\u00f3 a presentar acusaci\u00f3n contra estos imputados y condenarlos con pena efectiva la semana reci\u00e9n pasada. Se trataba de ciudadanos chilenos, los cuales ten\u00edan m\u00faltiples antecedentes por delitos de robo en otras regiones, y tambi\u00e9n se trataba de personas que, por su expertise en ciertas labores propias de ese tipo de delito, hab\u00edan trabajado con bandas criminales argentinas en dichas localidades\u201d.<\/p>\n<p style=\"font-weight: 400; text-align: justify;\"><strong>DILIGENCIAS<\/strong><\/p>\n<p style=\"font-weight: 400; text-align: justify;\">A trav\u00e9s de las t\u00e9cnicas investigativas desplegadas se logr\u00f3 establecer el posicionamiento de los sujetos en la regi\u00f3n de Ays\u00e9n y, en espec\u00edfico en Coyhaique y el sitio del suceso. Tambi\u00e9n se determin\u00f3 que el ingreso a la regi\u00f3n fue v\u00eda mar\u00edtima desde Puerto Montt.<\/p>\n<p style=\"font-weight: 400; text-align: justify;\">En el marco de la investigaci\u00f3n, se estableci\u00f3 que los imputados enviaron fotograf\u00edas de las joyas a la v\u00edctima, solicit\u00e1ndole dinero a cambio de informaci\u00f3n del robo, antecedentes que fueron claves para identificar a los autores del hecho v\u00eda an\u00e1lisis de redes sociales.<\/p>\n<p style=\"font-weight: 400; text-align: justify;\">Con todos estos antecedentes, la Unidad de An\u00e1lisis Criminal y Focos Investigativos, gestion\u00f3 ante el Juzgado de Garant\u00eda de Coyhaique la orden de detenci\u00f3n y entrada y registro de los imputados, logr\u00e1ndose la detenci\u00f3n de todos ellos en la Regi\u00f3n de Los Lagos.<\/p>\n<p style=\"font-weight: 400; text-align: justify;\">Los imputados corresponden a V\u00edctor Castillo Castillo, Mahicol Monje Galindo y un tercer involucrado, respecto de quien el procedimiento se encuentra suspendido por una eventual enajenaci\u00f3n mental, encontr\u00e1ndose a la espera del correspondiente informe por parte del Servicio M\u00e9dico Legal.<\/p>\n<p style=\"font-weight: 400; text-align: justify;\">A trav\u00e9s del an\u00e1lisis del tel\u00e9fono de uno de los integrantes de la banda, se obtuvieron antecedentes de su participaci\u00f3n en il\u00edcitos similares en Argentina.<\/p>\n<p style=\"font-weight: 400; text-align: justify;\"><strong>CONDENA<\/strong><\/p>\n<p style=\"font-weight: 400; text-align: justify;\">El 19 de octubre de 2024, los imputados V\u00edctor Castillo Castillo y Mahicol Monje Galindo, fueron condenados por el Juzgado de Garant\u00eda de Coyhaique a la pena de 818 d\u00edas de presidio menor en su grado medio, con cumplimiento efectivo. Lo anterior, en el marco de un juicio o Procedimiento Abreviado.<\/p>\n<p style=\"font-weight: 400; text-align: justify;\">\u201cEs una diligencia investigativa exitosa, la cual termina con el grupo delictual desbaratado, preso y con pena efectiva\u201d, concluy\u00f3 el fiscal jefe de la Unidad de An\u00e1lisis Criminal y Focos Investigativos.<\/p>\n<\/div><\/section><\/div><div  style='height:50px' class='hr hr-invisible   avia-builder-el-6  el_after_av_one_full  el_before_av_social_share '><span class='hr-inner ' ><span class='hr-inner-style'><\/span><\/span><\/div><\/p>\n<div  class='av-social-sharing-box  avia-builder-el-7  el_after_av_hr  el_before_av_hr  '><div class='av-share-box'><h5 class='av-share-link-description av-no-toc '>Compartir esta noticia<\/h5><ul class='av-share-box-list noLightbox'><li class='av-share-link av-social-link-facebook' ><a target=\"_blank\" aria-label=\"Compartir en Facebook\" href='https:\/\/www.facebook.com\/sharer.php?u=https:\/\/radiorevelacionfm.cl\/?p=47584&#038;t=Desbaratan%20banda%20dedicada%20al%20robo%20de%20joyer%C3%ADas%20que%20operaba%20tanto%20en%20Chile%20como%20en%20Argentina' aria-hidden='false' data-av_icon='\ue8f3' data-av_iconfont='entypo-fontello' title='' data-avia-related-tooltip='Compartir en Facebook' rel=\"noopener\"><span class='avia_hidden_link_text'>Compartir en Facebook<\/span><\/a><\/li><li class='av-share-link av-social-link-twitter' ><a target=\"_blank\" aria-label=\"Compartir en Twitter\" href='https:\/\/twitter.com\/share?text=Desbaratan%20banda%20dedicada%20al%20robo%20de%20joyer%C3%ADas%20que%20operaba%20tanto%20en%20Chile%20como%20en%20Argentina&#038;url=https:\/\/radiorevelacionfm.cl\/?p=47584' aria-hidden='false' data-av_icon='\ue8f1' data-av_iconfont='entypo-fontello' title='' data-avia-related-tooltip='Compartir en Twitter' rel=\"noopener\"><span class='avia_hidden_link_text'>Compartir en Twitter<\/span><\/a><\/li><li class='av-share-link av-social-link-whatsapp' ><a target=\"_blank\" aria-label=\"Compartir en Whatsapp\" href='https:\/\/api.whatsapp.com\/send?text=https:\/\/radiorevelacionfm.cl\/?p=47584' aria-hidden='false' data-av_icon='\uf232' data-av_iconfont='entypo-fontello' title='' data-avia-related-tooltip='Compartir en Whatsapp' rel=\"noopener\"><span class='avia_hidden_link_text'>Compartir en Whatsapp<\/span><\/a><\/li><li class='av-share-link av-social-link-linkedin' ><a target=\"_blank\" aria-label=\"Compartir en LinkedIn\" href='https:\/\/linkedin.com\/shareArticle?mini=true&#038;title=Desbaratan%20banda%20dedicada%20al%20robo%20de%20joyer%C3%ADas%20que%20operaba%20tanto%20en%20Chile%20como%20en%20Argentina&#038;url=https:\/\/radiorevelacionfm.cl\/?p=47584' aria-hidden='false' data-av_icon='\ue8fc' data-av_iconfont='entypo-fontello' title='' data-avia-related-tooltip='Compartir en LinkedIn' rel=\"noopener\"><span class='avia_hidden_link_text'>Compartir en LinkedIn<\/span><\/a><\/li><li class='av-share-link av-social-link-mail' ><a  aria-label=\"Compartir por correo\" href='mailto:?subject=Desbaratan%20banda%20dedicada%20al%20robo%20de%20joyer%C3%ADas%20que%20operaba%20tanto%20en%20Chile%20como%20en%20Argentina&#038;body=https:\/\/radiorevelacionfm.cl\/?p=47584' aria-hidden='false' data-av_icon='\ue805' data-av_iconfont='entypo-fontello' title='' data-avia-related-tooltip='Compartir por correo'><span class='avia_hidden_link_text'>Compartir por correo<\/span><\/a><\/li><\/ul><\/div><\/div>\n<div  style='height:50px' class='hr hr-invisible   avia-builder-el-8  el_after_av_social_share  el_before_av_comments_list '><span class='hr-inner ' ><span class='hr-inner-style'><\/span><\/span><\/div>\n<div  class='av-buildercomment  av-blog-meta-html-info-disabled av-blog-meta-tag-disabled  '><\/div>\n","protected":false},"excerpt":{"rendered":"","protected":false},"author":1,"featured_media":47587,"comment_status":"open","ping_status":"open","sticky":false,"template":"","format":"standard","meta":{"footnotes":""},"categories":[36],"tags":[],"class_list":["post-47584","post","type-post","status-publish","format-standard","has-post-thumbnail","hentry","category-policial"],"jetpack_featured_media_url":"https:\/\/radiorevelacionfm.cl\/wp-content\/uploads\/2024\/10\/Fiscal_Luis_Gonzalez_octubre_2024-1-1-1.jpg","_links":{"self":[{"href":"https:\/\/radiorevelacionfm.cl\/index.php?rest_route=\/wp\/v2\/posts\/47584","targetHints":{"allow":["GET"]}}],"collection":[{"href":"https:\/\/radiorevelacionfm.cl\/index.php?rest_route=\/wp\/v2\/posts"}],"about":[{"href":"https:\/\/radiorevelacionfm.cl\/index.php?rest_route=\/wp\/v2\/types\/post"}],"author":[{"embeddable":true,"href":"https:\/\/radiorevelacionfm.cl\/index.php?rest_route=\/wp\/v2\/users\/1"}],"replies":[{"embeddable":true,"href":"https:\/\/radiorevelacionfm.cl\/index.php?rest_route=%2Fwp%2Fv2%2Fcomments&post=47584"}],"version-history":[{"count":1,"href":"https:\/\/radiorevelacionfm.cl\/index.php?rest_route=\/wp\/v2\/posts\/47584\/revisions"}],"predecessor-version":[{"id":47588,"href":"https:\/\/radiorevelacionfm.cl\/index.php?rest_route=\/wp\/v2\/posts\/47584\/revisions\/47588"}],"wp:featuredmedia":[{"embeddable":true,"href":"https:\/\/radiorevelacionfm.cl\/index.php?rest_route=\/wp\/v2\/media\/47587"}],"wp:attachment":[{"href":"https:\/\/radiorevelacionfm.cl\/index.php?rest_route=%2Fwp%2Fv2%2Fmedia&parent=47584"}],"wp:term":[{"taxonomy":"category","embeddable":true,"href":"https:\/\/radiorevelacionfm.cl\/index.php?rest_route=%2Fwp%2Fv2%2Fcategories&post=47584"},{"taxonomy":"post_tag","embeddable":true,"href":"https:\/\/radiorevelacionfm.cl\/index.php?rest_route=%2Fwp%2Fv2%2Ftags&post=47584"}],"curies":[{"name":"wp","href":"https:\/\/api.w.org\/{rel}","templated":true}]}}