{"id":47581,"date":"2024-10-30T17:44:01","date_gmt":"2024-10-30T20:44:01","guid":{"rendered":"https:\/\/radiorevelacionfm.cl\/?p=47581"},"modified":"2024-10-30T17:44:01","modified_gmt":"2024-10-30T20:44:01","slug":"familias-de-cisnes-valoran-mejoras-en-sus-viviendas-gracias-a-programa-de-habitabilidad","status":"publish","type":"post","link":"https:\/\/radiorevelacionfm.cl\/?p=47581","title":{"rendered":"Familias de Cisnes valoran mejoras en sus viviendas gracias a programa de Habitabilidad"},"content":{"rendered":"<div class=\"flex_column av_one_full  flex_column_div av-zero-column-padding first  avia-builder-el-0  el_before_av_one_full  avia-builder-el-first  \" style='border-radius:0px; '><div  class='avia-image-container  av-styling-    avia-builder-el-1  avia-builder-el-no-sibling  avia-align-center '  itemprop=\"image\" itemscope=\"itemscope\" itemtype=\"https:\/\/schema.org\/ImageObject\"  ><div class='avia-image-container-inner'><div class='avia-image-overlay-wrap'><img decoding=\"async\" class='wp-image-47582 avia-img-lazy-loading-not-47582 avia_image' src=\"https:\/\/radiorevelacionfm.cl\/wp-content\/uploads\/2024\/10\/1-87-1_optimized-1.jpeg\" alt='' title='1-(87)-(1)_optimized (1)' height=\"600\" width=\"966\"  itemprop=\"thumbnailUrl\" srcset=\"https:\/\/radiorevelacionfm.cl\/wp-content\/uploads\/2024\/10\/1-87-1_optimized-1.jpeg 966w, https:\/\/radiorevelacionfm.cl\/wp-content\/uploads\/2024\/10\/1-87-1_optimized-1-300x186.jpeg 300w, https:\/\/radiorevelacionfm.cl\/wp-content\/uploads\/2024\/10\/1-87-1_optimized-1-768x477.jpeg 768w, https:\/\/radiorevelacionfm.cl\/wp-content\/uploads\/2024\/10\/1-87-1_optimized-1-705x438.jpeg 705w, https:\/\/radiorevelacionfm.cl\/wp-content\/uploads\/2024\/10\/1-87-1_optimized-1-450x280.jpeg 450w, https:\/\/radiorevelacionfm.cl\/wp-content\/uploads\/2024\/10\/1-87-1_optimized-1-600x373.jpeg 600w\" sizes=\"(max-width: 966px) 100vw, 966px\" \/><\/div><\/div><\/div><\/div><div class=\"flex_column av_one_full  flex_column_div av-zero-column-padding first  avia-builder-el-2  el_after_av_one_full  el_before_av_one_full  column-top-margin\" style='border-radius:0px; '><section class=\"av_textblock_section \"  itemscope=\"itemscope\" itemtype=\"https:\/\/schema.org\/BlogPosting\" itemprop=\"blogPost\" ><div class='avia_textblock  '   itemprop=\"text\" ><p style=\"text-align: center;\"><span style=\"font-size: 18pt;\"><strong>Familias de Cisnes valoran mejoras en sus viviendas gracias a programa de Habitabilidad <\/strong><\/span><\/p>\n<div id=\"gtx-trans\" style=\"position: absolute; left: -50px; top: 4.31534px;\">\n<div class=\"gtx-trans-icon\"><\/div>\n<\/div>\n<\/div><\/section><\/div><div class=\"flex_column av_one_full  flex_column_div av-zero-column-padding first  avia-builder-el-4  el_after_av_one_full  el_before_av_hr  column-top-margin\" style='border-radius:0px; '><section class=\"av_textblock_section \"  itemscope=\"itemscope\" itemtype=\"https:\/\/schema.org\/BlogPosting\" itemprop=\"blogPost\" ><div class='avia_textblock  '   itemprop=\"text\" ><p style=\"text-align: justify;\"><em>Seis familias de Puerto Cisnes recibieron soluciones constructivas, talleres y equipamiento para la vivienda gracias al trabajo colaborativo del Ministerio de Desarrollo Social y Familia, el FOSIS y la Municipalidad.<\/em><\/p>\n<p style=\"text-align: justify;\">Hasta Puerto Cisnes lleg\u00f3 la seremi de Desarrollo Social y Familia, Karina Acevedo y la directora regional del FOSIS, Fernanda Leiva, para visitar a familias usuarias del programa de Habitabilidad, conocer los resultados de las soluciones constructivas implementadas en sus hogares y compartir en la ceremonia de certificaci\u00f3n con las personas que finalizaron las distintas etapas del proceso de intervenci\u00f3n.<\/p>\n<p style=\"text-align: justify;\">El programa de Habitabilidad entrega apoyo integral a las familias vulnerables, con soluciones constructivas para el mejoramiento de la vivienda; generando condiciones de confortabilidad, accesibilidad, servicios b\u00e1sicos y equipamientos de la vivienda; junto con talleres para fortalecer h\u00e1bitos saludables en el uso y mantenci\u00f3n de la vivienda.<\/p>\n<p style=\"text-align: justify;\">Irma Villegas, usuaria del programa de Habitabilidad en Cisnes, asegur\u00f3 que cuando la llamaron a participar del programa acept\u00f3 porque ten\u00eda planes de hacer una ampliaci\u00f3n y quiso aprovechar la oportunidad. \u201cEstoy contenta y agradecida de las personas que me apoyaron harto y me ven\u00edan a ver. Estoy muy agradecida de FOSIS y del Gobierno. En equipamiento me dieron una cama para mi hijito, dos closets, la ampliaci\u00f3n. Estamos muy contentos como familia\u201d.<\/p>\n<p style=\"text-align: justify;\">La directora regional del FOSIS en Ays\u00e9n, Fernanda Leiva, destac\u00f3 \u201cla labor que cumple el FOSIS en este programa de Habitabilidad articulado con el Ministerio y la Municipalidad. Nosotros cumplimos le rol de asistencia t\u00e9cnica realizando un acompa\u00f1amiento durante todo el proceso de ejecuci\u00f3n de este programa, tanto en soluciones constructivas como en el \u00e1rea social. Seguiremos trabajando para seguir llevando este programa a las familias de las distintas comunas de la regi\u00f3n de Ays\u00e9n\u201d.<\/p>\n<p style=\"text-align: justify;\">Karina Acevedo, seremi de Desarrollo Social y Familia de Ays\u00e9n, recalc\u00f3 que \u201cvisitamos a las familias usuarias del programa de Habitabilidad, donde constatamos la calidad del trabajo, la premura de la soluci\u00f3n para dar respuesta a mejorar la construcci\u00f3n de las viviendas, talleres y la entrega de equipamiento. Nos tiene muy contentos este programa que, sin duda, cambia la vida y la din\u00e1mica en las familias y con esto mejoramos su calidad de vida\u201d.<\/p>\n<p style=\"text-align: justify;\">Esta instancia program\u00e1tica es financiada por el Ministerio de Desarrollo Social y Familia, ejecutada por los Municipios y asistida t\u00e9cnicamente por el FOSIS. El programa de Habitabilidad no es postulable y prioriza a familias y personas que son parte de los programas Familias, Calle, Camino y V\u00ednculos, del Subsistema de Seguridades y Oportunidades, parte del Sistema de Protecci\u00f3n Social del Ministerio de Desarrollo Social y Familia.<\/p>\n<\/div><\/section><\/div><div  style='height:50px' class='hr hr-invisible   avia-builder-el-6  el_after_av_one_full  el_before_av_social_share '><span class='hr-inner ' ><span class='hr-inner-style'><\/span><\/span><\/div><\/p>\n<div  class='av-social-sharing-box  avia-builder-el-7  el_after_av_hr  el_before_av_hr  '><div class='av-share-box'><h5 class='av-share-link-description av-no-toc '>Compartir esta noticia<\/h5><ul class='av-share-box-list noLightbox'><li class='av-share-link av-social-link-facebook' ><a target=\"_blank\" aria-label=\"Compartir en Facebook\" href='https:\/\/www.facebook.com\/sharer.php?u=https:\/\/radiorevelacionfm.cl\/?p=47581&#038;t=Familias%20de%20Cisnes%20valoran%20mejoras%20en%20sus%20viviendas%20gracias%20a%20programa%20de%20Habitabilidad' aria-hidden='false' data-av_icon='\ue8f3' data-av_iconfont='entypo-fontello' title='' data-avia-related-tooltip='Compartir en Facebook' rel=\"noopener\"><span class='avia_hidden_link_text'>Compartir en Facebook<\/span><\/a><\/li><li class='av-share-link av-social-link-twitter' ><a target=\"_blank\" aria-label=\"Compartir en Twitter\" href='https:\/\/twitter.com\/share?text=Familias%20de%20Cisnes%20valoran%20mejoras%20en%20sus%20viviendas%20gracias%20a%20programa%20de%20Habitabilidad&#038;url=https:\/\/radiorevelacionfm.cl\/?p=47581' aria-hidden='false' data-av_icon='\ue8f1' data-av_iconfont='entypo-fontello' title='' data-avia-related-tooltip='Compartir en Twitter' rel=\"noopener\"><span class='avia_hidden_link_text'>Compartir en Twitter<\/span><\/a><\/li><li class='av-share-link av-social-link-whatsapp' ><a target=\"_blank\" aria-label=\"Compartir en Whatsapp\" href='https:\/\/api.whatsapp.com\/send?text=https:\/\/radiorevelacionfm.cl\/?p=47581' aria-hidden='false' data-av_icon='\uf232' data-av_iconfont='entypo-fontello' title='' data-avia-related-tooltip='Compartir en Whatsapp' rel=\"noopener\"><span class='avia_hidden_link_text'>Compartir en Whatsapp<\/span><\/a><\/li><li class='av-share-link av-social-link-linkedin' ><a target=\"_blank\" aria-label=\"Compartir en LinkedIn\" href='https:\/\/linkedin.com\/shareArticle?mini=true&#038;title=Familias%20de%20Cisnes%20valoran%20mejoras%20en%20sus%20viviendas%20gracias%20a%20programa%20de%20Habitabilidad&#038;url=https:\/\/radiorevelacionfm.cl\/?p=47581' aria-hidden='false' data-av_icon='\ue8fc' data-av_iconfont='entypo-fontello' title='' data-avia-related-tooltip='Compartir en LinkedIn' rel=\"noopener\"><span class='avia_hidden_link_text'>Compartir en LinkedIn<\/span><\/a><\/li><li class='av-share-link av-social-link-mail' ><a  aria-label=\"Compartir por correo\" href='mailto:?subject=Familias%20de%20Cisnes%20valoran%20mejoras%20en%20sus%20viviendas%20gracias%20a%20programa%20de%20Habitabilidad&#038;body=https:\/\/radiorevelacionfm.cl\/?p=47581' aria-hidden='false' data-av_icon='\ue805' data-av_iconfont='entypo-fontello' title='' data-avia-related-tooltip='Compartir por correo'><span class='avia_hidden_link_text'>Compartir por correo<\/span><\/a><\/li><\/ul><\/div><\/div>\n<div  style='height:50px' class='hr hr-invisible   avia-builder-el-8  el_after_av_social_share  el_before_av_comments_list '><span class='hr-inner ' ><span class='hr-inner-style'><\/span><\/span><\/div>\n<div  class='av-buildercomment  av-blog-meta-html-info-disabled av-blog-meta-tag-disabled  '><\/div>\n","protected":false},"excerpt":{"rendered":"","protected":false},"author":1,"featured_media":47582,"comment_status":"open","ping_status":"open","sticky":false,"template":"","format":"standard","meta":{"footnotes":""},"categories":[38],"tags":[],"class_list":["post-47581","post","type-post","status-publish","format-standard","has-post-thumbnail","hentry","category-regional"],"jetpack_featured_media_url":"https:\/\/radiorevelacionfm.cl\/wp-content\/uploads\/2024\/10\/1-87-1_optimized-1.jpeg","_links":{"self":[{"href":"https:\/\/radiorevelacionfm.cl\/index.php?rest_route=\/wp\/v2\/posts\/47581","targetHints":{"allow":["GET"]}}],"collection":[{"href":"https:\/\/radiorevelacionfm.cl\/index.php?rest_route=\/wp\/v2\/posts"}],"about":[{"href":"https:\/\/radiorevelacionfm.cl\/index.php?rest_route=\/wp\/v2\/types\/post"}],"author":[{"embeddable":true,"href":"https:\/\/radiorevelacionfm.cl\/index.php?rest_route=\/wp\/v2\/users\/1"}],"replies":[{"embeddable":true,"href":"https:\/\/radiorevelacionfm.cl\/index.php?rest_route=%2Fwp%2Fv2%2Fcomments&post=47581"}],"version-history":[{"count":1,"href":"https:\/\/radiorevelacionfm.cl\/index.php?rest_route=\/wp\/v2\/posts\/47581\/revisions"}],"predecessor-version":[{"id":47583,"href":"https:\/\/radiorevelacionfm.cl\/index.php?rest_route=\/wp\/v2\/posts\/47581\/revisions\/47583"}],"wp:featuredmedia":[{"embeddable":true,"href":"https:\/\/radiorevelacionfm.cl\/index.php?rest_route=\/wp\/v2\/media\/47582"}],"wp:attachment":[{"href":"https:\/\/radiorevelacionfm.cl\/index.php?rest_route=%2Fwp%2Fv2%2Fmedia&parent=47581"}],"wp:term":[{"taxonomy":"category","embeddable":true,"href":"https:\/\/radiorevelacionfm.cl\/index.php?rest_route=%2Fwp%2Fv2%2Fcategories&post=47581"},{"taxonomy":"post_tag","embeddable":true,"href":"https:\/\/radiorevelacionfm.cl\/index.php?rest_route=%2Fwp%2Fv2%2Ftags&post=47581"}],"curies":[{"name":"wp","href":"https:\/\/api.w.org\/{rel}","templated":true}]}}