{"id":47578,"date":"2024-11-03T20:46:12","date_gmt":"2024-11-03T23:46:12","guid":{"rendered":"https:\/\/radiorevelacionfm.cl\/?p=47578"},"modified":"2024-11-03T20:46:12","modified_gmt":"2024-11-03T23:46:12","slug":"ensenando-se-aprende-ultimo-llamado-a-profesionales-jovenes-que-quieran-transformar-la-educacion-del-pais","status":"publish","type":"post","link":"https:\/\/radiorevelacionfm.cl\/?p=47578","title":{"rendered":"\u00abEnse\u00f1ando se aprende\u00bb: \u00daltimo llamado a profesionales j\u00f3venes que quieran transformar la educaci\u00f3n del pa\u00eds"},"content":{"rendered":"<div class=\"flex_column av_one_full  flex_column_div av-zero-column-padding first  avia-builder-el-0  el_before_av_one_full  avia-builder-el-first  \" style='border-radius:0px; '><div  class='avia-image-container  av-styling-    avia-builder-el-1  avia-builder-el-no-sibling  avia-align-center '  itemprop=\"image\" itemscope=\"itemscope\" itemtype=\"https:\/\/schema.org\/ImageObject\"  ><div class='avia-image-container-inner'><div class='avia-image-overlay-wrap'><img decoding=\"async\" class='wp-image-47579 avia-img-lazy-loading-not-47579 avia_image' src=\"https:\/\/radiorevelacionfm.cl\/wp-content\/uploads\/2024\/10\/145_escuelaverano2020-1dia_ensenachile_sas2645-1-1_optimized.jpg\" alt='' title='145_escuelaverano2020-1d\u00eda_ense\u00f1achile_sas2645-(1)-(1)_optimized' height=\"600\" width=\"899\"  itemprop=\"thumbnailUrl\" srcset=\"https:\/\/radiorevelacionfm.cl\/wp-content\/uploads\/2024\/10\/145_escuelaverano2020-1dia_ensenachile_sas2645-1-1_optimized.jpg 899w, https:\/\/radiorevelacionfm.cl\/wp-content\/uploads\/2024\/10\/145_escuelaverano2020-1dia_ensenachile_sas2645-1-1_optimized-300x200.jpg 300w, https:\/\/radiorevelacionfm.cl\/wp-content\/uploads\/2024\/10\/145_escuelaverano2020-1dia_ensenachile_sas2645-1-1_optimized-768x513.jpg 768w, https:\/\/radiorevelacionfm.cl\/wp-content\/uploads\/2024\/10\/145_escuelaverano2020-1dia_ensenachile_sas2645-1-1_optimized-705x471.jpg 705w, https:\/\/radiorevelacionfm.cl\/wp-content\/uploads\/2024\/10\/145_escuelaverano2020-1dia_ensenachile_sas2645-1-1_optimized-450x300.jpg 450w, https:\/\/radiorevelacionfm.cl\/wp-content\/uploads\/2024\/10\/145_escuelaverano2020-1dia_ensenachile_sas2645-1-1_optimized-600x400.jpg 600w\" sizes=\"(max-width: 899px) 100vw, 899px\" \/><\/div><\/div><\/div><\/div><div class=\"flex_column av_one_full  flex_column_div av-zero-column-padding first  avia-builder-el-2  el_after_av_one_full  el_before_av_one_full  column-top-margin\" style='border-radius:0px; '><section class=\"av_textblock_section \"  itemscope=\"itemscope\" itemtype=\"https:\/\/schema.org\/BlogPosting\" itemprop=\"blogPost\" ><div class='avia_textblock  '   itemprop=\"text\" ><p style=\"text-align: center;\"><strong><span style=\"font-size: 18pt;\">\u00abEnse\u00f1ando se aprende\u00bb: \u00daltimo llamado a profesionales j\u00f3venes que quieran transformar la educaci\u00f3n del pa\u00eds\u00a0<\/span><\/strong><\/p>\n<div id=\"gtx-trans\" style=\"position: absolute; left: -50px; top: 4.31534px;\">\n<div class=\"gtx-trans-icon\"><\/div>\n<\/div>\n<\/div><\/section><\/div><div class=\"flex_column av_one_full  flex_column_div av-zero-column-padding first  avia-builder-el-4  el_after_av_one_full  el_before_av_hr  column-top-margin\" style='border-radius:0px; '><section class=\"av_textblock_section \"  itemscope=\"itemscope\" itemtype=\"https:\/\/schema.org\/BlogPosting\" itemprop=\"blogPost\" ><div class='avia_textblock  '   itemprop=\"text\" ><p style=\"text-align: justify;\"><em>Fundaci\u00f3n busca profesionales de las ingenier\u00edas, periodismo, carreras cient\u00edficas y pedagog\u00edas en ense\u00f1anza media para impactar Chile desde las salas de clases de la regi\u00f3n.\u00a0<\/em><\/p>\n<p style=\"text-align: justify;\">Hasta el 12 de noviembre profesionales de diversas carreras pueden sumarse al Programa de Liderazgo de Ense\u00f1a Chile, el cual lleva m\u00e1s de 15 a\u00f1os reclutando, formando y acompa\u00f1ando a j\u00f3venes para que impacten de manera positiva en la educaci\u00f3n de ni\u00f1as, ni\u00f1os y j\u00f3venes en 12 regiones del pa\u00eds.<\/p>\n<p style=\"text-align: justify;\">La fundaci\u00f3n recluta j\u00f3venes que quieran un trabajo con prop\u00f3sito e impacto real y desarrollo profesional para sumarse como profesores en establecimientos de alto \u00edndice de vulnerabilidad. Desde ah\u00ed, trabajar\u00e1n a tiempo completo y de manera remunerada, recibiendo adem\u00e1s acompa\u00f1amiento y formaci\u00f3n permanente. Adem\u00e1s, formar\u00e1n parte de una red de l\u00edderes comprometidos con generar cambios significativos en el sistema educativo del pa\u00eds.<\/p>\n<p style=\"text-align: justify;\">\u00abSi buscas un trabajo que saque lo mejor de ti, tanto profesional como personalmente, postula a Ense\u00f1a Chile\u00bb, invita Tom\u00e1s Recart, Director Ejecutivo de la fundaci\u00f3n. \u00abAtr\u00e9vete a buscar un trabajo que saque lo mejor de los estudiantes, lo mejor de ti y sea lo mejor para el pa\u00eds tambi\u00e9n\u00bb.<\/p>\n<p style=\"text-align: justify;\">Los requisitos para postular incluyen tener un t\u00edtulo profesional o licenciatura en \u00e1reas como ingenier\u00eda, periodismo, letras, pedagog\u00eda en ense\u00f1anza media o carreras cient\u00edficas como bioqu\u00edmica, biotecnolog\u00eda, bioingenier\u00eda, entre otras. Por otro lado, se valoran las experiencias de liderazgo como centros de estudiantes o voluntariados.<\/p>\n<p style=\"text-align: justify;\">En la Regi\u00f3n de Ays\u00e9n actualmente hay 7 profesores de Ense\u00f1a Chile en 6 establecimientos. Las comunas en las que se est\u00e1 trabajando, y se espera seguir para el 2025, son Coyhaique, Ays\u00e9n y R\u00edo Ib\u00e1\u00f1ez. Profesionales de Ingenier\u00eda, Educaci\u00f3n B\u00e1sica y Ciencias son los m\u00e1s solicitados para la zona.<\/p>\n<p style=\"text-align: justify;\">Melita Stotz, Directora Regional de la Macrozona Patagonia, comenta que en Ays\u00e9n son dos los principales desaf\u00edos en cuanto a materia educacional. \u00abEl primero es lograr que nuestros estudiantes tengan el aprendizaje m\u00ednimo esperado para el curso que est\u00e1n realizando. Sabemos que solamente el 18% de los estudiantes tienen el aprendizaje esperado del curso en el que est\u00e1n. El segundo desaf\u00edo tiene relaci\u00f3n con la cantidad de profesores que hay en el territorio. Ays\u00e9n es una regi\u00f3n hermosa con localidades que est\u00e1n situadas entre las monta\u00f1as, pero eso genera un desaf\u00edo debido a que est\u00e1n muy alejadas unas de otras, lo que a su vez genera un d\u00e9ficit de profesores en ciertos lugares donde realmente son necesitados\u00bb.<\/p>\n<p style=\"text-align: justify;\">Estos desaf\u00edos son el motor del trabajo de Ense\u00f1a Chile en la zona. Es por eso que hacen una invitaci\u00f3n a todos aquellos profesionales que quieran sumarse al desaf\u00edo. \u00abSi est\u00e1s buscando un trabajo con impacto social y con prop\u00f3sito, buscas generar un desarrollo profesional y personal, no lo pienses m\u00e1s y postula al Programa de Liderazgo Colectivo de Ense\u00f1a Chile\u00bb, invita la Directora.<\/p>\n<p style=\"text-align: justify;\">Con m\u00e1s de 230 mil estudiantes alcanzados, 205 profesores en aulas y una red de 996 egresados en 15 a\u00f1os de experiencia, Ense\u00f1a Chile te invita a ser parte de este movimiento de personas que busca transformar la educaci\u00f3n del pa\u00eds desde las salas de clases.<\/p>\n<p style=\"text-align: justify;\">Las postulaciones cierran el 12 de noviembre en <a href=\"http:\/\/www.ensenachile.cl\/postula\">www.ensenachile.cl\/postula.<\/a><\/p>\n<\/div><\/section><\/div><div  style='height:50px' class='hr hr-invisible   avia-builder-el-6  el_after_av_one_full  el_before_av_social_share '><span class='hr-inner ' ><span class='hr-inner-style'><\/span><\/span><\/div><\/p>\n<div  class='av-social-sharing-box  avia-builder-el-7  el_after_av_hr  el_before_av_hr  '><div class='av-share-box'><h5 class='av-share-link-description av-no-toc '>Compartir esta noticia<\/h5><ul class='av-share-box-list noLightbox'><li class='av-share-link av-social-link-facebook' ><a target=\"_blank\" aria-label=\"Compartir en Facebook\" href='https:\/\/www.facebook.com\/sharer.php?u=https:\/\/radiorevelacionfm.cl\/?p=47578&#038;t=%C2%ABEnse%C3%B1ando%20se%20aprende%C2%BB%3A%20%C3%9Altimo%20llamado%20a%20profesionales%20j%C3%B3venes%20que%20quieran%20transformar%20la%20educaci%C3%B3n%20del%20pa%C3%ADs' aria-hidden='false' data-av_icon='\ue8f3' data-av_iconfont='entypo-fontello' title='' data-avia-related-tooltip='Compartir en Facebook' rel=\"noopener\"><span class='avia_hidden_link_text'>Compartir en Facebook<\/span><\/a><\/li><li class='av-share-link av-social-link-twitter' ><a target=\"_blank\" aria-label=\"Compartir en Twitter\" href='https:\/\/twitter.com\/share?text=%C2%ABEnse%C3%B1ando%20se%20aprende%C2%BB%3A%20%C3%9Altimo%20llamado%20a%20profesionales%20j%C3%B3venes%20que%20quieran%20transformar%20la%20educaci%C3%B3n%20del%20pa%C3%ADs&#038;url=https:\/\/radiorevelacionfm.cl\/?p=47578' aria-hidden='false' data-av_icon='\ue8f1' data-av_iconfont='entypo-fontello' title='' data-avia-related-tooltip='Compartir en Twitter' rel=\"noopener\"><span class='avia_hidden_link_text'>Compartir en Twitter<\/span><\/a><\/li><li class='av-share-link av-social-link-whatsapp' ><a target=\"_blank\" aria-label=\"Compartir en Whatsapp\" href='https:\/\/api.whatsapp.com\/send?text=https:\/\/radiorevelacionfm.cl\/?p=47578' aria-hidden='false' data-av_icon='\uf232' data-av_iconfont='entypo-fontello' title='' data-avia-related-tooltip='Compartir en Whatsapp' rel=\"noopener\"><span class='avia_hidden_link_text'>Compartir en Whatsapp<\/span><\/a><\/li><li class='av-share-link av-social-link-linkedin' ><a target=\"_blank\" aria-label=\"Compartir en LinkedIn\" href='https:\/\/linkedin.com\/shareArticle?mini=true&#038;title=%C2%ABEnse%C3%B1ando%20se%20aprende%C2%BB%3A%20%C3%9Altimo%20llamado%20a%20profesionales%20j%C3%B3venes%20que%20quieran%20transformar%20la%20educaci%C3%B3n%20del%20pa%C3%ADs&#038;url=https:\/\/radiorevelacionfm.cl\/?p=47578' aria-hidden='false' data-av_icon='\ue8fc' data-av_iconfont='entypo-fontello' title='' data-avia-related-tooltip='Compartir en LinkedIn' rel=\"noopener\"><span class='avia_hidden_link_text'>Compartir en LinkedIn<\/span><\/a><\/li><li class='av-share-link av-social-link-mail' ><a  aria-label=\"Compartir por correo\" href='mailto:?subject=%C2%ABEnse%C3%B1ando%20se%20aprende%C2%BB%3A%20%C3%9Altimo%20llamado%20a%20profesionales%20j%C3%B3venes%20que%20quieran%20transformar%20la%20educaci%C3%B3n%20del%20pa%C3%ADs&#038;body=https:\/\/radiorevelacionfm.cl\/?p=47578' aria-hidden='false' data-av_icon='\ue805' data-av_iconfont='entypo-fontello' title='' data-avia-related-tooltip='Compartir por correo'><span class='avia_hidden_link_text'>Compartir por correo<\/span><\/a><\/li><\/ul><\/div><\/div>\n<div  style='height:50px' class='hr hr-invisible   avia-builder-el-8  el_after_av_social_share  el_before_av_comments_list '><span class='hr-inner ' ><span class='hr-inner-style'><\/span><\/span><\/div>\n<div  class='av-buildercomment  av-blog-meta-html-info-disabled av-blog-meta-tag-disabled  '><\/div>\n","protected":false},"excerpt":{"rendered":"","protected":false},"author":1,"featured_media":47579,"comment_status":"open","ping_status":"open","sticky":false,"template":"","format":"standard","meta":{"footnotes":""},"categories":[49],"tags":[],"class_list":["post-47578","post","type-post","status-publish","format-standard","has-post-thumbnail","hentry","category-educacion"],"jetpack_featured_media_url":"https:\/\/radiorevelacionfm.cl\/wp-content\/uploads\/2024\/10\/145_escuelaverano2020-1dia_ensenachile_sas2645-1-1_optimized.jpg","_links":{"self":[{"href":"https:\/\/radiorevelacionfm.cl\/index.php?rest_route=\/wp\/v2\/posts\/47578","targetHints":{"allow":["GET"]}}],"collection":[{"href":"https:\/\/radiorevelacionfm.cl\/index.php?rest_route=\/wp\/v2\/posts"}],"about":[{"href":"https:\/\/radiorevelacionfm.cl\/index.php?rest_route=\/wp\/v2\/types\/post"}],"author":[{"embeddable":true,"href":"https:\/\/radiorevelacionfm.cl\/index.php?rest_route=\/wp\/v2\/users\/1"}],"replies":[{"embeddable":true,"href":"https:\/\/radiorevelacionfm.cl\/index.php?rest_route=%2Fwp%2Fv2%2Fcomments&post=47578"}],"version-history":[{"count":1,"href":"https:\/\/radiorevelacionfm.cl\/index.php?rest_route=\/wp\/v2\/posts\/47578\/revisions"}],"predecessor-version":[{"id":47580,"href":"https:\/\/radiorevelacionfm.cl\/index.php?rest_route=\/wp\/v2\/posts\/47578\/revisions\/47580"}],"wp:featuredmedia":[{"embeddable":true,"href":"https:\/\/radiorevelacionfm.cl\/index.php?rest_route=\/wp\/v2\/media\/47579"}],"wp:attachment":[{"href":"https:\/\/radiorevelacionfm.cl\/index.php?rest_route=%2Fwp%2Fv2%2Fmedia&parent=47578"}],"wp:term":[{"taxonomy":"category","embeddable":true,"href":"https:\/\/radiorevelacionfm.cl\/index.php?rest_route=%2Fwp%2Fv2%2Fcategories&post=47578"},{"taxonomy":"post_tag","embeddable":true,"href":"https:\/\/radiorevelacionfm.cl\/index.php?rest_route=%2Fwp%2Fv2%2Ftags&post=47578"}],"curies":[{"name":"wp","href":"https:\/\/api.w.org\/{rel}","templated":true}]}}