{"id":47575,"date":"2024-10-30T21:20:16","date_gmt":"2024-10-31T00:20:16","guid":{"rendered":"https:\/\/radiorevelacionfm.cl\/?p=47575"},"modified":"2024-10-30T21:20:16","modified_gmt":"2024-10-31T00:20:16","slug":"semana-de-las-mipymes-y-cooperativas-2024-la-red-que-impulsa-a-chile","status":"publish","type":"post","link":"https:\/\/radiorevelacionfm.cl\/?p=47575","title":{"rendered":"Semana de las Mipymes y Cooperativas 2024 \u201cLa red que impulsa a Chile\u201d"},"content":{"rendered":"<div class=\"flex_column av_one_full  flex_column_div av-zero-column-padding first  avia-builder-el-0  el_before_av_one_full  avia-builder-el-first  \" style='border-radius:0px; '><div  class='avia-image-container  av-styling-    avia-builder-el-1  avia-builder-el-no-sibling  avia-align-center '  itemprop=\"image\" itemscope=\"itemscope\" itemtype=\"https:\/\/schema.org\/ImageObject\"  ><div class='avia-image-container-inner'><div class='avia-image-overlay-wrap'><img decoding=\"async\" class='wp-image-47576 avia-img-lazy-loading-not-47576 avia_image' src=\"https:\/\/radiorevelacionfm.cl\/wp-content\/uploads\/2024\/10\/cooperativa-aysen-2-1_optimized-1.jpg\" alt='' title='cooperativa-aysen-2-(1)_optimized (1)' height=\"600\" width=\"1067\"  itemprop=\"thumbnailUrl\" srcset=\"https:\/\/radiorevelacionfm.cl\/wp-content\/uploads\/2024\/10\/cooperativa-aysen-2-1_optimized-1.jpg 1067w, https:\/\/radiorevelacionfm.cl\/wp-content\/uploads\/2024\/10\/cooperativa-aysen-2-1_optimized-1-300x169.jpg 300w, https:\/\/radiorevelacionfm.cl\/wp-content\/uploads\/2024\/10\/cooperativa-aysen-2-1_optimized-1-1030x579.jpg 1030w, https:\/\/radiorevelacionfm.cl\/wp-content\/uploads\/2024\/10\/cooperativa-aysen-2-1_optimized-1-768x432.jpg 768w, https:\/\/radiorevelacionfm.cl\/wp-content\/uploads\/2024\/10\/cooperativa-aysen-2-1_optimized-1-705x396.jpg 705w, https:\/\/radiorevelacionfm.cl\/wp-content\/uploads\/2024\/10\/cooperativa-aysen-2-1_optimized-1-450x253.jpg 450w, https:\/\/radiorevelacionfm.cl\/wp-content\/uploads\/2024\/10\/cooperativa-aysen-2-1_optimized-1-600x337.jpg 600w\" sizes=\"(max-width: 1067px) 100vw, 1067px\" \/><\/div><\/div><\/div><\/div><div class=\"flex_column av_one_full  flex_column_div av-zero-column-padding first  avia-builder-el-2  el_after_av_one_full  el_before_av_one_full  column-top-margin\" style='border-radius:0px; '><section class=\"av_textblock_section \"  itemscope=\"itemscope\" itemtype=\"https:\/\/schema.org\/BlogPosting\" itemprop=\"blogPost\" ><div class='avia_textblock  '   itemprop=\"text\" ><p style=\"text-align: center;\"><strong><span style=\"font-size: 18pt;\">Semana de las Mipymes y Cooperativas 2024 \u201cLa red que impulsa a Chile\u201d<\/span><\/strong><\/p>\n<div id=\"gtx-trans\" style=\"position: absolute; left: -50px; top: 4.31534px;\">\n<div class=\"gtx-trans-icon\"><\/div>\n<\/div>\n<\/div><\/section><\/div><div class=\"flex_column av_one_full  flex_column_div av-zero-column-padding first  avia-builder-el-4  el_after_av_one_full  el_before_av_hr  column-top-margin\" style='border-radius:0px; '><section class=\"av_textblock_section \"  itemscope=\"itemscope\" itemtype=\"https:\/\/schema.org\/BlogPosting\" itemprop=\"blogPost\" ><div class='avia_textblock  '   itemprop=\"text\" ><p style=\"text-align: justify;\"><em>Chile crece junto a sus MiPymes y Cooperativas. Durante el 2024, el Presidente Boric ha reafirmado que el objetivo es impulsar el crecimiento econ\u00f3mico del pa\u00eds, superando los pron\u00f3sticos previstos. Para lograrlo, es fundamental hacerlo junto a las micro, peque\u00f1as y medianas empresas y cooperativas, quienes son tambi\u00e9n protagonistas del crecimiento econ\u00f3mico, el empleo de calidad y el desarrollo del pa\u00eds.<\/em><\/p>\n<p style=\"text-align: justify;\">La Semana de las MiPymes y Cooperativas es una iniciativa del Ministerio de Econom\u00eda, Fomento y Turismo que se realiza desde el 2012, y que este a\u00f1o se enfocar\u00e1 en el crecimiento de las empresas, a trav\u00e9s de mejoras en su productividad, el aumento de ventas v\u00eda la capacitaci\u00f3n en gesti\u00f3n empresarial y la generaci\u00f3n de redes. Por otro lado, ser\u00e1 un espacio para destacar su labor en el dinamismo econ\u00f3mico local, adem\u00e1s de dar visibilidad a instrumentos de fomento, herramientas, proyectos de ley e iniciativas que han sido puestos en marcha en apoyo al ecosistema. Por \u00faltimo, ser\u00e1 un lugar de encuentro, donde el di\u00e1logo p\u00fablico-privado es el protagonista, permitiendo que los y las empresarios se desarrollen y habiten este espacio com\u00fan.<\/p>\n<p style=\"text-align: justify;\">El Seremi de Econom\u00eda, Fomento y Turismo; Felipe Rojas, puntualiz\u00f3 que, en la Regi\u00f3n de Ays\u00e9n se desarrollar\u00e1n una serie de actividades para relevar este importante hito. <em>\u201cLas Pymes y Cooperativas, son fundamentales para el desarrollo econ\u00f3mico del territorio y es por eso, que desde nuestro Gobierno estamos acelerando las pol\u00edticas p\u00fablicas e iniciativas necesarias para crecer m\u00e1s all\u00e1 de los pron\u00f3sticos. Para lograrlo resulta fundamental reforzar el ecosistema de las MiPymes y Cooperativas. En ese contexto tenemos una programaci\u00f3n completa para que, desde el 4 al 8 de noviembre, relevemos la importancia que estas revisten. Para eso, lanzaremos la semana el d\u00eda lunes 4 destacando el trabajo sostenido que ha realizado la Cooperativa Koonek, la que anota 7 a\u00f1os de experiencia, la que se une asociativamente a trav\u00e9s de la utilizaci\u00f3n de productos forestales no madereros, principalmente el calafate. En este escenario lanzar\u00e1n 2 nuevos productos bajo la marca Koonek. Adem\u00e1s, realizaremos un desayuno el d\u00eda 7 en Puerto Ays\u00e9n, para relevar la importancia de las mujeres al frente de gremios productivos\u201d.<\/em><\/p>\n<p style=\"text-align: justify;\">Por su parte, la directora regional de Sercotec, Nelly Vargas mencion\u00f3 que: <em>\u201cLa Semana de las Pymes y Cooperativas es muy relevante para nosotras y nosotros. Ya que, poder apoyar diariamente a peque\u00f1as empresas, destacar su trabajo y perseverancia que constantemente tienen junto a sus colaboradores, es muy importante. Y tambi\u00e9n nos desaf\u00eda a nosotros como Sercotec, a seguir trabajando tanto en la l\u00ednea de asesor\u00eda como de financiamiento. Adecu\u00e1ndonos a las necesidades que presentan, ya que el mercado es fluctuante. En ese contexto, nuestro compromiso es seguir apoy\u00e1ndolos en este camino del emprendimiento\u201d.<\/em><\/p>\n<p style=\"text-align: justify;\">Ver\u00f3nica Ehijos, presidenta Cooperativa Koonek, relev\u00f3 la importancia de la Semana de las Pymes y Cooperativas. <em>\u201cPara nosotros como cooperativa es muy importante participar en estas actividades ya que es ah\u00ed donde tenemos las posibilidades de compartir con todos los actores involucrados en el ecosistema del emprendimiento. Adem\u00e1s de compartir experiencias, novedades e informaci\u00f3n que surgen en estas instancias\u201d.<\/em><\/p>\n<p style=\"text-align: justify;\">Entre el 4 y 8 de noviembre, se relevar\u00e1 el rol de las MiPymes y de las cooperativas en nuestra econom\u00eda, junto con dar visibilidad a los instrumentos de fomento, proyectos de ley e iniciativas que las ayudan a crecer y consolidarse. En todo el pa\u00eds se desarrollar\u00e1n m\u00e1s de 350 actividades que empoderar\u00e1n y mejorar\u00e1n la competitividad de las MiPymes y cooperativas, a trav\u00e9s de formalizaci\u00f3n de emprendimientos en sus diferentes etapas, destacando los beneficios que esto conlleva. Adem\u00e1s, se capacitar\u00e1 a las y los emprendedores, para que las empresas tengan mejores habilidades en gesti\u00f3n empresarial y puedan aumentar su productividad. La programaci\u00f3n completa, incluida la Regi\u00f3n de Ays\u00e9n, est\u00e1n publicados en la web<a href=\"http:\/\/www.semanadelapyme.cl\/\"> www.semanadelapyme.cl<\/a> , la invitaci\u00f3n es a los y las emprendedoras, cooperados y cooperadas, servicios p\u00fablicos y entidades privadas se unan y participen en esta nueva versi\u00f3n de la Semana de las Mipymes y Cooperativas, la red que impulsa a Chile.<\/p>\n<\/div><\/section><\/div><div  style='height:50px' class='hr hr-invisible   avia-builder-el-6  el_after_av_one_full  el_before_av_social_share '><span class='hr-inner ' ><span class='hr-inner-style'><\/span><\/span><\/div><\/p>\n<div  class='av-social-sharing-box  avia-builder-el-7  el_after_av_hr  el_before_av_hr  '><div class='av-share-box'><h5 class='av-share-link-description av-no-toc '>Compartir esta noticia<\/h5><ul class='av-share-box-list noLightbox'><li class='av-share-link av-social-link-facebook' ><a target=\"_blank\" aria-label=\"Compartir en Facebook\" href='https:\/\/www.facebook.com\/sharer.php?u=https:\/\/radiorevelacionfm.cl\/?p=47575&#038;t=Semana%20de%20las%20Mipymes%20y%20Cooperativas%202024%20%E2%80%9CLa%20red%20que%20impulsa%20a%20Chile%E2%80%9D' aria-hidden='false' data-av_icon='\ue8f3' data-av_iconfont='entypo-fontello' title='' data-avia-related-tooltip='Compartir en Facebook' rel=\"noopener\"><span class='avia_hidden_link_text'>Compartir en Facebook<\/span><\/a><\/li><li class='av-share-link av-social-link-twitter' ><a target=\"_blank\" aria-label=\"Compartir en Twitter\" href='https:\/\/twitter.com\/share?text=Semana%20de%20las%20Mipymes%20y%20Cooperativas%202024%20%E2%80%9CLa%20red%20que%20impulsa%20a%20Chile%E2%80%9D&#038;url=https:\/\/radiorevelacionfm.cl\/?p=47575' aria-hidden='false' data-av_icon='\ue8f1' data-av_iconfont='entypo-fontello' title='' data-avia-related-tooltip='Compartir en Twitter' rel=\"noopener\"><span class='avia_hidden_link_text'>Compartir en Twitter<\/span><\/a><\/li><li class='av-share-link av-social-link-whatsapp' ><a target=\"_blank\" aria-label=\"Compartir en Whatsapp\" href='https:\/\/api.whatsapp.com\/send?text=https:\/\/radiorevelacionfm.cl\/?p=47575' aria-hidden='false' data-av_icon='\uf232' data-av_iconfont='entypo-fontello' title='' data-avia-related-tooltip='Compartir en Whatsapp' rel=\"noopener\"><span class='avia_hidden_link_text'>Compartir en Whatsapp<\/span><\/a><\/li><li class='av-share-link av-social-link-linkedin' ><a target=\"_blank\" aria-label=\"Compartir en LinkedIn\" href='https:\/\/linkedin.com\/shareArticle?mini=true&#038;title=Semana%20de%20las%20Mipymes%20y%20Cooperativas%202024%20%E2%80%9CLa%20red%20que%20impulsa%20a%20Chile%E2%80%9D&#038;url=https:\/\/radiorevelacionfm.cl\/?p=47575' aria-hidden='false' data-av_icon='\ue8fc' data-av_iconfont='entypo-fontello' title='' data-avia-related-tooltip='Compartir en LinkedIn' rel=\"noopener\"><span class='avia_hidden_link_text'>Compartir en LinkedIn<\/span><\/a><\/li><li class='av-share-link av-social-link-mail' ><a  aria-label=\"Compartir por correo\" href='mailto:?subject=Semana%20de%20las%20Mipymes%20y%20Cooperativas%202024%20%E2%80%9CLa%20red%20que%20impulsa%20a%20Chile%E2%80%9D&#038;body=https:\/\/radiorevelacionfm.cl\/?p=47575' aria-hidden='false' data-av_icon='\ue805' data-av_iconfont='entypo-fontello' title='' data-avia-related-tooltip='Compartir por correo'><span class='avia_hidden_link_text'>Compartir por correo<\/span><\/a><\/li><\/ul><\/div><\/div>\n<div  style='height:50px' class='hr hr-invisible   avia-builder-el-8  el_after_av_social_share  el_before_av_comments_list '><span class='hr-inner ' ><span class='hr-inner-style'><\/span><\/span><\/div>\n<div  class='av-buildercomment  av-blog-meta-html-info-disabled av-blog-meta-tag-disabled  '><\/div>\n","protected":false},"excerpt":{"rendered":"","protected":false},"author":1,"featured_media":47576,"comment_status":"open","ping_status":"open","sticky":false,"template":"","format":"standard","meta":{"footnotes":""},"categories":[38],"tags":[],"class_list":["post-47575","post","type-post","status-publish","format-standard","has-post-thumbnail","hentry","category-regional"],"jetpack_featured_media_url":"https:\/\/radiorevelacionfm.cl\/wp-content\/uploads\/2024\/10\/cooperativa-aysen-2-1_optimized-1.jpg","_links":{"self":[{"href":"https:\/\/radiorevelacionfm.cl\/index.php?rest_route=\/wp\/v2\/posts\/47575","targetHints":{"allow":["GET"]}}],"collection":[{"href":"https:\/\/radiorevelacionfm.cl\/index.php?rest_route=\/wp\/v2\/posts"}],"about":[{"href":"https:\/\/radiorevelacionfm.cl\/index.php?rest_route=\/wp\/v2\/types\/post"}],"author":[{"embeddable":true,"href":"https:\/\/radiorevelacionfm.cl\/index.php?rest_route=\/wp\/v2\/users\/1"}],"replies":[{"embeddable":true,"href":"https:\/\/radiorevelacionfm.cl\/index.php?rest_route=%2Fwp%2Fv2%2Fcomments&post=47575"}],"version-history":[{"count":1,"href":"https:\/\/radiorevelacionfm.cl\/index.php?rest_route=\/wp\/v2\/posts\/47575\/revisions"}],"predecessor-version":[{"id":47577,"href":"https:\/\/radiorevelacionfm.cl\/index.php?rest_route=\/wp\/v2\/posts\/47575\/revisions\/47577"}],"wp:featuredmedia":[{"embeddable":true,"href":"https:\/\/radiorevelacionfm.cl\/index.php?rest_route=\/wp\/v2\/media\/47576"}],"wp:attachment":[{"href":"https:\/\/radiorevelacionfm.cl\/index.php?rest_route=%2Fwp%2Fv2%2Fmedia&parent=47575"}],"wp:term":[{"taxonomy":"category","embeddable":true,"href":"https:\/\/radiorevelacionfm.cl\/index.php?rest_route=%2Fwp%2Fv2%2Fcategories&post=47575"},{"taxonomy":"post_tag","embeddable":true,"href":"https:\/\/radiorevelacionfm.cl\/index.php?rest_route=%2Fwp%2Fv2%2Ftags&post=47575"}],"curies":[{"name":"wp","href":"https:\/\/api.w.org\/{rel}","templated":true}]}}