{"id":47572,"date":"2024-10-30T09:49:51","date_gmt":"2024-10-30T12:49:51","guid":{"rendered":"https:\/\/radiorevelacionfm.cl\/?p=47572"},"modified":"2024-10-30T09:49:51","modified_gmt":"2024-10-30T12:49:51","slug":"encuentran-ballena-jorobada-muerta-al-interior-de-parque-nacional-laguna-san-rafael","status":"publish","type":"post","link":"https:\/\/radiorevelacionfm.cl\/?p=47572","title":{"rendered":"Encuentran ballena jorobada muerta al interior de Parque Nacional Laguna San Rafael"},"content":{"rendered":"<div class=\"flex_column av_one_full  flex_column_div av-zero-column-padding first  avia-builder-el-0  el_before_av_one_full  avia-builder-el-first  \" style='border-radius:0px; '><div  class='avia-image-container  av-styling-    avia-builder-el-1  avia-builder-el-no-sibling  avia-align-center '  itemprop=\"image\" itemscope=\"itemscope\" itemtype=\"https:\/\/schema.org\/ImageObject\"  ><div class='avia-image-container-inner'><div class='avia-image-overlay-wrap'><img decoding=\"async\" class='wp-image-47573 avia-img-lazy-loading-not-47573 avia_image' src=\"https:\/\/radiorevelacionfm.cl\/wp-content\/uploads\/2024\/10\/img_7574-1_optimized-1.jpg\" alt='' title='img_7574-(1)_optimized (1)' height=\"630\" width=\"800\"  itemprop=\"thumbnailUrl\" srcset=\"https:\/\/radiorevelacionfm.cl\/wp-content\/uploads\/2024\/10\/img_7574-1_optimized-1.jpg 800w, https:\/\/radiorevelacionfm.cl\/wp-content\/uploads\/2024\/10\/img_7574-1_optimized-1-300x236.jpg 300w, https:\/\/radiorevelacionfm.cl\/wp-content\/uploads\/2024\/10\/img_7574-1_optimized-1-768x605.jpg 768w, https:\/\/radiorevelacionfm.cl\/wp-content\/uploads\/2024\/10\/img_7574-1_optimized-1-705x555.jpg 705w, https:\/\/radiorevelacionfm.cl\/wp-content\/uploads\/2024\/10\/img_7574-1_optimized-1-450x354.jpg 450w, https:\/\/radiorevelacionfm.cl\/wp-content\/uploads\/2024\/10\/img_7574-1_optimized-1-600x473.jpg 600w\" sizes=\"(max-width: 800px) 100vw, 800px\" \/><\/div><\/div><\/div><\/div><div class=\"flex_column av_one_full  flex_column_div av-zero-column-padding first  avia-builder-el-2  el_after_av_one_full  el_before_av_one_full  column-top-margin\" style='border-radius:0px; '><section class=\"av_textblock_section \"  itemscope=\"itemscope\" itemtype=\"https:\/\/schema.org\/BlogPosting\" itemprop=\"blogPost\" ><div class='avia_textblock  '   itemprop=\"text\" ><p style=\"text-align: center;\"><span style=\"font-size: 18pt;\"><b><span lang=\"ES-TRAD\">Encuentran ballena jorobada muerta al interior de Parque Nacional Laguna San Rafael<\/span><\/b><\/span><\/p>\n<div id=\"gtx-trans\" style=\"position: absolute; left: -50px; top: 4.31534px;\">\n<div class=\"gtx-trans-icon\"><\/div>\n<\/div>\n<\/div><\/section><\/div><div class=\"flex_column av_one_full  flex_column_div av-zero-column-padding first  avia-builder-el-4  el_after_av_one_full  el_before_av_hr  column-top-margin\" style='border-radius:0px; '><section class=\"av_textblock_section \"  itemscope=\"itemscope\" itemtype=\"https:\/\/schema.org\/BlogPosting\" itemprop=\"blogPost\" ><div class='avia_textblock  '   itemprop=\"text\" ><ul>\n<li class=\"v1gmail-MsoListParagraphCxSpFirst\" style=\"text-align: justify;\"><i><span lang=\"ES-TRAD\">Tripulaciones de empresas de turismo que realizan la ruta entre Bah\u00eda Exploradores y la laguna San Rafael dieron cuenta del hallazgo, aleda\u00f1o a los restos del centro \u00abHuillines 3\u00bb, de propiedad de Cooke Aquaculture y cuyas instalaciones se encuentran pr\u00e1cticamente abandonadas.\u00a0<span class=\"v1gmail-Apple-converted-space\">\u00a0<\/span><\/span><\/i><\/li>\n<li class=\"v1gmail-MsoListParagraphCxSpLast\" style=\"text-align: justify;\"><i><span lang=\"ES-TRAD\">Hasta hace menos de una semana exist\u00eda en el lugar un pont\u00f3n acu\u00edcola de la empresa, sin personal y pr\u00e1cticamente abandonado, y en cuyo interior, por lo que se constat\u00f3, hab\u00eda contenedores rotulados como dep\u00f3sito de elementos qu\u00edmicos, y sustancias peligrosas y corrosivas.<\/span><\/i><\/li>\n<\/ul>\n<p class=\"v1MsoNormal\" style=\"text-align: justify;\"><span lang=\"ES-TRAD\">A pocos metros del<span class=\"v1gmail-Apple-converted-space\">\u00a0<\/span><b><a href=\"https:\/\/seia.sea.gob.cl\/mapa\/visualizacion\/PuntoRepresentativo\/index.php?idExpediente=6051983\" target=\"_blank\" rel=\"noopener noreferrer\">Centro de Engorda de Salm\u00f3nidos \u00abHuillines 3\u00bb<\/a><\/b>, dentro del Parque Nacional Laguna San Rafael en el Estero Cupquel\u00e1n, fue divisado<span class=\"v1gmail-Apple-converted-space\">\u00a0<\/span><a href=\"https:\/\/maps.app.goo.gl\/5gvkWpzDjuySJ8M28\" target=\"_blank\" rel=\"noopener noreferrer\">el cuerpo de una ballena jorobada<\/a><span class=\"v1gmail-Apple-converted-space\">\u00a0<\/span>(<i>Megaptera novaeangliae<\/i>). Las instalaciones, hoy sin operaci\u00f3n, son propiedad de Cooke Aquaculture y han protagonizado<span class=\"v1gmail-Apple-converted-space\">\u00a0<\/span><a href=\"https:\/\/seia.sea.gob.cl\/busqueda\/buscarProyectoAction.php?nombre=huillines\" target=\"_blank\" rel=\"noopener noreferrer\">diversas controversias administrativas y legales<\/a>, que incluso han llegado a la paralizaci\u00f3n en 2022 por orden de la Superintendencia del Medio Ambiente (ratificado por el Tribunal Ambiental de Valdivia) de la siembra de 170.000 salmones, por sus posibles efectos ambientales.<\/span><\/p>\n<p class=\"v1MsoNormal\" style=\"text-align: justify;\"><span lang=\"ES-TRAD\">Uno de los registros fue realizado este martes por la tripulaci\u00f3n de la empresa de turismo n\u00e1utico Kaw\u00e9sqar Patagonia, que realiza tours desde Bah\u00eda Exploradores a la Laguna San Rafael. La ballena, ese d\u00eda ya a unos 600 metros del centro, \u00ab<i>estaba a la orilla de la costa, nos acercamos a apreciarla para verla con mayor claridad, logramos as\u00ed identificar que se trataba de un ejemplar de una ballena jorobada, de unos 12 a 13 metros<\/i>\u00bb se\u00f1al\u00f3<span class=\"v1gmail-Apple-converted-space\">\u00a0<\/span><b>Yimmy Avenda\u00f1o<\/b>. Por lo que se pudo apreciar, \u00ab<i>ya estaba bastante hinchada, lo cual genera una data de muerte ya de unos varios d\u00edas, estamos hablando de unos tres o cuatro, seg\u00fan lo que comentamos con nuestros colegas<\/i>\u00ab.<\/span><\/p>\n<p class=\"v1MsoNormal\" style=\"text-align: justify;\"><span lang=\"ES-TRAD\">A esas alturas, \u00ab<i>el olor est\u00e1 bastante fuerte, as\u00ed que no nos pudimos acercar mucho m\u00e1s<\/i>\u00bb explic\u00f3 el gu\u00eda.<\/span><\/p>\n<p class=\"v1MsoNormal\" style=\"text-align: justify;\"><span lang=\"ES-TRAD\">Por su parte,<span class=\"v1gmail-Apple-converted-space\">\u00a0<\/span><b>Carla Z\u00fa\u00f1iga<\/b>, de otra empresa de turismo n\u00e1utico, explic\u00f3 que ya el lunes cerca de las 14,30 hrs, de regreso de un tour a la laguna \u00ab<i>nos acercamos a ver un bulto blanco que en la ma\u00f1ana hab\u00edamos visto en el mismo sector. Era una ballena muerta, aparentemente una jorobada de unos 11 metros de largo. Ya se encontraba hinchada y con presencia de algunas heridas, fue una situaci\u00f3n muy triste<\/i>\u00bb se\u00f1al\u00f3. Ese d\u00eda, el cuerpo del cet\u00e1ceo estaba a pocos metros de las boyas del centro.<\/span><\/p>\n<p class=\"v1MsoNormal\" style=\"text-align: justify;\"><span lang=\"ES-TRAD\">En los d\u00edas previos se hab\u00eda constatado que en dicho sector se hab\u00edan avistado \u00ab<i>soplos<\/i>\u00bb en la superficie, que es el procedimiento mediante el cual una ballena sale del agua para expulsar vapor condensado y as\u00ed respirar. \u00ab<i>Hace unas semanas atr\u00e1s vimos cercano a ese sector el soplo de una ballena<\/i>\u00ab. Por el momento no hay claridad si se tratar\u00eda o no del mismo ejemplar, que estuvo nadando por el sector durante semanas.<\/span><\/p>\n<p class=\"v1MsoNormal\" style=\"text-align: justify;\"><span lang=\"ES-TRAD\">La denuncia ya se realiz\u00f3 al Servicio Nacional de Pesca (Sernapesca) v\u00eda correo electr\u00f3nico, y se espera que se pueda realizar una autopsia con el fin de establecer claramente la causa de muerte del cet\u00e1ceo, descartando o confirmando la incidencia que pueda tener la contaminaci\u00f3n presente en el lugar, principalmente de pl\u00e1sticos y micropl\u00e1sticos.<\/span><\/p>\n<p class=\"v1MsoNormal\" style=\"text-align: justify;\"><span lang=\"ES-TRAD\">Actualmente el Centro de Engorda de Salm\u00f3nidos \u00abHuillines 3\u00bb se encuentra sin personal y pr\u00e1cticamente abandonado, s\u00f3lo con las boyas y algunos pasillos. Hasta el mi\u00e9rcoles de la semana pasada, al menos, exist\u00eda en el lugar un pont\u00f3n acu\u00edcola de Cooke Aquaculture, en cuyo interior, por lo que se constat\u00f3, hab\u00eda contenedores rotulados como dep\u00f3sitos de elementos qu\u00edmicos, y sustancias peligrosas, t\u00f3xicas y corrosivas.<span class=\"v1gmail-Apple-converted-space\">\u00a0<\/span>\u00a0<\/span><\/p>\n<p class=\"v1MsoNormal\" style=\"text-align: justify;\"><span lang=\"ES-TRAD\">Seg\u00fan informaron testigos, al momento de avistar esta semana la ballena muerta, la caseta en espec\u00edfico hab\u00eda sido retirada del lugar.<\/span><\/p>\n<p class=\"v1MsoNormal\" style=\"text-align: justify;\"><b><span lang=\"ES-TRAD\">Otro caso en reserva nacional Kaw\u00e9sqar<\/span><\/b><\/p>\n<p class=\"v1MsoNormal\" style=\"text-align: justify;\"><span lang=\"ES-TRAD\">Este acontecimiento se suma a otro hecho similar ocurrido tambi\u00e9n por estos d\u00edas en la reserva nacional Kaw\u00e9sqar, en Magallanes, donde<span class=\"v1gmail-Apple-converted-space\">\u00a0<\/span><a href=\"https:\/\/www.instagram.com\/p\/DBuZCwdSUkz\/?igsh=eGJteTFmcGl4amhm&amp;img_index=1\" target=\"_blank\" rel=\"noopener noreferrer\">Sernapesca fue notificada<\/a><span class=\"v1gmail-Apple-converted-space\">\u00a0<\/span>sobre el hallazgo de una ballena jorobada \u00abpresuntamente enmallada\u00bb y muerta en un centro de cultivo de la empresa Australis Mar, ubicado en el Seno Glacier.\u00a0A ra\u00edz de esto, el organismo deriv\u00f3 los antecedentes a la Fiscal\u00eda Regional, ya que aunque \u00ab<i>la empresa nos inform\u00f3 sobre lo ocurrido, es crucial investigar c\u00f3mo sucedi\u00f3 y adoptar las medidas necesarias para el adecuado retiro del cet\u00e1ceo del centro de cultivo<\/i>\u00bb se\u00f1al\u00f3 al respecto Ximena Gallardo, directora Sernapesca Magallanes.<\/span><\/p>\n<p class=\"v1MsoNormal\" style=\"text-align: justify;\"><span lang=\"ES-TRAD\">Situaciones como \u00e9sta son las que han alertado a las organizaciones regionales, nacionales e internacionales, y han llevado a exigir la salida de los centros de cultivo de las \u00e1reas protegidas, sin relocalizaci\u00f3n, bajo el alero de la<span class=\"v1gmail-Apple-converted-space\">\u00a0<\/span><b>campa\u00f1a \u00ab\u00a1Salvemos la Patagonia!<\/b>\u00ab. \u00c9sta es impulsada por la Alianza por la Defensa de las \u00c1reas Protegidas, que aglutina a m\u00e1s de 40 organizaciones de Los Lagos, Ays\u00e9n y Magallanes, entre otras del resto del pa\u00eds y el extranjero.<\/span><\/p>\n<\/div><\/section><\/div><div  style='height:50px' class='hr hr-invisible   avia-builder-el-6  el_after_av_one_full  el_before_av_social_share '><span class='hr-inner ' ><span class='hr-inner-style'><\/span><\/span><\/div><\/p>\n<div  class='av-social-sharing-box  avia-builder-el-7  el_after_av_hr  el_before_av_hr  '><div class='av-share-box'><h5 class='av-share-link-description av-no-toc '>Compartir esta noticia<\/h5><ul class='av-share-box-list noLightbox'><li class='av-share-link av-social-link-facebook' ><a target=\"_blank\" aria-label=\"Compartir en Facebook\" href='https:\/\/www.facebook.com\/sharer.php?u=https:\/\/radiorevelacionfm.cl\/?p=47572&#038;t=Encuentran%20ballena%20jorobada%20muerta%20al%20interior%20de%20Parque%20Nacional%20Laguna%20San%20Rafael' aria-hidden='false' data-av_icon='\ue8f3' data-av_iconfont='entypo-fontello' title='' data-avia-related-tooltip='Compartir en Facebook' rel=\"noopener\"><span class='avia_hidden_link_text'>Compartir en Facebook<\/span><\/a><\/li><li class='av-share-link av-social-link-twitter' ><a target=\"_blank\" aria-label=\"Compartir en Twitter\" href='https:\/\/twitter.com\/share?text=Encuentran%20ballena%20jorobada%20muerta%20al%20interior%20de%20Parque%20Nacional%20Laguna%20San%20Rafael&#038;url=https:\/\/radiorevelacionfm.cl\/?p=47572' aria-hidden='false' data-av_icon='\ue8f1' data-av_iconfont='entypo-fontello' title='' data-avia-related-tooltip='Compartir en Twitter' rel=\"noopener\"><span class='avia_hidden_link_text'>Compartir en Twitter<\/span><\/a><\/li><li class='av-share-link av-social-link-whatsapp' ><a target=\"_blank\" aria-label=\"Compartir en Whatsapp\" href='https:\/\/api.whatsapp.com\/send?text=https:\/\/radiorevelacionfm.cl\/?p=47572' aria-hidden='false' data-av_icon='\uf232' data-av_iconfont='entypo-fontello' title='' data-avia-related-tooltip='Compartir en Whatsapp' rel=\"noopener\"><span class='avia_hidden_link_text'>Compartir en Whatsapp<\/span><\/a><\/li><li class='av-share-link av-social-link-linkedin' ><a target=\"_blank\" aria-label=\"Compartir en LinkedIn\" href='https:\/\/linkedin.com\/shareArticle?mini=true&#038;title=Encuentran%20ballena%20jorobada%20muerta%20al%20interior%20de%20Parque%20Nacional%20Laguna%20San%20Rafael&#038;url=https:\/\/radiorevelacionfm.cl\/?p=47572' aria-hidden='false' data-av_icon='\ue8fc' data-av_iconfont='entypo-fontello' title='' data-avia-related-tooltip='Compartir en LinkedIn' rel=\"noopener\"><span class='avia_hidden_link_text'>Compartir en LinkedIn<\/span><\/a><\/li><li class='av-share-link av-social-link-mail' ><a  aria-label=\"Compartir por correo\" href='mailto:?subject=Encuentran%20ballena%20jorobada%20muerta%20al%20interior%20de%20Parque%20Nacional%20Laguna%20San%20Rafael&#038;body=https:\/\/radiorevelacionfm.cl\/?p=47572' aria-hidden='false' data-av_icon='\ue805' data-av_iconfont='entypo-fontello' title='' data-avia-related-tooltip='Compartir por correo'><span class='avia_hidden_link_text'>Compartir por correo<\/span><\/a><\/li><\/ul><\/div><\/div>\n<div  style='height:50px' class='hr hr-invisible   avia-builder-el-8  el_after_av_social_share  el_before_av_comments_list '><span class='hr-inner ' ><span class='hr-inner-style'><\/span><\/span><\/div>\n<div  class='av-buildercomment  av-blog-meta-html-info-disabled av-blog-meta-tag-disabled  '><\/div>\n","protected":false},"excerpt":{"rendered":"","protected":false},"author":1,"featured_media":47573,"comment_status":"open","ping_status":"open","sticky":false,"template":"","format":"standard","meta":{"footnotes":""},"categories":[38],"tags":[],"class_list":["post-47572","post","type-post","status-publish","format-standard","has-post-thumbnail","hentry","category-regional"],"jetpack_featured_media_url":"https:\/\/radiorevelacionfm.cl\/wp-content\/uploads\/2024\/10\/img_7574-1_optimized-1.jpg","_links":{"self":[{"href":"https:\/\/radiorevelacionfm.cl\/index.php?rest_route=\/wp\/v2\/posts\/47572","targetHints":{"allow":["GET"]}}],"collection":[{"href":"https:\/\/radiorevelacionfm.cl\/index.php?rest_route=\/wp\/v2\/posts"}],"about":[{"href":"https:\/\/radiorevelacionfm.cl\/index.php?rest_route=\/wp\/v2\/types\/post"}],"author":[{"embeddable":true,"href":"https:\/\/radiorevelacionfm.cl\/index.php?rest_route=\/wp\/v2\/users\/1"}],"replies":[{"embeddable":true,"href":"https:\/\/radiorevelacionfm.cl\/index.php?rest_route=%2Fwp%2Fv2%2Fcomments&post=47572"}],"version-history":[{"count":1,"href":"https:\/\/radiorevelacionfm.cl\/index.php?rest_route=\/wp\/v2\/posts\/47572\/revisions"}],"predecessor-version":[{"id":47574,"href":"https:\/\/radiorevelacionfm.cl\/index.php?rest_route=\/wp\/v2\/posts\/47572\/revisions\/47574"}],"wp:featuredmedia":[{"embeddable":true,"href":"https:\/\/radiorevelacionfm.cl\/index.php?rest_route=\/wp\/v2\/media\/47573"}],"wp:attachment":[{"href":"https:\/\/radiorevelacionfm.cl\/index.php?rest_route=%2Fwp%2Fv2%2Fmedia&parent=47572"}],"wp:term":[{"taxonomy":"category","embeddable":true,"href":"https:\/\/radiorevelacionfm.cl\/index.php?rest_route=%2Fwp%2Fv2%2Fcategories&post=47572"},{"taxonomy":"post_tag","embeddable":true,"href":"https:\/\/radiorevelacionfm.cl\/index.php?rest_route=%2Fwp%2Fv2%2Ftags&post=47572"}],"curies":[{"name":"wp","href":"https:\/\/api.w.org\/{rel}","templated":true}]}}