{"id":47569,"date":"2024-10-30T11:45:34","date_gmt":"2024-10-30T14:45:34","guid":{"rendered":"https:\/\/radiorevelacionfm.cl\/?p=47569"},"modified":"2024-10-30T11:45:34","modified_gmt":"2024-10-30T14:45:34","slug":"anuncian-trabajos-de-limpieza-en-el-puente-presidente-ibanez-con-cortes-de-calzada","status":"publish","type":"post","link":"https:\/\/radiorevelacionfm.cl\/?p=47569","title":{"rendered":"Anuncian trabajos de limpieza en el Puente Presidente Ib\u00e1\u00f1ez con cortes de calzada"},"content":{"rendered":"<div class=\"flex_column av_one_full  flex_column_div av-zero-column-padding first  avia-builder-el-0  el_before_av_one_full  avia-builder-el-first  \" style='border-radius:0px; '><div  class='avia-image-container  av-styling-    avia-builder-el-1  avia-builder-el-no-sibling  avia-align-center '  itemprop=\"image\" itemscope=\"itemscope\" itemtype=\"https:\/\/schema.org\/ImageObject\"  ><div class='avia-image-container-inner'><div class='avia-image-overlay-wrap'><img decoding=\"async\" class='wp-image-47570 avia-img-lazy-loading-not-47570 avia_image' src=\"https:\/\/radiorevelacionfm.cl\/wp-content\/uploads\/2024\/10\/puente-presidente-ibanez-1_optimized-1.jpeg\" alt='' title='puente-presidente-ibanez-(1)_optimized (1)' height=\"600\" width=\"1038\"  itemprop=\"thumbnailUrl\" srcset=\"https:\/\/radiorevelacionfm.cl\/wp-content\/uploads\/2024\/10\/puente-presidente-ibanez-1_optimized-1.jpeg 1038w, https:\/\/radiorevelacionfm.cl\/wp-content\/uploads\/2024\/10\/puente-presidente-ibanez-1_optimized-1-300x173.jpeg 300w, https:\/\/radiorevelacionfm.cl\/wp-content\/uploads\/2024\/10\/puente-presidente-ibanez-1_optimized-1-1030x595.jpeg 1030w, https:\/\/radiorevelacionfm.cl\/wp-content\/uploads\/2024\/10\/puente-presidente-ibanez-1_optimized-1-768x444.jpeg 768w, https:\/\/radiorevelacionfm.cl\/wp-content\/uploads\/2024\/10\/puente-presidente-ibanez-1_optimized-1-705x408.jpeg 705w, https:\/\/radiorevelacionfm.cl\/wp-content\/uploads\/2024\/10\/puente-presidente-ibanez-1_optimized-1-450x260.jpeg 450w, https:\/\/radiorevelacionfm.cl\/wp-content\/uploads\/2024\/10\/puente-presidente-ibanez-1_optimized-1-600x347.jpeg 600w\" sizes=\"(max-width: 1038px) 100vw, 1038px\" \/><\/div><\/div><\/div><\/div><div class=\"flex_column av_one_full  flex_column_div av-zero-column-padding first  avia-builder-el-2  el_after_av_one_full  el_before_av_one_full  column-top-margin\" style='border-radius:0px; '><section class=\"av_textblock_section \"  itemscope=\"itemscope\" itemtype=\"https:\/\/schema.org\/BlogPosting\" itemprop=\"blogPost\" ><div class='avia_textblock  '   itemprop=\"text\" ><p style=\"text-align: center;\"><strong><span style=\"font-size: 18pt;\">Anuncian trabajos de limpieza en el Puente Presidente Ib\u00e1\u00f1ez con cortes de calzada <\/span><\/strong><\/p>\n<div id=\"gtx-trans\" style=\"position: absolute; left: -50px; top: 4.31534px;\">\n<div class=\"gtx-trans-icon\"><\/div>\n<\/div>\n<\/div><\/section><\/div><div class=\"flex_column av_one_full  flex_column_div av-zero-column-padding first  avia-builder-el-4  el_after_av_one_full  el_before_av_hr  column-top-margin\" style='border-radius:0px; '><section class=\"av_textblock_section \"  itemscope=\"itemscope\" itemtype=\"https:\/\/schema.org\/BlogPosting\" itemprop=\"blogPost\" ><div class='avia_textblock  '   itemprop=\"text\" ><p style=\"text-align: justify;\"><em>La estructura tendr\u00e1 intervenciones hasta la \u00faltima semana de diciembre de 2024.<\/em><\/p>\n<p style=\"text-align: justify;\">Como parte de las acciones contempladas en el contrato de servicios suscrito con la Ilustre Municipalidad de Ays\u00e9n. Empresas Bahamonde anuncia que tras las respectivas coordinaciones y permisos requeridos por la autoridad competente, efectuar\u00e1 labores de limpieza en el monumento nacional Puente Presidente Ib\u00e1\u00f1ez. Esta acci\u00f3n inicia el mi\u00e9rcoles 30 de octubre y se repetir\u00e1 cada semana el mismo d\u00eda hasta finalizar el a\u00f1o en horario de 21:00 a 00:00 horas. Para el desarrollo de las faenas se efectuar\u00e1n cortes de calzada en colaboraci\u00f3n con personal de Carabineros y\/o Seguridad P\u00fablica Municipal.<\/p>\n<p style=\"text-align: justify;\">Al respecto, B\u00e1rbara Weisser Rivera, encargada de Gesti\u00f3n del Ambiente de Empresas Bahamonde junto con relatar el trabajo que efectuar\u00e1 la empresa local en el reconocido punto neur\u00e1lgico de la comuna porte\u00f1a, indic\u00f3 que \u201cpor lo tanto, el tr\u00e1nsito estar\u00e1 m\u00e1s lento en este horario. Les pedimos que consideren esta interrupci\u00f3n y nos ayuden a resguardar la seguridad de quienes estar\u00e1n trabajando para mantener limpio nuestro Puente\u201d.<\/p>\n<p style=\"text-align: justify;\">A\u00f1adiendo que \u201cesta acci\u00f3n se repetir\u00e1 cada mi\u00e9rcoles hasta finalizar el a\u00f1o. Por lo tanto, les pedimos su comprensi\u00f3n y colaboraci\u00f3n para que nuestro personal pueda efectuar de manera expedita esta importante labor en favor de toda la ciudad\u201d, puntualiz\u00f3 Weisser Rivera.<\/p>\n<p style=\"text-align: justify;\">Para dar a conocer esta acci\u00f3n de manera audiovisual, la empresa utiliz\u00f3 a su nuevo personaje \u201cemba\u201d la monita del monte que acompa\u00f1a las acciones de Vinculaci\u00f3n con el Medio en un video disponible en distintas redes sociales.<\/p>\n<\/div><\/section><\/div><div  style='height:50px' class='hr hr-invisible   avia-builder-el-6  el_after_av_one_full  el_before_av_social_share '><span class='hr-inner ' ><span class='hr-inner-style'><\/span><\/span><\/div><\/p>\n<div  class='av-social-sharing-box  avia-builder-el-7  el_after_av_hr  el_before_av_hr  '><div class='av-share-box'><h5 class='av-share-link-description av-no-toc '>Compartir esta noticia<\/h5><ul class='av-share-box-list noLightbox'><li class='av-share-link av-social-link-facebook' ><a target=\"_blank\" aria-label=\"Compartir en Facebook\" href='https:\/\/www.facebook.com\/sharer.php?u=https:\/\/radiorevelacionfm.cl\/?p=47569&#038;t=Anuncian%20trabajos%20de%20limpieza%20en%20el%20Puente%20Presidente%20Ib%C3%A1%C3%B1ez%20con%20cortes%20de%20calzada' aria-hidden='false' data-av_icon='\ue8f3' data-av_iconfont='entypo-fontello' title='' data-avia-related-tooltip='Compartir en Facebook' rel=\"noopener\"><span class='avia_hidden_link_text'>Compartir en Facebook<\/span><\/a><\/li><li class='av-share-link av-social-link-twitter' ><a target=\"_blank\" aria-label=\"Compartir en Twitter\" href='https:\/\/twitter.com\/share?text=Anuncian%20trabajos%20de%20limpieza%20en%20el%20Puente%20Presidente%20Ib%C3%A1%C3%B1ez%20con%20cortes%20de%20calzada&#038;url=https:\/\/radiorevelacionfm.cl\/?p=47569' aria-hidden='false' data-av_icon='\ue8f1' data-av_iconfont='entypo-fontello' title='' data-avia-related-tooltip='Compartir en Twitter' rel=\"noopener\"><span class='avia_hidden_link_text'>Compartir en Twitter<\/span><\/a><\/li><li class='av-share-link av-social-link-whatsapp' ><a target=\"_blank\" aria-label=\"Compartir en Whatsapp\" href='https:\/\/api.whatsapp.com\/send?text=https:\/\/radiorevelacionfm.cl\/?p=47569' aria-hidden='false' data-av_icon='\uf232' data-av_iconfont='entypo-fontello' title='' data-avia-related-tooltip='Compartir en Whatsapp' rel=\"noopener\"><span class='avia_hidden_link_text'>Compartir en Whatsapp<\/span><\/a><\/li><li class='av-share-link av-social-link-linkedin' ><a target=\"_blank\" aria-label=\"Compartir en LinkedIn\" href='https:\/\/linkedin.com\/shareArticle?mini=true&#038;title=Anuncian%20trabajos%20de%20limpieza%20en%20el%20Puente%20Presidente%20Ib%C3%A1%C3%B1ez%20con%20cortes%20de%20calzada&#038;url=https:\/\/radiorevelacionfm.cl\/?p=47569' aria-hidden='false' data-av_icon='\ue8fc' data-av_iconfont='entypo-fontello' title='' data-avia-related-tooltip='Compartir en LinkedIn' rel=\"noopener\"><span class='avia_hidden_link_text'>Compartir en LinkedIn<\/span><\/a><\/li><li class='av-share-link av-social-link-mail' ><a  aria-label=\"Compartir por correo\" href='mailto:?subject=Anuncian%20trabajos%20de%20limpieza%20en%20el%20Puente%20Presidente%20Ib%C3%A1%C3%B1ez%20con%20cortes%20de%20calzada&#038;body=https:\/\/radiorevelacionfm.cl\/?p=47569' aria-hidden='false' data-av_icon='\ue805' data-av_iconfont='entypo-fontello' title='' data-avia-related-tooltip='Compartir por correo'><span class='avia_hidden_link_text'>Compartir por correo<\/span><\/a><\/li><\/ul><\/div><\/div>\n<div  style='height:50px' class='hr hr-invisible   avia-builder-el-8  el_after_av_social_share  el_before_av_comments_list '><span class='hr-inner ' ><span class='hr-inner-style'><\/span><\/span><\/div>\n<div  class='av-buildercomment  av-blog-meta-html-info-disabled av-blog-meta-tag-disabled  '><\/div>\n","protected":false},"excerpt":{"rendered":"","protected":false},"author":1,"featured_media":47570,"comment_status":"open","ping_status":"open","sticky":false,"template":"","format":"standard","meta":{"footnotes":""},"categories":[38],"tags":[],"class_list":["post-47569","post","type-post","status-publish","format-standard","has-post-thumbnail","hentry","category-regional"],"jetpack_featured_media_url":"https:\/\/radiorevelacionfm.cl\/wp-content\/uploads\/2024\/10\/puente-presidente-ibanez-1_optimized-1.jpeg","_links":{"self":[{"href":"https:\/\/radiorevelacionfm.cl\/index.php?rest_route=\/wp\/v2\/posts\/47569","targetHints":{"allow":["GET"]}}],"collection":[{"href":"https:\/\/radiorevelacionfm.cl\/index.php?rest_route=\/wp\/v2\/posts"}],"about":[{"href":"https:\/\/radiorevelacionfm.cl\/index.php?rest_route=\/wp\/v2\/types\/post"}],"author":[{"embeddable":true,"href":"https:\/\/radiorevelacionfm.cl\/index.php?rest_route=\/wp\/v2\/users\/1"}],"replies":[{"embeddable":true,"href":"https:\/\/radiorevelacionfm.cl\/index.php?rest_route=%2Fwp%2Fv2%2Fcomments&post=47569"}],"version-history":[{"count":1,"href":"https:\/\/radiorevelacionfm.cl\/index.php?rest_route=\/wp\/v2\/posts\/47569\/revisions"}],"predecessor-version":[{"id":47571,"href":"https:\/\/radiorevelacionfm.cl\/index.php?rest_route=\/wp\/v2\/posts\/47569\/revisions\/47571"}],"wp:featuredmedia":[{"embeddable":true,"href":"https:\/\/radiorevelacionfm.cl\/index.php?rest_route=\/wp\/v2\/media\/47570"}],"wp:attachment":[{"href":"https:\/\/radiorevelacionfm.cl\/index.php?rest_route=%2Fwp%2Fv2%2Fmedia&parent=47569"}],"wp:term":[{"taxonomy":"category","embeddable":true,"href":"https:\/\/radiorevelacionfm.cl\/index.php?rest_route=%2Fwp%2Fv2%2Fcategories&post=47569"},{"taxonomy":"post_tag","embeddable":true,"href":"https:\/\/radiorevelacionfm.cl\/index.php?rest_route=%2Fwp%2Fv2%2Ftags&post=47569"}],"curies":[{"name":"wp","href":"https:\/\/api.w.org\/{rel}","templated":true}]}}