{"id":47566,"date":"2024-10-30T09:31:40","date_gmt":"2024-10-30T12:31:40","guid":{"rendered":"https:\/\/radiorevelacionfm.cl\/?p=47566"},"modified":"2024-10-30T09:31:40","modified_gmt":"2024-10-30T12:31:40","slug":"centenares-de-trabajadores-de-la-industria-pesquera-vuelven-a-movilizarse-en-aysen-por-reduccion-de-cuota","status":"publish","type":"post","link":"https:\/\/radiorevelacionfm.cl\/?p=47566","title":{"rendered":"Centenares de trabajadores de la industria pesquera vuelven a movilizarse en Ays\u00e9n por reducci\u00f3n de cuota"},"content":{"rendered":"<div class=\"flex_column av_one_full  flex_column_div av-zero-column-padding first  avia-builder-el-0  el_before_av_one_full  avia-builder-el-first  \" style='border-radius:0px; '><div  class='avia-image-container  av-styling-    avia-builder-el-1  avia-builder-el-no-sibling  avia-align-center '  itemprop=\"image\" itemscope=\"itemscope\" itemtype=\"https:\/\/schema.org\/ImageObject\"  ><div class='avia-image-container-inner'><div class='avia-image-overlay-wrap'><img decoding=\"async\" class='wp-image-47567 avia-img-lazy-loading-not-47567 avia_image' src=\"https:\/\/radiorevelacionfm.cl\/wp-content\/uploads\/2024\/10\/movilizacion-trabajadores-02-1_optimized.jpg\" alt='' title='movilizacion-trabajadores-02-(1)_optimized' height=\"600\" width=\"1067\"  itemprop=\"thumbnailUrl\" srcset=\"https:\/\/radiorevelacionfm.cl\/wp-content\/uploads\/2024\/10\/movilizacion-trabajadores-02-1_optimized.jpg 1067w, https:\/\/radiorevelacionfm.cl\/wp-content\/uploads\/2024\/10\/movilizacion-trabajadores-02-1_optimized-300x169.jpg 300w, https:\/\/radiorevelacionfm.cl\/wp-content\/uploads\/2024\/10\/movilizacion-trabajadores-02-1_optimized-1030x579.jpg 1030w, https:\/\/radiorevelacionfm.cl\/wp-content\/uploads\/2024\/10\/movilizacion-trabajadores-02-1_optimized-768x432.jpg 768w, https:\/\/radiorevelacionfm.cl\/wp-content\/uploads\/2024\/10\/movilizacion-trabajadores-02-1_optimized-705x396.jpg 705w, https:\/\/radiorevelacionfm.cl\/wp-content\/uploads\/2024\/10\/movilizacion-trabajadores-02-1_optimized-450x253.jpg 450w, https:\/\/radiorevelacionfm.cl\/wp-content\/uploads\/2024\/10\/movilizacion-trabajadores-02-1_optimized-600x337.jpg 600w\" sizes=\"(max-width: 1067px) 100vw, 1067px\" \/><\/div><\/div><\/div><\/div><div class=\"flex_column av_one_full  flex_column_div av-zero-column-padding first  avia-builder-el-2  el_after_av_one_full  el_before_av_one_full  column-top-margin\" style='border-radius:0px; '><section class=\"av_textblock_section \"  itemscope=\"itemscope\" itemtype=\"https:\/\/schema.org\/BlogPosting\" itemprop=\"blogPost\" ><div class='avia_textblock  '   itemprop=\"text\" ><p style=\"text-align: center;\"><strong><span style=\"font-size: 18pt;\">Centenares de trabajadores de la industria pesquera vuelven a movilizarse en Ays\u00e9n por reducci\u00f3n de cuota<\/span><\/strong><\/p>\n<div id=\"gtx-trans\" style=\"position: absolute; left: -50px; top: 4.31534px;\">\n<div class=\"gtx-trans-icon\"><\/div>\n<\/div>\n<\/div><\/section><\/div><div class=\"flex_column av_one_full  flex_column_div av-zero-column-padding first  avia-builder-el-4  el_after_av_one_full  el_before_av_hr  column-top-margin\" style='border-radius:0px; '><section class=\"av_textblock_section \"  itemscope=\"itemscope\" itemtype=\"https:\/\/schema.org\/BlogPosting\" itemprop=\"blogPost\" ><div class='avia_textblock  '   itemprop=\"text\" ><p class=\"v1MsoNormal\" style=\"text-align: justify;\">Por las calles c\u00e9ntricas de Puerto Ays\u00e9n y el emblem\u00e1tico puente colgante, Presidente Ib\u00e1\u00f1ez, se movilizaron a temprana hora de este martes, un masivo grupo de trabajadores de la industria pesquera, encabezados por trabajadores de la Empresa Friosur.<\/p>\n<p class=\"v1MsoNormal\" style=\"text-align: justify;\">La manifestaci\u00f3n, de car\u00e1cter pac\u00edfica, interrumpi\u00f3 el tr\u00e1nsito y normal desplazamiento vehicular durante\u00a0 algunas horas por las principales arterias de la ciudad, iniciando su recorrido en la Sede del Sindicato de Trabajadores, ubicado en el\u00a0 sector Ribera Sur y culminando\u00a0 la marcha en\u00a0 la Plaza de Armas, frente al edificio de\u00a0 la Delegaci\u00f3n Presidencial Provincial de Ays\u00e9n.<\/p>\n<p class=\"v1MsoNormal\" style=\"text-align: justify;\">Este es el segundo llamado de alerta p\u00fablica, en menos de una semana, dirigido a las autoridades de Gobierno y\u00a0 Poder Legislativo, en el marco de la discusi\u00f3n parlamentaria por la Ley de Pesca.<\/p>\n<p class=\"v1MsoNormal\" style=\"text-align: justify;\">Espec\u00edficamente, al art\u00edculo ingresado en septiembre del presente a\u00f1o, referido al fraccionamiento de las cuotas de captura por parte el sector pesquero industrial y artesanal. Cuya discusi\u00f3n en la Comisi\u00f3n de Pesca de la C\u00e1mara de Diputados, fue votada con\u00a0 una distribuci\u00f3n de porcentajes que, para la empresa pesquera aisenina,\u00a0 constituye una disminuci\u00f3n del 33% de su propia cuota, lo que se\u00a0 traduce en una p\u00e9rdida aproximada de 3 mil toneladas de productos correspondientes a la pesca blanca que no se podr\u00edan extraer desde el litoral y por ende, reducir\u00edan los procesos productivos de la compa\u00f1\u00eda y sus\u00a0 niveles de comercializaci\u00f3n. \u00abEsto nos preocupa sobremanera, porque pone riesgo nuestra estabilidad laboral y la de muchos compa\u00f1eros de trabajo y prestadores de servicios\u00bb, expres\u00f3 durante la movilizaci\u00f3n en las calles de Ays\u00e9n el <b>Gerente de la Cooperativa de Trabajadores de Friosur, Andr\u00e9s Contreras.<\/b> A lo que agreg\u00f3 que \u00absomos muy respetuosos de nuestras autoridades, pero estamos en estado de alerta y al mismo tiempo esperanzados en que se imponga \u00a0el di\u00e1logo y\u00a0 buen entendimiento en esta materia.\u00a0 Lo m\u00e1s preocupante\u00a0 es que si perdemos nuestros empleos ser\u00e1 muy dif\u00edcil que los trabajadores se puedan reconvertir, debido a que no existe ninguna otra \u00a0empresa de estas caracter\u00edsticas en la zona\u00a0 que sea capaz de\u00a0 absorber esta mano de obra\u00bb, sentenci\u00f3.<\/p>\n<p class=\"v1MsoNormal\" style=\"text-align: justify;\">En la misma l\u00ednea,\u00a0<b>Hern\u00e1n Rebolledo, Presidente de CORPAYSEN,<\/b> agrupaci\u00f3n multisectorial que integran empresas productivas del rubro acu\u00edcola y pesquero, prestadores de servicio y sindicatos de trabajadores en la Regi\u00f3n de Ays\u00e9n, dej\u00f3 de manifiesto su preocupaci\u00f3n, por lo que considera una \u00abse\u00f1al inequ\u00edvoca para el desarrollo econ\u00f3mico de Ays\u00e9n\u00bb. Al respecto explica que \u00abdebi\u00e9ramos poner en el centro de la discusi\u00f3n la sustentabilidad de los recursos pesqueros, es importante que estos temas se aborden con tranquilidad y que se eval\u00faen los impactos que estas decisiones provocar\u00edan en el\u00a0 \u00fanico y m\u00e1s importante sector productivo en la regi\u00f3n de Ays\u00e9n. Los gremios de la zona estamos unidos y nos vamos a reunir \u00a0para evaluar las acciones a seguir, debido a que la afectaci\u00f3n es para toda la cadena de servicios, los vecinos y la comunidad en general. No permitiremos que esta situaci\u00f3n pase desapercibida\u00bb, finaliz\u00f3.<\/p>\n<p class=\"v1MsoNormal\" style=\"text-align: justify;\">Desde la Empresa Pesquera Friosur, informaron que la reducci\u00f3n de captura por fraccionamiento, que actualmente se discute en el Parlamento, afecta de manera directa su capacidad productiva y operativa,\u00a0 poniendo en riesgo la viabilidad de la empresa que ofrece una fuente laboral a 625 trabajadores en forma directa y a 1200 personas en forma indirecta.<\/p>\n<\/div><\/section><\/div><div  style='height:50px' class='hr hr-invisible   avia-builder-el-6  el_after_av_one_full  el_before_av_social_share '><span class='hr-inner ' ><span class='hr-inner-style'><\/span><\/span><\/div><\/p>\n<div  class='av-social-sharing-box  avia-builder-el-7  el_after_av_hr  el_before_av_hr  '><div class='av-share-box'><h5 class='av-share-link-description av-no-toc '>Compartir esta noticia<\/h5><ul class='av-share-box-list noLightbox'><li class='av-share-link av-social-link-facebook' ><a target=\"_blank\" aria-label=\"Compartir en Facebook\" href='https:\/\/www.facebook.com\/sharer.php?u=https:\/\/radiorevelacionfm.cl\/?p=47566&#038;t=Centenares%20de%20trabajadores%20de%20la%20industria%20pesquera%20vuelven%20a%20movilizarse%20en%20Ays%C3%A9n%20por%20reducci%C3%B3n%20de%20cuota' aria-hidden='false' data-av_icon='\ue8f3' data-av_iconfont='entypo-fontello' title='' data-avia-related-tooltip='Compartir en Facebook' rel=\"noopener\"><span class='avia_hidden_link_text'>Compartir en Facebook<\/span><\/a><\/li><li class='av-share-link av-social-link-twitter' ><a target=\"_blank\" aria-label=\"Compartir en Twitter\" href='https:\/\/twitter.com\/share?text=Centenares%20de%20trabajadores%20de%20la%20industria%20pesquera%20vuelven%20a%20movilizarse%20en%20Ays%C3%A9n%20por%20reducci%C3%B3n%20de%20cuota&#038;url=https:\/\/radiorevelacionfm.cl\/?p=47566' aria-hidden='false' data-av_icon='\ue8f1' data-av_iconfont='entypo-fontello' title='' data-avia-related-tooltip='Compartir en Twitter' rel=\"noopener\"><span class='avia_hidden_link_text'>Compartir en Twitter<\/span><\/a><\/li><li class='av-share-link av-social-link-whatsapp' ><a target=\"_blank\" aria-label=\"Compartir en Whatsapp\" href='https:\/\/api.whatsapp.com\/send?text=https:\/\/radiorevelacionfm.cl\/?p=47566' aria-hidden='false' data-av_icon='\uf232' data-av_iconfont='entypo-fontello' title='' data-avia-related-tooltip='Compartir en Whatsapp' rel=\"noopener\"><span class='avia_hidden_link_text'>Compartir en Whatsapp<\/span><\/a><\/li><li class='av-share-link av-social-link-linkedin' ><a target=\"_blank\" aria-label=\"Compartir en LinkedIn\" href='https:\/\/linkedin.com\/shareArticle?mini=true&#038;title=Centenares%20de%20trabajadores%20de%20la%20industria%20pesquera%20vuelven%20a%20movilizarse%20en%20Ays%C3%A9n%20por%20reducci%C3%B3n%20de%20cuota&#038;url=https:\/\/radiorevelacionfm.cl\/?p=47566' aria-hidden='false' data-av_icon='\ue8fc' data-av_iconfont='entypo-fontello' title='' data-avia-related-tooltip='Compartir en LinkedIn' rel=\"noopener\"><span class='avia_hidden_link_text'>Compartir en LinkedIn<\/span><\/a><\/li><li class='av-share-link av-social-link-mail' ><a  aria-label=\"Compartir por correo\" href='mailto:?subject=Centenares%20de%20trabajadores%20de%20la%20industria%20pesquera%20vuelven%20a%20movilizarse%20en%20Ays%C3%A9n%20por%20reducci%C3%B3n%20de%20cuota&#038;body=https:\/\/radiorevelacionfm.cl\/?p=47566' aria-hidden='false' data-av_icon='\ue805' data-av_iconfont='entypo-fontello' title='' data-avia-related-tooltip='Compartir por correo'><span class='avia_hidden_link_text'>Compartir por correo<\/span><\/a><\/li><\/ul><\/div><\/div>\n<div  style='height:50px' class='hr hr-invisible   avia-builder-el-8  el_after_av_social_share  el_before_av_comments_list '><span class='hr-inner ' ><span class='hr-inner-style'><\/span><\/span><\/div>\n<div  class='av-buildercomment  av-blog-meta-html-info-disabled av-blog-meta-tag-disabled  '><\/div>\n","protected":false},"excerpt":{"rendered":"","protected":false},"author":1,"featured_media":47567,"comment_status":"open","ping_status":"open","sticky":false,"template":"","format":"standard","meta":{"footnotes":""},"categories":[60],"tags":[],"class_list":["post-47566","post","type-post","status-publish","format-standard","has-post-thumbnail","hentry","category-pesca"],"jetpack_featured_media_url":"https:\/\/radiorevelacionfm.cl\/wp-content\/uploads\/2024\/10\/movilizacion-trabajadores-02-1_optimized.jpg","_links":{"self":[{"href":"https:\/\/radiorevelacionfm.cl\/index.php?rest_route=\/wp\/v2\/posts\/47566","targetHints":{"allow":["GET"]}}],"collection":[{"href":"https:\/\/radiorevelacionfm.cl\/index.php?rest_route=\/wp\/v2\/posts"}],"about":[{"href":"https:\/\/radiorevelacionfm.cl\/index.php?rest_route=\/wp\/v2\/types\/post"}],"author":[{"embeddable":true,"href":"https:\/\/radiorevelacionfm.cl\/index.php?rest_route=\/wp\/v2\/users\/1"}],"replies":[{"embeddable":true,"href":"https:\/\/radiorevelacionfm.cl\/index.php?rest_route=%2Fwp%2Fv2%2Fcomments&post=47566"}],"version-history":[{"count":1,"href":"https:\/\/radiorevelacionfm.cl\/index.php?rest_route=\/wp\/v2\/posts\/47566\/revisions"}],"predecessor-version":[{"id":47568,"href":"https:\/\/radiorevelacionfm.cl\/index.php?rest_route=\/wp\/v2\/posts\/47566\/revisions\/47568"}],"wp:featuredmedia":[{"embeddable":true,"href":"https:\/\/radiorevelacionfm.cl\/index.php?rest_route=\/wp\/v2\/media\/47567"}],"wp:attachment":[{"href":"https:\/\/radiorevelacionfm.cl\/index.php?rest_route=%2Fwp%2Fv2%2Fmedia&parent=47566"}],"wp:term":[{"taxonomy":"category","embeddable":true,"href":"https:\/\/radiorevelacionfm.cl\/index.php?rest_route=%2Fwp%2Fv2%2Fcategories&post=47566"},{"taxonomy":"post_tag","embeddable":true,"href":"https:\/\/radiorevelacionfm.cl\/index.php?rest_route=%2Fwp%2Fv2%2Ftags&post=47566"}],"curies":[{"name":"wp","href":"https:\/\/api.w.org\/{rel}","templated":true}]}}