{"id":47563,"date":"2024-10-30T10:19:47","date_gmt":"2024-10-30T13:19:47","guid":{"rendered":"https:\/\/radiorevelacionfm.cl\/?p=47563"},"modified":"2024-10-30T10:19:47","modified_gmt":"2024-10-30T13:19:47","slug":"adelantan-suspension-de-quemas-agricolas-y-carabineros-refuerza-prevencion-de-incendios-forestales","status":"publish","type":"post","link":"https:\/\/radiorevelacionfm.cl\/?p=47563","title":{"rendered":"Adelantan suspensi\u00f3n de quemas agr\u00edcolas y Carabineros refuerza prevenci\u00f3n de incendios forestales"},"content":{"rendered":"<div class=\"flex_column av_one_full  flex_column_div av-zero-column-padding first  avia-builder-el-0  el_before_av_one_full  avia-builder-el-first  \" style='border-radius:0px; '><div  class='avia-image-container  av-styling-    avia-builder-el-1  avia-builder-el-no-sibling  avia-align-center '  itemprop=\"image\" itemscope=\"itemscope\" itemtype=\"https:\/\/schema.org\/ImageObject\"  ><div class='avia-image-container-inner'><div class='avia-image-overlay-wrap'><img decoding=\"async\" class='wp-image-47564 avia-img-lazy-loading-not-47564 avia_image' src=\"https:\/\/radiorevelacionfm.cl\/wp-content\/uploads\/2024\/10\/3cd00e26-a6ea-41ba-a9d3-8aa099bf2fff-1_optimized-1.jpg\" alt='' title='3cd00e26-a6ea-41ba-a9d3-8aa099bf2fff-(1)_optimized (1)' height=\"600\" width=\"800\"  itemprop=\"thumbnailUrl\" srcset=\"https:\/\/radiorevelacionfm.cl\/wp-content\/uploads\/2024\/10\/3cd00e26-a6ea-41ba-a9d3-8aa099bf2fff-1_optimized-1.jpg 800w, https:\/\/radiorevelacionfm.cl\/wp-content\/uploads\/2024\/10\/3cd00e26-a6ea-41ba-a9d3-8aa099bf2fff-1_optimized-1-300x225.jpg 300w, https:\/\/radiorevelacionfm.cl\/wp-content\/uploads\/2024\/10\/3cd00e26-a6ea-41ba-a9d3-8aa099bf2fff-1_optimized-1-768x576.jpg 768w, https:\/\/radiorevelacionfm.cl\/wp-content\/uploads\/2024\/10\/3cd00e26-a6ea-41ba-a9d3-8aa099bf2fff-1_optimized-1-705x529.jpg 705w, https:\/\/radiorevelacionfm.cl\/wp-content\/uploads\/2024\/10\/3cd00e26-a6ea-41ba-a9d3-8aa099bf2fff-1_optimized-1-450x338.jpg 450w, https:\/\/radiorevelacionfm.cl\/wp-content\/uploads\/2024\/10\/3cd00e26-a6ea-41ba-a9d3-8aa099bf2fff-1_optimized-1-600x450.jpg 600w\" sizes=\"(max-width: 800px) 100vw, 800px\" \/><\/div><\/div><\/div><\/div><div class=\"flex_column av_one_full  flex_column_div av-zero-column-padding first  avia-builder-el-2  el_after_av_one_full  el_before_av_one_full  column-top-margin\" style='border-radius:0px; '><section class=\"av_textblock_section \"  itemscope=\"itemscope\" itemtype=\"https:\/\/schema.org\/BlogPosting\" itemprop=\"blogPost\" ><div class='avia_textblock  '   itemprop=\"text\" ><p style=\"text-align: center;\"><span style=\"font-size: 18pt;\"><b><span lang=\"ES-MX\">Adelantan suspensi\u00f3n de quemas agr\u00edcolas y Carabineros refuerza prevenci\u00f3n de incendios forestales<\/span><\/b><\/span><\/p>\n<div id=\"gtx-trans\" style=\"position: absolute; left: -50px; top: 4.31534px;\">\n<div class=\"gtx-trans-icon\"><\/div>\n<\/div>\n<\/div><\/section><\/div><div class=\"flex_column av_one_full  flex_column_div av-zero-column-padding first  avia-builder-el-4  el_after_av_one_full  el_before_av_hr  column-top-margin\" style='border-radius:0px; '><section class=\"av_textblock_section \"  itemscope=\"itemscope\" itemtype=\"https:\/\/schema.org\/BlogPosting\" itemprop=\"blogPost\" ><div class='avia_textblock  '   itemprop=\"text\" ><ul>\n<li class=\"v1gmail-MsoListParagraphCxSpFirst\" style=\"text-align: justify;\"><em><span lang=\"ES-MX\">El 99,7% de las emergencias forestales tiene origen en alguna acci\u00f3n humana.<\/span><\/em><\/li>\n<li class=\"v1gmail-MsoListParagraphCxSpLast\" style=\"text-align: justify;\"><em><span lang=\"ES-MX\">En su rol preventivo, Carabineros intensifica acciones orientadas a promover una conducta responsable en rutas, balnearios, pasos fronterizos y \u00e1reas de mayor afluencia tur\u00edstica. \u00a0<\/span><\/em><\/li>\n<\/ul>\n<p class=\"v1MsoNormal\" style=\"text-align: justify;\"><span lang=\"ES-MX\">Temperaturas cercanas a 30 \u00b0C, vientos sobre los 30 km\/h y una humedad relativa del ambiente inferior a 30%, suele ser una combinaci\u00f3n de factores que facilitan la ocurrencia de incendios forestales, cuya causa en el 99,7 % de los casos -independiente de su naturaleza- tienen origen en una acci\u00f3n humana, ya sea por acciones accidentales, negligentes o intencionales.<\/span><\/p>\n<p class=\"v1MsoNormal\" style=\"text-align: justify;\"><span lang=\"ES-MX\">En la Plaza de Armas de Coyhaique, en una actividad encabezada por el Delegado Presidencial Regional de Ays\u00e9n, Rodrigo Araya Morales y con presencia de Conaf, Bomberos, Ej\u00e9rcito, Senapred, Seremis, PDI y Carabineros, se realiz\u00f3 el lanzamiento del programa de prevenci\u00f3n y combate de incendios forestales de cara a la temporada de este tipo de emergencias que anualmente afectan al territorio.<\/span><\/p>\n<p class=\"v1MsoNormal\" style=\"text-align: justify;\"><span lang=\"ES-MX\">El a\u00f1o 2023 Carabineros registr\u00f3 144 incendios en la regi\u00f3n, de los cuales el 98% corresponden a incendios en zonas urbanas y el 2% se trat\u00f3 de incendios forestales con peligro de propagaci\u00f3n.<\/span><\/p>\n<p class=\"v1MsoNormal\" style=\"text-align: justify;\"><span lang=\"ES-MX\">Como una forma de prevenir este tipo de emergencias, la autoridad adelant\u00f3 al 1 de noviembre pr\u00f3ximo la suspensi\u00f3n de quemas agr\u00edcolas.<\/span><\/p>\n<p class=\"v1MsoNormal\" style=\"text-align: justify;\"><span lang=\"ES-MX\">Estad\u00edsticas del Instituto Forestal (Infor) dan cuenta que la regi\u00f3n de Ays\u00e9n cuenta con una superficie de 4,4 millones de hect\u00e1reas de bosque nativo y 29 mil hect\u00e1reas de plantaciones.<\/span><\/p>\n<p class=\"v1MsoNormal\" style=\"text-align: justify;\"><span lang=\"ES-MX\">Proteger y conservar el patrimonio forestal, as\u00ed como la vida y diversidad que albergan los bosques de la regi\u00f3n de Ays\u00e9n, es una materia de especial inter\u00e9s y ocupaci\u00f3n de la autoridad, principalmente durante la \u00e9poca de mayor alza de las temperaturas.<\/span><\/p>\n<p class=\"v1MsoNormal\" style=\"text-align: justify;\"><span lang=\"ES-MX\">Frente a lo anterior y teniendo en cuenta que las personas son los principales agentes de cambio, Carabineros en su rol educativo ha desarrollado acciones enfocadas en la prevenci\u00f3n, contribuyendo a modelar el comportamiento humano y a trav\u00e9s de ello concientizar a las personas y prevenir inconductas que deriven en acciones que pongan en riesgo nuestros bosques.<\/span><\/p>\n<p class=\"v1MsoNormal\" style=\"text-align: justify;\"><span lang=\"ES-MX\">Peque\u00f1as acciones generan grandes cambios. Carabineros previene controlando, acciones que se desarrollan principalmente en rutas, balnearios y pasos fronterizos, recordando que prevenir un incendio forestal es m\u00e1s f\u00e1cil que controlarlo especialmente en la compleja geograf\u00eda y lugares de dif\u00edcil acceso propios de la regi\u00f3n de Ays\u00e9n.<\/span><\/p>\n<p class=\"v1MsoNormal\" style=\"text-align: justify;\"><b><span lang=\"ES-MX\">Acciones de control<\/span><\/b><\/p>\n<p class=\"v1MsoNormal\" style=\"text-align: justify;\"><span lang=\"ES-MX\">El Subprefecto Administrativo, Teniente Coronel Juan Carlos Mu\u00f1oz Gaete, indic\u00f3 que \u00abCarabineros mantiene una activa participaci\u00f3n, por cuanto los controles vehiculares y de personas que se realizan en toda la regi\u00f3n, incluyendo a quienes nos visitan -o pretendan hacerlo en el periodo estival- son enfocados a la prevenci\u00f3n de los incendios, ya que estos no s\u00f3lo se producen por acciones caseras como quemas de pastizales no controladas o no autorizadas por la autoridad competente, sino tambi\u00e9n por acciones desarrolladas por personas -las que bajo condiciones clim\u00e1ticas propicias de temperatura, viento y humedad, derivan en incendios forestales y que posteriormente se complejiza mucho su erradicaci\u00f3n\u00bb, indic\u00f3.<\/span><\/p>\n<p class=\"v1MsoNormal\" style=\"text-align: justify;\"><span lang=\"ES-MX\">El Oficial Jefe indic\u00f3 que ex post a estos hechos, Carabineros cumple funciones en el \u00e1rea investigativa tanto por parte del Laboratorio de Criminal\u00edstica institucional (Labocar) como del Departamentos Forestal y Medio Ambientes OS-5 especializado en la investigaci\u00f3n de la causa y origen de los incendios forestales, siendo un apoyo permanente al Ministerio P\u00fablico en la investigaci\u00f3n de estos delitos.<\/span><\/p>\n<p class=\"v1MsoNormal\" style=\"text-align: justify;\"><span lang=\"ES-MX\">Carabineros de Labocar durante el a\u00f1o 2023 no desarroll\u00f3 peritajes en torno a esta materia, no obstante, en lo que va transcurrido de 2024, esta especialidad ha materializado cuatro peritajes orientados a esclarecer este tipo de emergencias en que la acci\u00f3n del fuego ha destruido el patrimonio arb\u00f3reo de nuestra regi\u00f3n.<\/span><\/p>\n<p class=\"v1MsoNormal\" style=\"text-align: justify;\"><span lang=\"ES-MX\">Carabineros reiter\u00f3 el llamado a la comunidad a adoptar los resguardos y no desarrollar acciones que derivan en incendios forestales:<\/span><\/p>\n<p class=\"v1gmail-MsoListParagraphCxSpFirst\" style=\"text-align: justify;\"><span lang=\"ES-MX\">&#8211; <\/span><span lang=\"ES-MX\">No manipular fuentes de calor sobre o cerca de la vegetaci\u00f3n, menos a\u00fan en jornadas de alta temperatura y fuerte viento.<\/span><\/p>\n<p class=\"v1gmail-MsoListParagraphCxSpMiddle\" style=\"text-align: justify;\"><span lang=\"ES-MX\">&#8211; <\/span><span lang=\"ES-MX\">Especial cuidado se debe tener en la manipulaci\u00f3n de materiales el\u00e9ctricos que generen chispas, tales como soldadoras, galleteros, motosierras, sierras el\u00e9ctricas, entre otras.<\/span><\/p>\n<p class=\"v1gmail-MsoListParagraphCxSpMiddle\" style=\"text-align: justify;\"><span lang=\"ES-MX\">&#8211;\u00a0 <\/span><span lang=\"ES-MX\">No arroje cigarrillos encendidos en zonas de vegetaci\u00f3n.<\/span><\/p>\n<p class=\"v1gmail-MsoListParagraphCxSpLast\" style=\"text-align: justify;\"><span lang=\"ES-MX\">&#8211; <\/span><span lang=\"ES-MX\">Ante la presencia de humo o fuego, de aviso oportuno al fono 130 (Conaf), 132 (Bomberos) y 133 (Carabineros)\u00a0<\/span><\/p>\n<\/div><\/section><\/div><div  style='height:50px' class='hr hr-invisible   avia-builder-el-6  el_after_av_one_full  el_before_av_social_share '><span class='hr-inner ' ><span class='hr-inner-style'><\/span><\/span><\/div><\/p>\n<div  class='av-social-sharing-box  avia-builder-el-7  el_after_av_hr  el_before_av_hr  '><div class='av-share-box'><h5 class='av-share-link-description av-no-toc '>Compartir esta noticia<\/h5><ul class='av-share-box-list noLightbox'><li class='av-share-link av-social-link-facebook' ><a target=\"_blank\" aria-label=\"Compartir en Facebook\" href='https:\/\/www.facebook.com\/sharer.php?u=https:\/\/radiorevelacionfm.cl\/?p=47563&#038;t=Adelantan%20suspensi%C3%B3n%20de%20quemas%20agr%C3%ADcolas%20y%20Carabineros%20refuerza%20prevenci%C3%B3n%20de%20incendios%20forestales' aria-hidden='false' data-av_icon='\ue8f3' data-av_iconfont='entypo-fontello' title='' data-avia-related-tooltip='Compartir en Facebook' rel=\"noopener\"><span class='avia_hidden_link_text'>Compartir en Facebook<\/span><\/a><\/li><li class='av-share-link av-social-link-twitter' ><a target=\"_blank\" aria-label=\"Compartir en Twitter\" href='https:\/\/twitter.com\/share?text=Adelantan%20suspensi%C3%B3n%20de%20quemas%20agr%C3%ADcolas%20y%20Carabineros%20refuerza%20prevenci%C3%B3n%20de%20incendios%20forestales&#038;url=https:\/\/radiorevelacionfm.cl\/?p=47563' aria-hidden='false' data-av_icon='\ue8f1' data-av_iconfont='entypo-fontello' title='' data-avia-related-tooltip='Compartir en Twitter' rel=\"noopener\"><span class='avia_hidden_link_text'>Compartir en Twitter<\/span><\/a><\/li><li class='av-share-link av-social-link-whatsapp' ><a target=\"_blank\" aria-label=\"Compartir en Whatsapp\" href='https:\/\/api.whatsapp.com\/send?text=https:\/\/radiorevelacionfm.cl\/?p=47563' aria-hidden='false' data-av_icon='\uf232' data-av_iconfont='entypo-fontello' title='' data-avia-related-tooltip='Compartir en Whatsapp' rel=\"noopener\"><span class='avia_hidden_link_text'>Compartir en Whatsapp<\/span><\/a><\/li><li class='av-share-link av-social-link-linkedin' ><a target=\"_blank\" aria-label=\"Compartir en LinkedIn\" href='https:\/\/linkedin.com\/shareArticle?mini=true&#038;title=Adelantan%20suspensi%C3%B3n%20de%20quemas%20agr%C3%ADcolas%20y%20Carabineros%20refuerza%20prevenci%C3%B3n%20de%20incendios%20forestales&#038;url=https:\/\/radiorevelacionfm.cl\/?p=47563' aria-hidden='false' data-av_icon='\ue8fc' data-av_iconfont='entypo-fontello' title='' data-avia-related-tooltip='Compartir en LinkedIn' rel=\"noopener\"><span class='avia_hidden_link_text'>Compartir en LinkedIn<\/span><\/a><\/li><li class='av-share-link av-social-link-mail' ><a  aria-label=\"Compartir por correo\" href='mailto:?subject=Adelantan%20suspensi%C3%B3n%20de%20quemas%20agr%C3%ADcolas%20y%20Carabineros%20refuerza%20prevenci%C3%B3n%20de%20incendios%20forestales&#038;body=https:\/\/radiorevelacionfm.cl\/?p=47563' aria-hidden='false' data-av_icon='\ue805' data-av_iconfont='entypo-fontello' title='' data-avia-related-tooltip='Compartir por correo'><span class='avia_hidden_link_text'>Compartir por correo<\/span><\/a><\/li><\/ul><\/div><\/div>\n<div  style='height:50px' class='hr hr-invisible   avia-builder-el-8  el_after_av_social_share  el_before_av_comments_list '><span class='hr-inner ' ><span class='hr-inner-style'><\/span><\/span><\/div>\n<div  class='av-buildercomment  av-blog-meta-html-info-disabled av-blog-meta-tag-disabled  '><\/div>\n","protected":false},"excerpt":{"rendered":"","protected":false},"author":1,"featured_media":47564,"comment_status":"open","ping_status":"open","sticky":false,"template":"","format":"standard","meta":{"footnotes":""},"categories":[36],"tags":[],"class_list":["post-47563","post","type-post","status-publish","format-standard","has-post-thumbnail","hentry","category-policial"],"jetpack_featured_media_url":"https:\/\/radiorevelacionfm.cl\/wp-content\/uploads\/2024\/10\/3cd00e26-a6ea-41ba-a9d3-8aa099bf2fff-1_optimized-1.jpg","_links":{"self":[{"href":"https:\/\/radiorevelacionfm.cl\/index.php?rest_route=\/wp\/v2\/posts\/47563","targetHints":{"allow":["GET"]}}],"collection":[{"href":"https:\/\/radiorevelacionfm.cl\/index.php?rest_route=\/wp\/v2\/posts"}],"about":[{"href":"https:\/\/radiorevelacionfm.cl\/index.php?rest_route=\/wp\/v2\/types\/post"}],"author":[{"embeddable":true,"href":"https:\/\/radiorevelacionfm.cl\/index.php?rest_route=\/wp\/v2\/users\/1"}],"replies":[{"embeddable":true,"href":"https:\/\/radiorevelacionfm.cl\/index.php?rest_route=%2Fwp%2Fv2%2Fcomments&post=47563"}],"version-history":[{"count":1,"href":"https:\/\/radiorevelacionfm.cl\/index.php?rest_route=\/wp\/v2\/posts\/47563\/revisions"}],"predecessor-version":[{"id":47565,"href":"https:\/\/radiorevelacionfm.cl\/index.php?rest_route=\/wp\/v2\/posts\/47563\/revisions\/47565"}],"wp:featuredmedia":[{"embeddable":true,"href":"https:\/\/radiorevelacionfm.cl\/index.php?rest_route=\/wp\/v2\/media\/47564"}],"wp:attachment":[{"href":"https:\/\/radiorevelacionfm.cl\/index.php?rest_route=%2Fwp%2Fv2%2Fmedia&parent=47563"}],"wp:term":[{"taxonomy":"category","embeddable":true,"href":"https:\/\/radiorevelacionfm.cl\/index.php?rest_route=%2Fwp%2Fv2%2Fcategories&post=47563"},{"taxonomy":"post_tag","embeddable":true,"href":"https:\/\/radiorevelacionfm.cl\/index.php?rest_route=%2Fwp%2Fv2%2Ftags&post=47563"}],"curies":[{"name":"wp","href":"https:\/\/api.w.org\/{rel}","templated":true}]}}