{"id":47560,"date":"2024-10-30T17:29:16","date_gmt":"2024-10-30T20:29:16","guid":{"rendered":"https:\/\/radiorevelacionfm.cl\/?p=47560"},"modified":"2024-10-30T17:29:16","modified_gmt":"2024-10-30T20:29:16","slug":"vii-simposio-sobre-el-futuro-de-la-investigacion-criminal-fiscalia-organizo-evento-academico-donde-expusieron-diversas-instituciones","status":"publish","type":"post","link":"https:\/\/radiorevelacionfm.cl\/?p=47560","title":{"rendered":"VII Simposio sobre El Futuro de la Investigaci\u00f3n Criminal: Fiscal\u00eda organiz\u00f3 evento acad\u00e9mico donde expusieron diversas instituciones"},"content":{"rendered":"<div class=\"flex_column av_one_full  flex_column_div av-zero-column-padding first  avia-builder-el-0  el_before_av_one_full  avia-builder-el-first  \" style='border-radius:0px; '><div  class='avia-image-container  av-styling-    avia-builder-el-1  avia-builder-el-no-sibling  avia-align-center '  itemprop=\"image\" itemscope=\"itemscope\" itemtype=\"https:\/\/schema.org\/ImageObject\"  ><div class='avia-image-container-inner'><div class='avia-image-overlay-wrap'><img decoding=\"async\" class='wp-image-47561 avia-img-lazy-loading-not-47561 avia_image' src=\"https:\/\/radiorevelacionfm.cl\/wp-content\/uploads\/2024\/10\/84-1-1.jpg\" alt='' title='84 (1) (1)' height=\"600\" width=\"900\"  itemprop=\"thumbnailUrl\" srcset=\"https:\/\/radiorevelacionfm.cl\/wp-content\/uploads\/2024\/10\/84-1-1.jpg 900w, https:\/\/radiorevelacionfm.cl\/wp-content\/uploads\/2024\/10\/84-1-1-300x200.jpg 300w, https:\/\/radiorevelacionfm.cl\/wp-content\/uploads\/2024\/10\/84-1-1-768x512.jpg 768w, https:\/\/radiorevelacionfm.cl\/wp-content\/uploads\/2024\/10\/84-1-1-705x470.jpg 705w, https:\/\/radiorevelacionfm.cl\/wp-content\/uploads\/2024\/10\/84-1-1-450x300.jpg 450w, https:\/\/radiorevelacionfm.cl\/wp-content\/uploads\/2024\/10\/84-1-1-600x400.jpg 600w\" sizes=\"(max-width: 900px) 100vw, 900px\" \/><\/div><\/div><\/div><\/div><div class=\"flex_column av_one_full  flex_column_div av-zero-column-padding first  avia-builder-el-2  el_after_av_one_full  el_before_av_one_full  column-top-margin\" style='border-radius:0px; '><section class=\"av_textblock_section \"  itemscope=\"itemscope\" itemtype=\"https:\/\/schema.org\/BlogPosting\" itemprop=\"blogPost\" ><div class='avia_textblock  '   itemprop=\"text\" ><p style=\"font-weight: 400; text-align: center;\"><strong><span style=\"font-size: 18pt;\">VII Simposio sobre El Futuro de la Investigaci\u00f3n Criminal: Fiscal\u00eda organiz\u00f3 evento acad\u00e9mico donde expusieron diversas instituciones<\/span><\/strong><\/p>\n<div id=\"gtx-trans\" style=\"position: absolute; left: -50px; top: 4.31534px;\">\n<div class=\"gtx-trans-icon\"><\/div>\n<\/div>\n<\/div><\/section><\/div><div class=\"flex_column av_one_full  flex_column_div av-zero-column-padding first  avia-builder-el-4  el_after_av_one_full  el_before_av_hr  column-top-margin\" style='border-radius:0px; '><section class=\"av_textblock_section \"  itemscope=\"itemscope\" itemtype=\"https:\/\/schema.org\/BlogPosting\" itemprop=\"blogPost\" ><div class='avia_textblock  '   itemprop=\"text\" ><p style=\"font-weight: 400; text-align: justify;\"><em>\u201cContamos tambi\u00e9n con la participaci\u00f3n de muchas personas de Coyhaique que asistieron como espectadores a estas sesiones\u201d, explic\u00f3 el Fiscal Regional Subrogante, Luis Contreras.<\/em><\/p>\n<p style=\"font-weight: 400; text-align: justify;\">La Fiscal\u00eda Regional de Ays\u00e9n organiz\u00f3 el 24 y 25 de octubre en el auditorio de la IV Divisi\u00f3n de Ej\u00e9rcito en Coyhaique, el s\u00e9ptimo simposio sobre El Futuro de la Investigaci\u00f3n Criminal, donde expusieron representantes del FBI, Carabineros, PDI, Gendarmer\u00eda y un acad\u00e9mico experto en inteligencia artificial de la Universidad de Chile, quienes abordaron distintas materias relacionadas con el crimen organizado.<\/p>\n<p style=\"font-weight: 400; text-align: justify;\">En este evento de vinculaci\u00f3n con el medio del Ministerio P\u00fablico, vigente desde el a\u00f1o 2018, estuvo presente el agregado jur\u00eddico del Federal Bureau of Investigation (FBI) para Chile, Per\u00fa y Bolivia, Isaac Delong y el agente especial del Federal Bureau of Investigation (FBI), Blaine Freestone.<\/p>\n<p style=\"font-weight: 400; text-align: justify;\">Adem\u00e1s, expuso el acad\u00e9mico Richard Weber, l\u00edder del proyecto \u201cFiscal Heredia\u201d, del Instituto de Sistemas Complejos de Ingenier\u00eda, Universidad de Chile y el General Jaime Velasco Bahamondez, Director de Control, Drogas e Investigaci\u00f3n Criminal de Carabineros de Chile, O.S.9.<\/p>\n<p style=\"font-weight: 400; text-align: justify;\">Asimismo, present\u00f3 la Prefecta General, Consuelo Pe\u00f1a San Miguel, Subdirectora de Inteligencia, Crimen Organizado y Seguridad Migratoria de la PDI y el Prefecto Inspector, Maximiliano Mac-Namara Valderrama, Jefe de la Jefatura Nacional de Ciber Crimen.<\/p>\n<p style=\"font-weight: 400; text-align: justify;\">Las presentaciones culminaron con la exposici\u00f3n del Coronel Bernardo Olivares Gonz\u00e1lez, Jefe del Departamento de Investigaci\u00f3n Criminal de Gendarmer\u00eda de Chile.<\/p>\n<p style=\"font-weight: 400; text-align: justify;\">AMPLIA ASISTENCIA<\/p>\n<p style=\"font-weight: 400; text-align: justify;\">\u201cTodos en conjunto abordaron diversos t\u00f3picos relacionados con el futuro de la investigaci\u00f3n criminal\u201d, explic\u00f3 el Fiscal Regional Subrogante, Luis Contreras Alfaro. El persecutor penal a\u00f1adi\u00f3 que \u201ccontamos tambi\u00e9n con la participaci\u00f3n de muchas personas de Coyhaique que asistieron como espectadores a estas sesiones y pudieron realizar preguntas empap\u00e1ndose, en vivo y en directo, de las nuevas tendencias en investigaci\u00f3n criminal en el mundo\u201d.<\/p>\n<p style=\"font-weight: 400; text-align: justify;\">El fiscal Contreras agreg\u00f3 que \u201chay un inter\u00e9s especial del Ministerio P\u00fablico en relacionarse con la comunidad en estos temas, toda vez que nos permite interactuar con la gente en \u00e1mbitos que no son necesariamente relacionados con la comisi\u00f3n de un delito, sino que son actividades de car\u00e1cter acad\u00e9mico\u201d.<\/p>\n<p style=\"font-weight: 400; text-align: justify;\">Para el representante del Ministerio P\u00fablico, \u201cesto nos permite tambi\u00e9n a nosotros crecer como instituci\u00f3n al conocer diversas posturas, diversas tendencias y nuevas investigaciones que se est\u00e1n realizando en estos temas en el mundo\u201d.<\/p>\n<p style=\"font-weight: 400; text-align: justify;\">INVESTIGACI\u00d3N CRIMINAL<\/p>\n<p style=\"font-weight: 400; text-align: justify;\">Por su parte el General Jaime Velasco Bahamondez, Director de Control, Drogas e Investigaci\u00f3n Criminal de Carabineros de Chile, O.S.9, quien fue uno de los expositores, dijo que \u201csin duda que las tem\u00e1ticas que se desarrollaron durante estos dos d\u00edas fueron de sumo inter\u00e9s, no solamente desde la perspectiva de plantear como Carabineros de Chile los procesos investigativos y las evoluciones que nosotros hemos tenido como Direcci\u00f3n Control, Droga e Investigaci\u00f3n Criminal, sino que tambi\u00e9n obtener y tomar las distintas experiencias de las otras instituciones a nivel regional y tambi\u00e9n nacional\u201d.<\/p>\n<p style=\"font-weight: 400; text-align: justify;\">En tanto el Prefecto Inspector, Maximiliano Mac-Namara Valderrama, Jefe de la Jefatura Nacional de Ciber Crimen, quien tambi\u00e9n viaj\u00f3 desde Santiago, expres\u00f3 que para \u201cla investigaci\u00f3n criminal hoy d\u00eda, con la presencia de crimen organizado, es mucho m\u00e1s importante que exista una interrelaci\u00f3n, una coordinaci\u00f3n de los distintos entes y actores que participan en el combate al crimen organizado en sus distintas facetas. Yo me sent\u00ed muy bien, me sent\u00ed muy acogido por la audiencia\u201d.<\/p>\n<p style=\"font-weight: 400; text-align: justify;\">La Fiscal\u00eda Regional de Ays\u00e9n efect\u00faa una constante interacci\u00f3n con la comunidad tanto con colegios, dirigentes sociales, capacitaciones a polic\u00edas y actividades acad\u00e9micas, entre otras.<\/p>\n<\/div><\/section><\/div><div  style='height:50px' class='hr hr-invisible   avia-builder-el-6  el_after_av_one_full  el_before_av_social_share '><span class='hr-inner ' ><span class='hr-inner-style'><\/span><\/span><\/div><\/p>\n<div  class='av-social-sharing-box  avia-builder-el-7  el_after_av_hr  el_before_av_hr  '><div class='av-share-box'><h5 class='av-share-link-description av-no-toc '>Compartir esta noticia<\/h5><ul class='av-share-box-list noLightbox'><li class='av-share-link av-social-link-facebook' ><a target=\"_blank\" aria-label=\"Compartir en Facebook\" href='https:\/\/www.facebook.com\/sharer.php?u=https:\/\/radiorevelacionfm.cl\/?p=47560&#038;t=VII%20Simposio%20sobre%20El%20Futuro%20de%20la%20Investigaci%C3%B3n%20Criminal%3A%20Fiscal%C3%ADa%20organiz%C3%B3%20evento%20acad%C3%A9mico%20donde%20expusieron%20diversas%20instituciones' aria-hidden='false' data-av_icon='\ue8f3' data-av_iconfont='entypo-fontello' title='' data-avia-related-tooltip='Compartir en Facebook' rel=\"noopener\"><span class='avia_hidden_link_text'>Compartir en Facebook<\/span><\/a><\/li><li class='av-share-link av-social-link-twitter' ><a target=\"_blank\" aria-label=\"Compartir en Twitter\" href='https:\/\/twitter.com\/share?text=VII%20Simposio%20sobre%20El%20Futuro%20de%20la%20Investigaci%C3%B3n%20Criminal%3A%20Fiscal%C3%ADa%20organiz%C3%B3%20evento%20acad%C3%A9mico%20donde%20expusieron%20diversas%20instituciones&#038;url=https:\/\/radiorevelacionfm.cl\/?p=47560' aria-hidden='false' data-av_icon='\ue8f1' data-av_iconfont='entypo-fontello' title='' data-avia-related-tooltip='Compartir en Twitter' rel=\"noopener\"><span class='avia_hidden_link_text'>Compartir en Twitter<\/span><\/a><\/li><li class='av-share-link av-social-link-whatsapp' ><a target=\"_blank\" aria-label=\"Compartir en Whatsapp\" href='https:\/\/api.whatsapp.com\/send?text=https:\/\/radiorevelacionfm.cl\/?p=47560' aria-hidden='false' data-av_icon='\uf232' data-av_iconfont='entypo-fontello' title='' data-avia-related-tooltip='Compartir en Whatsapp' rel=\"noopener\"><span class='avia_hidden_link_text'>Compartir en Whatsapp<\/span><\/a><\/li><li class='av-share-link av-social-link-linkedin' ><a target=\"_blank\" aria-label=\"Compartir en LinkedIn\" href='https:\/\/linkedin.com\/shareArticle?mini=true&#038;title=VII%20Simposio%20sobre%20El%20Futuro%20de%20la%20Investigaci%C3%B3n%20Criminal%3A%20Fiscal%C3%ADa%20organiz%C3%B3%20evento%20acad%C3%A9mico%20donde%20expusieron%20diversas%20instituciones&#038;url=https:\/\/radiorevelacionfm.cl\/?p=47560' aria-hidden='false' data-av_icon='\ue8fc' data-av_iconfont='entypo-fontello' title='' data-avia-related-tooltip='Compartir en LinkedIn' rel=\"noopener\"><span class='avia_hidden_link_text'>Compartir en LinkedIn<\/span><\/a><\/li><li class='av-share-link av-social-link-mail' ><a  aria-label=\"Compartir por correo\" href='mailto:?subject=VII%20Simposio%20sobre%20El%20Futuro%20de%20la%20Investigaci%C3%B3n%20Criminal%3A%20Fiscal%C3%ADa%20organiz%C3%B3%20evento%20acad%C3%A9mico%20donde%20expusieron%20diversas%20instituciones&#038;body=https:\/\/radiorevelacionfm.cl\/?p=47560' aria-hidden='false' data-av_icon='\ue805' data-av_iconfont='entypo-fontello' title='' data-avia-related-tooltip='Compartir por correo'><span class='avia_hidden_link_text'>Compartir por correo<\/span><\/a><\/li><\/ul><\/div><\/div>\n<div  style='height:50px' class='hr hr-invisible   avia-builder-el-8  el_after_av_social_share  el_before_av_comments_list '><span class='hr-inner ' ><span class='hr-inner-style'><\/span><\/span><\/div>\n<div  class='av-buildercomment  av-blog-meta-html-info-disabled av-blog-meta-tag-disabled  '><\/div>\n","protected":false},"excerpt":{"rendered":"","protected":false},"author":1,"featured_media":47561,"comment_status":"open","ping_status":"open","sticky":false,"template":"","format":"standard","meta":{"footnotes":""},"categories":[55],"tags":[],"class_list":["post-47560","post","type-post","status-publish","format-standard","has-post-thumbnail","hentry","category-justicia"],"jetpack_featured_media_url":"https:\/\/radiorevelacionfm.cl\/wp-content\/uploads\/2024\/10\/84-1-1.jpg","_links":{"self":[{"href":"https:\/\/radiorevelacionfm.cl\/index.php?rest_route=\/wp\/v2\/posts\/47560","targetHints":{"allow":["GET"]}}],"collection":[{"href":"https:\/\/radiorevelacionfm.cl\/index.php?rest_route=\/wp\/v2\/posts"}],"about":[{"href":"https:\/\/radiorevelacionfm.cl\/index.php?rest_route=\/wp\/v2\/types\/post"}],"author":[{"embeddable":true,"href":"https:\/\/radiorevelacionfm.cl\/index.php?rest_route=\/wp\/v2\/users\/1"}],"replies":[{"embeddable":true,"href":"https:\/\/radiorevelacionfm.cl\/index.php?rest_route=%2Fwp%2Fv2%2Fcomments&post=47560"}],"version-history":[{"count":1,"href":"https:\/\/radiorevelacionfm.cl\/index.php?rest_route=\/wp\/v2\/posts\/47560\/revisions"}],"predecessor-version":[{"id":47562,"href":"https:\/\/radiorevelacionfm.cl\/index.php?rest_route=\/wp\/v2\/posts\/47560\/revisions\/47562"}],"wp:featuredmedia":[{"embeddable":true,"href":"https:\/\/radiorevelacionfm.cl\/index.php?rest_route=\/wp\/v2\/media\/47561"}],"wp:attachment":[{"href":"https:\/\/radiorevelacionfm.cl\/index.php?rest_route=%2Fwp%2Fv2%2Fmedia&parent=47560"}],"wp:term":[{"taxonomy":"category","embeddable":true,"href":"https:\/\/radiorevelacionfm.cl\/index.php?rest_route=%2Fwp%2Fv2%2Fcategories&post=47560"},{"taxonomy":"post_tag","embeddable":true,"href":"https:\/\/radiorevelacionfm.cl\/index.php?rest_route=%2Fwp%2Fv2%2Ftags&post=47560"}],"curies":[{"name":"wp","href":"https:\/\/api.w.org\/{rel}","templated":true}]}}