{"id":47541,"date":"2024-10-29T22:32:26","date_gmt":"2024-10-30T01:32:26","guid":{"rendered":"https:\/\/radiorevelacionfm.cl\/?p=47541"},"modified":"2024-10-29T22:32:26","modified_gmt":"2024-10-30T01:32:26","slug":"impulsan-la-formacion-de-jovenes-tecnicos-en-la-region-de-aysen","status":"publish","type":"post","link":"https:\/\/radiorevelacionfm.cl\/?p=47541","title":{"rendered":"Impulsan la formaci\u00f3n de j\u00f3venes t\u00e9cnicos en la regi\u00f3n de Ays\u00e9n"},"content":{"rendered":"<div class=\"flex_column av_one_full  flex_column_div av-zero-column-padding first  avia-builder-el-0  el_before_av_one_full  avia-builder-el-first  \" style='border-radius:0px; '><div  class='avia-image-container  av-styling-    avia-builder-el-1  avia-builder-el-no-sibling  avia-align-center '  itemprop=\"image\" itemscope=\"itemscope\" itemtype=\"https:\/\/schema.org\/ImageObject\"  ><div class='avia-image-container-inner'><div class='avia-image-overlay-wrap'><img decoding=\"async\" class='wp-image-47543 avia-img-lazy-loading-not-47543 avia_image' src=\"https:\/\/radiorevelacionfm.cl\/wp-content\/uploads\/2024\/10\/Charla-Liceo-Agricola-2-1-1.jpg\" alt='' title='Charla Liceo Agr\u00edcola 2 (1) (1)' height=\"600\" width=\"945\"  itemprop=\"thumbnailUrl\" srcset=\"https:\/\/radiorevelacionfm.cl\/wp-content\/uploads\/2024\/10\/Charla-Liceo-Agricola-2-1-1.jpg 945w, https:\/\/radiorevelacionfm.cl\/wp-content\/uploads\/2024\/10\/Charla-Liceo-Agricola-2-1-1-300x190.jpg 300w, https:\/\/radiorevelacionfm.cl\/wp-content\/uploads\/2024\/10\/Charla-Liceo-Agricola-2-1-1-768x488.jpg 768w, https:\/\/radiorevelacionfm.cl\/wp-content\/uploads\/2024\/10\/Charla-Liceo-Agricola-2-1-1-705x448.jpg 705w, https:\/\/radiorevelacionfm.cl\/wp-content\/uploads\/2024\/10\/Charla-Liceo-Agricola-2-1-1-450x286.jpg 450w, https:\/\/radiorevelacionfm.cl\/wp-content\/uploads\/2024\/10\/Charla-Liceo-Agricola-2-1-1-600x381.jpg 600w\" sizes=\"(max-width: 945px) 100vw, 945px\" \/><\/div><\/div><\/div><\/div><div class=\"flex_column av_one_full  flex_column_div av-zero-column-padding first  avia-builder-el-2  el_after_av_one_full  el_before_av_one_full  column-top-margin\" style='border-radius:0px; '><section class=\"av_textblock_section \"  itemscope=\"itemscope\" itemtype=\"https:\/\/schema.org\/BlogPosting\" itemprop=\"blogPost\" ><div class='avia_textblock  '   itemprop=\"text\" ><p style=\"text-align: center;\"><strong><span style=\"font-size: 18pt;\">Impulsan la formaci\u00f3n de j\u00f3venes t\u00e9cnicos en la regi\u00f3n de Ays\u00e9n<\/span><\/strong><\/p>\n<div id=\"gtx-trans\" style=\"position: absolute; left: -50px; top: 4.31534px;\">\n<div class=\"gtx-trans-icon\"><\/div>\n<\/div>\n<\/div><\/section><\/div><div class=\"flex_column av_one_full  flex_column_div av-zero-column-padding first  avia-builder-el-4  el_after_av_one_full  el_before_av_hr  column-top-margin\" style='border-radius:0px; '><section class=\"av_textblock_section \"  itemscope=\"itemscope\" itemtype=\"https:\/\/schema.org\/BlogPosting\" itemprop=\"blogPost\" ><div class='avia_textblock  '   itemprop=\"text\" ><p style=\"text-align: justify;\"><em>Estudiantes del Liceo Bicentenario Agr\u00edcola e Industrial de la Patagonia en Coyhaique recibieron una charla educativa sobre seguridad el\u00e9ctrica, reforzando su preparaci\u00f3n en la especialidad de electricidad.<\/em><\/p>\n<p style=\"text-align: justify;\">En su compromiso continuo con la educaci\u00f3n y el futuro de la regi\u00f3n, Edelaysen en colaboraci\u00f3n con ONG Canales, llev\u00f3 a cabo una productiva charla dirigida a los alumnos de 2\u00ba medio de la especialidad de electricidad del Liceo Bicentenario de la Patagonia. La actividad fue liderada por uno de los profesionales de Edelaysen, quien comparti\u00f3 su experiencia y conocimiento sobre seguridad en el trabajo con electricidad.<\/p>\n<p style=\"text-align: justify;\">Durante la charla, los estudiantes aprendieron sobre las medidas de seguridad imprescindibles para trabajar con instalaciones el\u00e9ctricas, incluyendo las reglas de oro en el manejo de cables y los protocolos que deben seguirse para prevenir accidentes. Asimismo, se destac\u00f3 c\u00f3mo estos principios son aplicados diariamente por el equipo de Edelaysen en sus operaciones.<\/p>\n<p style=\"text-align: justify;\">Yasna Vera, ejecutiva de Edelaysen destac\u00f3 que: \u201cEstamos felices de poder contribuir al desarrollo de estos j\u00f3venes que se est\u00e1n preparando para convertirse en futuros t\u00e9cnicos de electricidad en nuestra regi\u00f3n. Es esencial que, desde una edad temprana, entiendan la importancia de la seguridad y las buenas pr\u00e1cticas en el manejo de electricidad\u201d.<\/p>\n<p style=\"text-align: justify;\">As\u00ed mismo, Claudia Bunster de ONG Canales destac\u00f3 que: \u201cGracias al trabajo en conjunto que hemos estado desarrollando con Edelaysen, la Red Futuro T\u00e9cnico Construyo mi Futuro y ONG Canales; estudiantes de segundo medio del Liceo Bicentenario Agr\u00edcola Industrial de la Patagonia, han logrado conocer las distintas \u00e1reas en las cuales se pueden desarrollar en una empresa el\u00e9ctrica, como futuros t\u00e9cnicos en la Regi\u00f3n de Ays\u00e9n\u201d.<\/p>\n<p style=\"text-align: justify;\">En ese contexto, cabe destacar que la actividad es parte de una serie de iniciativas que buscan fortalecer la formaci\u00f3n t\u00e9cnica en la zona, asegurando que los estudiantes cuenten con las herramientas necesarias para enfrentar los desaf\u00edos del mundo laboral. En tal sentido, Edelaysen reafirma su compromiso con la comunidad, apoyando el crecimiento y desarrollo de las nuevas generaciones de t\u00e9cnicos en el \u00e1rea el\u00e9ctrica.<\/p>\n<\/div><\/section><\/div><div  style='height:50px' class='hr hr-invisible   avia-builder-el-6  el_after_av_one_full  el_before_av_social_share '><span class='hr-inner ' ><span class='hr-inner-style'><\/span><\/span><\/div><\/p>\n<div  class='av-social-sharing-box  avia-builder-el-7  el_after_av_hr  el_before_av_hr  '><div class='av-share-box'><h5 class='av-share-link-description av-no-toc '>Compartir esta noticia<\/h5><ul class='av-share-box-list noLightbox'><li class='av-share-link av-social-link-facebook' ><a target=\"_blank\" aria-label=\"Compartir en Facebook\" href='https:\/\/www.facebook.com\/sharer.php?u=https:\/\/radiorevelacionfm.cl\/?p=47541&#038;t=Impulsan%20la%20formaci%C3%B3n%20de%20j%C3%B3venes%20t%C3%A9cnicos%20en%20la%20regi%C3%B3n%20de%20Ays%C3%A9n' aria-hidden='false' data-av_icon='\ue8f3' data-av_iconfont='entypo-fontello' title='' data-avia-related-tooltip='Compartir en Facebook' rel=\"noopener\"><span class='avia_hidden_link_text'>Compartir en Facebook<\/span><\/a><\/li><li class='av-share-link av-social-link-twitter' ><a target=\"_blank\" aria-label=\"Compartir en Twitter\" href='https:\/\/twitter.com\/share?text=Impulsan%20la%20formaci%C3%B3n%20de%20j%C3%B3venes%20t%C3%A9cnicos%20en%20la%20regi%C3%B3n%20de%20Ays%C3%A9n&#038;url=https:\/\/radiorevelacionfm.cl\/?p=47541' aria-hidden='false' data-av_icon='\ue8f1' data-av_iconfont='entypo-fontello' title='' data-avia-related-tooltip='Compartir en Twitter' rel=\"noopener\"><span class='avia_hidden_link_text'>Compartir en Twitter<\/span><\/a><\/li><li class='av-share-link av-social-link-whatsapp' ><a target=\"_blank\" aria-label=\"Compartir en Whatsapp\" href='https:\/\/api.whatsapp.com\/send?text=https:\/\/radiorevelacionfm.cl\/?p=47541' aria-hidden='false' data-av_icon='\uf232' data-av_iconfont='entypo-fontello' title='' data-avia-related-tooltip='Compartir en Whatsapp' rel=\"noopener\"><span class='avia_hidden_link_text'>Compartir en Whatsapp<\/span><\/a><\/li><li class='av-share-link av-social-link-linkedin' ><a target=\"_blank\" aria-label=\"Compartir en LinkedIn\" href='https:\/\/linkedin.com\/shareArticle?mini=true&#038;title=Impulsan%20la%20formaci%C3%B3n%20de%20j%C3%B3venes%20t%C3%A9cnicos%20en%20la%20regi%C3%B3n%20de%20Ays%C3%A9n&#038;url=https:\/\/radiorevelacionfm.cl\/?p=47541' aria-hidden='false' data-av_icon='\ue8fc' data-av_iconfont='entypo-fontello' title='' data-avia-related-tooltip='Compartir en LinkedIn' rel=\"noopener\"><span class='avia_hidden_link_text'>Compartir en LinkedIn<\/span><\/a><\/li><li class='av-share-link av-social-link-mail' ><a  aria-label=\"Compartir por correo\" href='mailto:?subject=Impulsan%20la%20formaci%C3%B3n%20de%20j%C3%B3venes%20t%C3%A9cnicos%20en%20la%20regi%C3%B3n%20de%20Ays%C3%A9n&#038;body=https:\/\/radiorevelacionfm.cl\/?p=47541' aria-hidden='false' data-av_icon='\ue805' data-av_iconfont='entypo-fontello' title='' data-avia-related-tooltip='Compartir por correo'><span class='avia_hidden_link_text'>Compartir por correo<\/span><\/a><\/li><\/ul><\/div><\/div>\n<div  style='height:50px' class='hr hr-invisible   avia-builder-el-8  el_after_av_social_share  el_before_av_comments_list '><span class='hr-inner ' ><span class='hr-inner-style'><\/span><\/span><\/div>\n<div  class='av-buildercomment  av-blog-meta-html-info-disabled av-blog-meta-tag-disabled  '><\/div>\n","protected":false},"excerpt":{"rendered":"","protected":false},"author":1,"featured_media":47543,"comment_status":"open","ping_status":"open","sticky":false,"template":"","format":"standard","meta":{"footnotes":""},"categories":[38],"tags":[],"class_list":["post-47541","post","type-post","status-publish","format-standard","has-post-thumbnail","hentry","category-regional"],"jetpack_featured_media_url":"https:\/\/radiorevelacionfm.cl\/wp-content\/uploads\/2024\/10\/Charla-Liceo-Agricola-2-1-1.jpg","_links":{"self":[{"href":"https:\/\/radiorevelacionfm.cl\/index.php?rest_route=\/wp\/v2\/posts\/47541","targetHints":{"allow":["GET"]}}],"collection":[{"href":"https:\/\/radiorevelacionfm.cl\/index.php?rest_route=\/wp\/v2\/posts"}],"about":[{"href":"https:\/\/radiorevelacionfm.cl\/index.php?rest_route=\/wp\/v2\/types\/post"}],"author":[{"embeddable":true,"href":"https:\/\/radiorevelacionfm.cl\/index.php?rest_route=\/wp\/v2\/users\/1"}],"replies":[{"embeddable":true,"href":"https:\/\/radiorevelacionfm.cl\/index.php?rest_route=%2Fwp%2Fv2%2Fcomments&post=47541"}],"version-history":[{"count":1,"href":"https:\/\/radiorevelacionfm.cl\/index.php?rest_route=\/wp\/v2\/posts\/47541\/revisions"}],"predecessor-version":[{"id":47544,"href":"https:\/\/radiorevelacionfm.cl\/index.php?rest_route=\/wp\/v2\/posts\/47541\/revisions\/47544"}],"wp:featuredmedia":[{"embeddable":true,"href":"https:\/\/radiorevelacionfm.cl\/index.php?rest_route=\/wp\/v2\/media\/47543"}],"wp:attachment":[{"href":"https:\/\/radiorevelacionfm.cl\/index.php?rest_route=%2Fwp%2Fv2%2Fmedia&parent=47541"}],"wp:term":[{"taxonomy":"category","embeddable":true,"href":"https:\/\/radiorevelacionfm.cl\/index.php?rest_route=%2Fwp%2Fv2%2Fcategories&post=47541"},{"taxonomy":"post_tag","embeddable":true,"href":"https:\/\/radiorevelacionfm.cl\/index.php?rest_route=%2Fwp%2Fv2%2Ftags&post=47541"}],"curies":[{"name":"wp","href":"https:\/\/api.w.org\/{rel}","templated":true}]}}