{"id":4754,"date":"2021-05-31T23:49:19","date_gmt":"2021-06-01T02:49:19","guid":{"rendered":"https:\/\/radiorevelacionfm.cl\/?p=4754"},"modified":"2021-06-01T00:07:32","modified_gmt":"2021-06-01T03:07:32","slug":"investigan-delito-por-danos-a-vehiculo-y-amenazas-condicionales-contra-personas-en-coyhaique","status":"publish","type":"post","link":"https:\/\/radiorevelacionfm.cl\/?p=4754","title":{"rendered":"Investigan delito por da\u00f1os a veh\u00edculo y amenazas condicionales contra personas en Coyhaique"},"content":{"rendered":"<div class=\"flex_column av_one_full  flex_column_div av-zero-column-padding first  avia-builder-el-0  el_before_av_one_full  avia-builder-el-first  \" style='border-radius:0px; '><div  class='avia-image-container  av-styling-    avia-builder-el-1  avia-builder-el-no-sibling  avia-align-center '  itemprop=\"image\" itemscope=\"itemscope\" itemtype=\"https:\/\/schema.org\/ImageObject\"  ><div class='avia-image-container-inner'><div class='avia-image-overlay-wrap'><img decoding=\"async\" class='wp-image-4757 avia-img-lazy-loading-not-4757 avia_image' src=\"https:\/\/radiorevelacionfm.cl\/wp-content\/uploads\/2021\/05\/PDI-31.05-1-1-1.jpg\" alt='' title='PDI 31.05-1 (1) (1)' height=\"600\" width=\"841\"  itemprop=\"thumbnailUrl\" srcset=\"https:\/\/radiorevelacionfm.cl\/wp-content\/uploads\/2021\/05\/PDI-31.05-1-1-1.jpg 841w, https:\/\/radiorevelacionfm.cl\/wp-content\/uploads\/2021\/05\/PDI-31.05-1-1-1-300x214.jpg 300w, https:\/\/radiorevelacionfm.cl\/wp-content\/uploads\/2021\/05\/PDI-31.05-1-1-1-768x548.jpg 768w, https:\/\/radiorevelacionfm.cl\/wp-content\/uploads\/2021\/05\/PDI-31.05-1-1-1-260x185.jpg 260w, https:\/\/radiorevelacionfm.cl\/wp-content\/uploads\/2021\/05\/PDI-31.05-1-1-1-705x503.jpg 705w, https:\/\/radiorevelacionfm.cl\/wp-content\/uploads\/2021\/05\/PDI-31.05-1-1-1-600x428.jpg 600w\" sizes=\"(max-width: 841px) 100vw, 841px\" \/><\/div><\/div><\/div><\/div><div class=\"flex_column av_one_full  flex_column_div av-zero-column-padding first  avia-builder-el-2  el_after_av_one_full  el_before_av_one_full  column-top-margin\" style='border-radius:0px; '><section class=\"av_textblock_section \"  itemscope=\"itemscope\" itemtype=\"https:\/\/schema.org\/BlogPosting\" itemprop=\"blogPost\" ><div class='avia_textblock  '   itemprop=\"text\" ><p style=\"text-align: center;\"><strong><span style=\"font-size: 18pt;\">Investigan delito por da\u00f1os a veh\u00edculo y amenazas condicionales contra personas en Coyhaique <\/span><\/strong><\/p>\n<div id=\"gtx-trans\" style=\"position: absolute; left: -50px; top: 4.31534px;\">\n<div class=\"gtx-trans-icon\"><\/div>\n<\/div>\n<\/div><\/section><\/div><\/p>\n<div class=\"flex_column av_one_full  flex_column_div av-zero-column-padding first  avia-builder-el-4  el_after_av_one_full  el_before_av_hr  column-top-margin\" style='border-radius:0px; '><section class=\"av_textblock_section \"  itemscope=\"itemscope\" itemtype=\"https:\/\/schema.org\/BlogPosting\" itemprop=\"blogPost\" ><div class='avia_textblock  '   itemprop=\"text\" ><p style=\"text-align: justify;\">De acuerdo a informaci\u00f3n proporcionada por el subcomisario Fabi\u00e1n Franco de la BICRIM Coyhaique, durante esta ma\u00f1ana a eso de las 09:30 horas se recibi\u00f3 una denuncia por el delito de da\u00f1os, por lo cual la Brigada de Investigaci\u00f3n Criminal se traslad\u00f3 hasta la calle Tucapel Jimenez a la altura del 168 en Coyhaique, lugar donde se encontraba un veh\u00edculo mazda, de color blanco, totalmente destruido, en el lugar y al observar los m\u00faltiples indicios de la comisi\u00f3n de un delito, se coordin\u00f3 de manera directa con el Laboratorio de Criminal\u00edstica de Coyhaique quienes acudieron al sitio del suceso efectuando diversas diligencias como toma de huellas, planos y fotograf\u00eda.<\/p>\n<p style=\"text-align: justify;\">Posteriormente luego de haber realizado todas las diligencias correspondientes, se efectuaron empadronamientos en los sectores colindantes, logrando tener varios testigos que manifestaron que efectivamente habr\u00eda ocurrido un incidente (ri\u00f1a) a eso de las 07:00 de la ma\u00f1ana, por lo anterior el equipo investigativo de la brigada concurri\u00f3 hasta la central de Carabineros, logrando obtener las im\u00e1genes de la c\u00e1mara de seguridad existente en calle Tucapel Jimenez con calle Agr\u00edcola, donde se puede apreciar a los involucrados y el hecho en cuesti\u00f3n que se esta investigando, se\u00f1al\u00f3 el Subcomisario.<\/p>\n<p style=\"text-align: justify;\">Finalmente Fabi\u00e1n Franco indic\u00f3 \u00abse contin\u00faa trabajando bajo el m\u00e9todo cient\u00edfico t\u00e9cnico, tomando declaraciones y efectuando primeras diligencias dentro del per\u00edodo de flagrancia que nos corresponde por ley y mantenemos informaci\u00f3n que es atingente directamente a la investigaci\u00f3n para poder dar con el paradero de los sujetos que podr\u00edan haber perpetrado\u00a0 dicho delito\u00bb.<\/p>\n<\/div><\/section><\/div>\n<div  style='height:50px' class='hr hr-invisible   avia-builder-el-6  el_after_av_one_full  el_before_av_social_share '><span class='hr-inner ' ><span class='hr-inner-style'><\/span><\/span><\/div>\n<div  class='av-social-sharing-box  avia-builder-el-7  el_after_av_hr  el_before_av_hr  '><div class='av-share-box'><h5 class='av-share-link-description av-no-toc '>Compartir esta noticia<\/h5><ul class='av-share-box-list noLightbox'><li class='av-share-link av-social-link-facebook' ><a target=\"_blank\" aria-label=\"Compartir en Facebook\" href='https:\/\/www.facebook.com\/sharer.php?u=https:\/\/radiorevelacionfm.cl\/?p=4754&#038;t=Investigan%20delito%20por%20da%C3%B1os%20a%20veh%C3%ADculo%20y%20amenazas%20condicionales%20contra%20personas%20en%20Coyhaique' aria-hidden='false' data-av_icon='\ue8f3' data-av_iconfont='entypo-fontello' title='' data-avia-related-tooltip='Compartir en Facebook' rel=\"noopener\"><span class='avia_hidden_link_text'>Compartir en Facebook<\/span><\/a><\/li><li class='av-share-link av-social-link-twitter' ><a target=\"_blank\" aria-label=\"Compartir en Twitter\" href='https:\/\/twitter.com\/share?text=Investigan%20delito%20por%20da%C3%B1os%20a%20veh%C3%ADculo%20y%20amenazas%20condicionales%20contra%20personas%20en%20Coyhaique&#038;url=https:\/\/radiorevelacionfm.cl\/?p=4754' aria-hidden='false' data-av_icon='\ue8f1' data-av_iconfont='entypo-fontello' title='' data-avia-related-tooltip='Compartir en Twitter' rel=\"noopener\"><span class='avia_hidden_link_text'>Compartir en Twitter<\/span><\/a><\/li><li class='av-share-link av-social-link-whatsapp' ><a target=\"_blank\" aria-label=\"Compartir en Whatsapp\" href='https:\/\/api.whatsapp.com\/send?text=https:\/\/radiorevelacionfm.cl\/?p=4754' aria-hidden='false' data-av_icon='\uf232' data-av_iconfont='entypo-fontello' title='' data-avia-related-tooltip='Compartir en Whatsapp' rel=\"noopener\"><span class='avia_hidden_link_text'>Compartir en Whatsapp<\/span><\/a><\/li><li class='av-share-link av-social-link-linkedin' ><a target=\"_blank\" aria-label=\"Compartir en LinkedIn\" href='https:\/\/linkedin.com\/shareArticle?mini=true&#038;title=Investigan%20delito%20por%20da%C3%B1os%20a%20veh%C3%ADculo%20y%20amenazas%20condicionales%20contra%20personas%20en%20Coyhaique&#038;url=https:\/\/radiorevelacionfm.cl\/?p=4754' aria-hidden='false' data-av_icon='\ue8fc' data-av_iconfont='entypo-fontello' title='' data-avia-related-tooltip='Compartir en LinkedIn' rel=\"noopener\"><span class='avia_hidden_link_text'>Compartir en LinkedIn<\/span><\/a><\/li><li class='av-share-link av-social-link-mail' ><a  aria-label=\"Compartir por correo\" href='mailto:?subject=Investigan%20delito%20por%20da%C3%B1os%20a%20veh%C3%ADculo%20y%20amenazas%20condicionales%20contra%20personas%20en%20Coyhaique&#038;body=https:\/\/radiorevelacionfm.cl\/?p=4754' aria-hidden='false' data-av_icon='\ue805' data-av_iconfont='entypo-fontello' title='' data-avia-related-tooltip='Compartir por correo'><span class='avia_hidden_link_text'>Compartir por correo<\/span><\/a><\/li><\/ul><\/div><\/div>\n<div  style='height:50px' class='hr hr-invisible   avia-builder-el-8  el_after_av_social_share  el_before_av_comments_list '><span class='hr-inner ' ><span class='hr-inner-style'><\/span><\/span><\/div>\n<div  class='av-buildercomment  av-blog-meta-html-info-disabled av-blog-meta-tag-disabled  '><\/div>\n","protected":false},"excerpt":{"rendered":"","protected":false},"author":1,"featured_media":4757,"comment_status":"open","ping_status":"open","sticky":false,"template":"","format":"standard","meta":{"footnotes":""},"categories":[36],"tags":[],"class_list":["post-4754","post","type-post","status-publish","format-standard","has-post-thumbnail","hentry","category-policial"],"jetpack_featured_media_url":"https:\/\/radiorevelacionfm.cl\/wp-content\/uploads\/2021\/05\/PDI-31.05-1-1-1.jpg","_links":{"self":[{"href":"https:\/\/radiorevelacionfm.cl\/index.php?rest_route=\/wp\/v2\/posts\/4754","targetHints":{"allow":["GET"]}}],"collection":[{"href":"https:\/\/radiorevelacionfm.cl\/index.php?rest_route=\/wp\/v2\/posts"}],"about":[{"href":"https:\/\/radiorevelacionfm.cl\/index.php?rest_route=\/wp\/v2\/types\/post"}],"author":[{"embeddable":true,"href":"https:\/\/radiorevelacionfm.cl\/index.php?rest_route=\/wp\/v2\/users\/1"}],"replies":[{"embeddable":true,"href":"https:\/\/radiorevelacionfm.cl\/index.php?rest_route=%2Fwp%2Fv2%2Fcomments&post=4754"}],"version-history":[{"count":3,"href":"https:\/\/radiorevelacionfm.cl\/index.php?rest_route=\/wp\/v2\/posts\/4754\/revisions"}],"predecessor-version":[{"id":4759,"href":"https:\/\/radiorevelacionfm.cl\/index.php?rest_route=\/wp\/v2\/posts\/4754\/revisions\/4759"}],"wp:featuredmedia":[{"embeddable":true,"href":"https:\/\/radiorevelacionfm.cl\/index.php?rest_route=\/wp\/v2\/media\/4757"}],"wp:attachment":[{"href":"https:\/\/radiorevelacionfm.cl\/index.php?rest_route=%2Fwp%2Fv2%2Fmedia&parent=4754"}],"wp:term":[{"taxonomy":"category","embeddable":true,"href":"https:\/\/radiorevelacionfm.cl\/index.php?rest_route=%2Fwp%2Fv2%2Fcategories&post=4754"},{"taxonomy":"post_tag","embeddable":true,"href":"https:\/\/radiorevelacionfm.cl\/index.php?rest_route=%2Fwp%2Fv2%2Ftags&post=4754"}],"curies":[{"name":"wp","href":"https:\/\/api.w.org\/{rel}","templated":true}]}}