{"id":47538,"date":"2024-10-29T15:26:57","date_gmt":"2024-10-29T18:26:57","guid":{"rendered":"https:\/\/radiorevelacionfm.cl\/?p=47538"},"modified":"2024-10-29T15:26:57","modified_gmt":"2024-10-29T18:26:57","slug":"fundacion-integra-celebro-su-34-aniversario-con-actividades-en-toda-la-region","status":"publish","type":"post","link":"https:\/\/radiorevelacionfm.cl\/?p=47538","title":{"rendered":"Fundaci\u00f3n Integra celebr\u00f3 su 34\u00b0 Aniversario con actividades en toda la regi\u00f3n"},"content":{"rendered":"<div class=\"flex_column av_one_full  flex_column_div av-zero-column-padding first  avia-builder-el-0  el_before_av_one_full  avia-builder-el-first  \" style='border-radius:0px; '><div  class='avia-image-container  av-styling-    avia-builder-el-1  avia-builder-el-no-sibling  avia-align-center '  itemprop=\"image\" itemscope=\"itemscope\" itemtype=\"https:\/\/schema.org\/ImageObject\"  ><div class='avia-image-container-inner'><div class='avia-image-overlay-wrap'><img decoding=\"async\" class='wp-image-47539 avia-img-lazy-loading-not-47539 avia_image' src=\"https:\/\/radiorevelacionfm.cl\/wp-content\/uploads\/2024\/10\/4-94-1_optimized-1.jpg\" alt='' title='4-(94)-(1)_optimized (1)' height=\"600\" width=\"1067\"  itemprop=\"thumbnailUrl\" srcset=\"https:\/\/radiorevelacionfm.cl\/wp-content\/uploads\/2024\/10\/4-94-1_optimized-1.jpg 1067w, https:\/\/radiorevelacionfm.cl\/wp-content\/uploads\/2024\/10\/4-94-1_optimized-1-300x169.jpg 300w, https:\/\/radiorevelacionfm.cl\/wp-content\/uploads\/2024\/10\/4-94-1_optimized-1-1030x579.jpg 1030w, https:\/\/radiorevelacionfm.cl\/wp-content\/uploads\/2024\/10\/4-94-1_optimized-1-768x432.jpg 768w, https:\/\/radiorevelacionfm.cl\/wp-content\/uploads\/2024\/10\/4-94-1_optimized-1-705x396.jpg 705w, https:\/\/radiorevelacionfm.cl\/wp-content\/uploads\/2024\/10\/4-94-1_optimized-1-450x253.jpg 450w, https:\/\/radiorevelacionfm.cl\/wp-content\/uploads\/2024\/10\/4-94-1_optimized-1-600x337.jpg 600w\" sizes=\"(max-width: 1067px) 100vw, 1067px\" \/><\/div><\/div><\/div><\/div><div class=\"flex_column av_one_full  flex_column_div av-zero-column-padding first  avia-builder-el-2  el_after_av_one_full  el_before_av_one_full  column-top-margin\" style='border-radius:0px; '><section class=\"av_textblock_section \"  itemscope=\"itemscope\" itemtype=\"https:\/\/schema.org\/BlogPosting\" itemprop=\"blogPost\" ><div class='avia_textblock  '   itemprop=\"text\" ><p style=\"text-align: center;\"><strong><span style=\"font-size: 18pt;\">Fundaci\u00f3n Integra celebr\u00f3 su 34\u00b0 Aniversario con actividades en toda la regi\u00f3n<\/span><\/strong><\/p>\n<div id=\"gtx-trans\" style=\"position: absolute; left: -50px; top: 4.31534px;\">\n<div class=\"gtx-trans-icon\"><\/div>\n<\/div>\n<\/div><\/section><\/div><div class=\"flex_column av_one_full  flex_column_div av-zero-column-padding first  avia-builder-el-4  el_after_av_one_full  el_before_av_hr  column-top-margin\" style='border-radius:0px; '><section class=\"av_textblock_section \"  itemscope=\"itemscope\" itemtype=\"https:\/\/schema.org\/BlogPosting\" itemprop=\"blogPost\" ><div class='avia_textblock  '   itemprop=\"text\" ><p style=\"text-align: justify;\"><em>Durante una semana jardines infantiles, salas cuna e integrantes de oficina regional desarrollaron diversas actividades para celebrar el aniversario institucional bajo el lema \u201c34 a\u00f1os comprometidos con la ni\u00f1ez\u201d.<\/em><\/p>\n<p style=\"text-align: justify;\">Durante el mes de octubre, Fundaci\u00f3n Integra conmemora un nuevo aniversario institucional en el que salas cuna, jardines infantiles, modalidades no convencionales, oficinas regionales y casa central realizan actividades de celebraci\u00f3n y la regi\u00f3n de Ays\u00e9n no fue la excepci\u00f3n. Las celebraciones de la \u201cSemana Aniversario\u201d se llevaron a cabo entre el 21 y el 24 de octubre, en las que se destac\u00f3 el rol que cumple la instituci\u00f3n en la construcci\u00f3n de una educaci\u00f3n parvularia p\u00fablica, gratuita y de calidad.<\/p>\n<p style=\"text-align: justify;\">Leticia Araya, directora regional de Fundaci\u00f3n Integra, resalta que \u201cestos 34 a\u00f1os de trabajo han sido de crecimiento y desaf\u00edos para la Fundaci\u00f3n. Nos enorgullece haber avanzando junto a nuestros equipos educativos y familias, colocando siempre a las ni\u00f1as y ni\u00f1os en el centro de nuestro quehacer y destacando el valor del juego y el bienestar en sus procesos de aprendizaje.\u201d<\/p>\n<p style=\"text-align: justify;\">En el marco de estas celebraciones, y en el marco de los 160 a\u00f1os de la educaci\u00f3n parvularia p\u00fablica en Chile, los jardines infantiles de la regi\u00f3n prepararon actividades en las que destac\u00f3 el trabajo articulado entre los establecimientos educacionales y sus comunidades educativas. Dentro de las actividades desarrolladas destacan ferias de derechos, muestras de juegos tradicionales, actividades recreativas, visitas a estamentos p\u00fablicos y privados, entre otras.<\/p>\n<p style=\"text-align: justify;\">Es en este contexto, que el jueves 24 se realiz\u00f3 una caravana por las principales calles de Coyhaique, en la que los jardines infantiles y familias se sumaron a esta celebraci\u00f3n, la que finaliz\u00f3 en la cancha techada de la poblaci\u00f3n Cardenal Samor\u00e9 lugar en la que se realiz\u00f3 el cierre de esta conmemoraci\u00f3n con un show de circo.<\/p>\n<p style=\"text-align: justify;\">Asimismo, y dentro de la semana de aniversario, Fundaci\u00f3n Integra da inicio a su campa\u00f1a de postulaci\u00f3n y matr\u00edcula para el a\u00f1o 2025, invitando a las familias a acercarse a los jardines infantiles para conocer sus propuestas educativas, espacios seguros y equipos comprometidos. Las postulaciones est\u00e1n abiertas hasta el 29 de noviembre a trav\u00e9s de la p\u00e1gina web\u00a0<a href=\"http:\/\/www.integra.cl\/\" data-saferedirecturl=\"https:\/\/www.google.com\/url?q=http:\/\/www.integra.cl&amp;source=gmail&amp;ust=1730311295949000&amp;usg=AOvVaw34yrFKxqNKNMVtbWhdnyzU\">www.integra.cl<\/a>.<\/p>\n<p style=\"text-align: justify;\">Las actividades de la Semana Aniversario reflejaron el compromiso de todos quienes forman parte Fundaci\u00f3n Integra con la educaci\u00f3n inclusiva, participativa y de calidad, y en la que destac\u00f3 la labor desarrollado por los equipos educativos y de las familias, quienes, junto a la comunidad, trabajan d\u00eda a d\u00eda por construir un futuro mejor para los ni\u00f1os y ni\u00f1as de la regi\u00f3n.<\/p>\n<p style=\"text-align: justify;\">Fundaci\u00f3n Integra, con 34 a\u00f1os de experiencia y m\u00e1s de 1.200 salas cuna y jardines infantiles gratuitos en todo el pa\u00eds, reitera su invitaci\u00f3n a las familias a que se acerquen a los establecimientos presentes en la regi\u00f3n y consulten por los cupos gratuitos disponibles, pudiendo ser parte de alguno de los 19 jardines infantiles y salas cuna presentes en la regi\u00f3n de Ays\u00e9n.<\/p>\n<\/div><\/section><\/div><div  style='height:50px' class='hr hr-invisible   avia-builder-el-6  el_after_av_one_full  el_before_av_social_share '><span class='hr-inner ' ><span class='hr-inner-style'><\/span><\/span><\/div><\/p>\n<div  class='av-social-sharing-box  avia-builder-el-7  el_after_av_hr  el_before_av_hr  '><div class='av-share-box'><h5 class='av-share-link-description av-no-toc '>Compartir esta noticia<\/h5><ul class='av-share-box-list noLightbox'><li class='av-share-link av-social-link-facebook' ><a target=\"_blank\" aria-label=\"Compartir en Facebook\" href='https:\/\/www.facebook.com\/sharer.php?u=https:\/\/radiorevelacionfm.cl\/?p=47538&#038;t=Fundaci%C3%B3n%20Integra%20celebr%C3%B3%20su%2034%C2%B0%20Aniversario%20con%20actividades%20en%20toda%20la%20regi%C3%B3n' aria-hidden='false' data-av_icon='\ue8f3' data-av_iconfont='entypo-fontello' title='' data-avia-related-tooltip='Compartir en Facebook' rel=\"noopener\"><span class='avia_hidden_link_text'>Compartir en Facebook<\/span><\/a><\/li><li class='av-share-link av-social-link-twitter' ><a target=\"_blank\" aria-label=\"Compartir en Twitter\" href='https:\/\/twitter.com\/share?text=Fundaci%C3%B3n%20Integra%20celebr%C3%B3%20su%2034%C2%B0%20Aniversario%20con%20actividades%20en%20toda%20la%20regi%C3%B3n&#038;url=https:\/\/radiorevelacionfm.cl\/?p=47538' aria-hidden='false' data-av_icon='\ue8f1' data-av_iconfont='entypo-fontello' title='' data-avia-related-tooltip='Compartir en Twitter' rel=\"noopener\"><span class='avia_hidden_link_text'>Compartir en Twitter<\/span><\/a><\/li><li class='av-share-link av-social-link-whatsapp' ><a target=\"_blank\" aria-label=\"Compartir en Whatsapp\" href='https:\/\/api.whatsapp.com\/send?text=https:\/\/radiorevelacionfm.cl\/?p=47538' aria-hidden='false' data-av_icon='\uf232' data-av_iconfont='entypo-fontello' title='' data-avia-related-tooltip='Compartir en Whatsapp' rel=\"noopener\"><span class='avia_hidden_link_text'>Compartir en Whatsapp<\/span><\/a><\/li><li class='av-share-link av-social-link-linkedin' ><a target=\"_blank\" aria-label=\"Compartir en LinkedIn\" href='https:\/\/linkedin.com\/shareArticle?mini=true&#038;title=Fundaci%C3%B3n%20Integra%20celebr%C3%B3%20su%2034%C2%B0%20Aniversario%20con%20actividades%20en%20toda%20la%20regi%C3%B3n&#038;url=https:\/\/radiorevelacionfm.cl\/?p=47538' aria-hidden='false' data-av_icon='\ue8fc' data-av_iconfont='entypo-fontello' title='' data-avia-related-tooltip='Compartir en LinkedIn' rel=\"noopener\"><span class='avia_hidden_link_text'>Compartir en LinkedIn<\/span><\/a><\/li><li class='av-share-link av-social-link-mail' ><a  aria-label=\"Compartir por correo\" href='mailto:?subject=Fundaci%C3%B3n%20Integra%20celebr%C3%B3%20su%2034%C2%B0%20Aniversario%20con%20actividades%20en%20toda%20la%20regi%C3%B3n&#038;body=https:\/\/radiorevelacionfm.cl\/?p=47538' aria-hidden='false' data-av_icon='\ue805' data-av_iconfont='entypo-fontello' title='' data-avia-related-tooltip='Compartir por correo'><span class='avia_hidden_link_text'>Compartir por correo<\/span><\/a><\/li><\/ul><\/div><\/div>\n<div  style='height:50px' class='hr hr-invisible   avia-builder-el-8  el_after_av_social_share  el_before_av_comments_list '><span class='hr-inner ' ><span class='hr-inner-style'><\/span><\/span><\/div>\n<div  class='av-buildercomment  av-blog-meta-html-info-disabled av-blog-meta-tag-disabled  '><\/div>\n","protected":false},"excerpt":{"rendered":"","protected":false},"author":1,"featured_media":47539,"comment_status":"open","ping_status":"open","sticky":false,"template":"","format":"standard","meta":{"footnotes":""},"categories":[49],"tags":[],"class_list":["post-47538","post","type-post","status-publish","format-standard","has-post-thumbnail","hentry","category-educacion"],"jetpack_featured_media_url":"https:\/\/radiorevelacionfm.cl\/wp-content\/uploads\/2024\/10\/4-94-1_optimized-1.jpg","_links":{"self":[{"href":"https:\/\/radiorevelacionfm.cl\/index.php?rest_route=\/wp\/v2\/posts\/47538","targetHints":{"allow":["GET"]}}],"collection":[{"href":"https:\/\/radiorevelacionfm.cl\/index.php?rest_route=\/wp\/v2\/posts"}],"about":[{"href":"https:\/\/radiorevelacionfm.cl\/index.php?rest_route=\/wp\/v2\/types\/post"}],"author":[{"embeddable":true,"href":"https:\/\/radiorevelacionfm.cl\/index.php?rest_route=\/wp\/v2\/users\/1"}],"replies":[{"embeddable":true,"href":"https:\/\/radiorevelacionfm.cl\/index.php?rest_route=%2Fwp%2Fv2%2Fcomments&post=47538"}],"version-history":[{"count":1,"href":"https:\/\/radiorevelacionfm.cl\/index.php?rest_route=\/wp\/v2\/posts\/47538\/revisions"}],"predecessor-version":[{"id":47540,"href":"https:\/\/radiorevelacionfm.cl\/index.php?rest_route=\/wp\/v2\/posts\/47538\/revisions\/47540"}],"wp:featuredmedia":[{"embeddable":true,"href":"https:\/\/radiorevelacionfm.cl\/index.php?rest_route=\/wp\/v2\/media\/47539"}],"wp:attachment":[{"href":"https:\/\/radiorevelacionfm.cl\/index.php?rest_route=%2Fwp%2Fv2%2Fmedia&parent=47538"}],"wp:term":[{"taxonomy":"category","embeddable":true,"href":"https:\/\/radiorevelacionfm.cl\/index.php?rest_route=%2Fwp%2Fv2%2Fcategories&post=47538"},{"taxonomy":"post_tag","embeddable":true,"href":"https:\/\/radiorevelacionfm.cl\/index.php?rest_route=%2Fwp%2Fv2%2Ftags&post=47538"}],"curies":[{"name":"wp","href":"https:\/\/api.w.org\/{rel}","templated":true}]}}