{"id":47533,"date":"2024-10-29T12:05:17","date_gmt":"2024-10-29T15:05:17","guid":{"rendered":"https:\/\/radiorevelacionfm.cl\/?p=47533"},"modified":"2024-10-29T12:05:17","modified_gmt":"2024-10-29T15:05:17","slug":"investigacion-aborda-transformaciones-historicas-en-el-lago-general-carrera","status":"publish","type":"post","link":"https:\/\/radiorevelacionfm.cl\/?p=47533","title":{"rendered":"Investigaci\u00f3n aborda transformaciones hist\u00f3ricas en el Lago General Carrera"},"content":{"rendered":"<div class=\"flex_column av_one_full  flex_column_div av-zero-column-padding first  avia-builder-el-0  el_before_av_one_full  avia-builder-el-first  \" style='border-radius:0px; '><div  class='avia-image-container  av-styling-    avia-builder-el-1  avia-builder-el-no-sibling  avia-align-center '  itemprop=\"image\" itemscope=\"itemscope\" itemtype=\"https:\/\/schema.org\/ImageObject\"  ><div class='avia-image-container-inner'><div class='avia-image-overlay-wrap'><img decoding=\"async\" class='wp-image-47534 avia-img-lazy-loading-not-47534 avia_image' src=\"https:\/\/radiorevelacionfm.cl\/wp-content\/uploads\/2024\/10\/dsc_1796_chica-1_optimized-1.jpg\" alt='' title='dsc_1796_chica-(1)_optimized (1)' height=\"600\" width=\"906\"  itemprop=\"thumbnailUrl\" srcset=\"https:\/\/radiorevelacionfm.cl\/wp-content\/uploads\/2024\/10\/dsc_1796_chica-1_optimized-1.jpg 906w, https:\/\/radiorevelacionfm.cl\/wp-content\/uploads\/2024\/10\/dsc_1796_chica-1_optimized-1-300x199.jpg 300w, https:\/\/radiorevelacionfm.cl\/wp-content\/uploads\/2024\/10\/dsc_1796_chica-1_optimized-1-768x509.jpg 768w, https:\/\/radiorevelacionfm.cl\/wp-content\/uploads\/2024\/10\/dsc_1796_chica-1_optimized-1-705x467.jpg 705w, https:\/\/radiorevelacionfm.cl\/wp-content\/uploads\/2024\/10\/dsc_1796_chica-1_optimized-1-450x298.jpg 450w, https:\/\/radiorevelacionfm.cl\/wp-content\/uploads\/2024\/10\/dsc_1796_chica-1_optimized-1-600x397.jpg 600w\" sizes=\"(max-width: 906px) 100vw, 906px\" \/><\/div><\/div><\/div><\/div><div class=\"flex_column av_one_full  flex_column_div av-zero-column-padding first  avia-builder-el-2  el_after_av_one_full  el_before_av_one_full  column-top-margin\" style='border-radius:0px; '><section class=\"av_textblock_section \"  itemscope=\"itemscope\" itemtype=\"https:\/\/schema.org\/BlogPosting\" itemprop=\"blogPost\" ><div class='avia_textblock  '   itemprop=\"text\" ><p style=\"text-align: center;\"><span style=\"font-size: 18pt;\"><b>Investigaci\u00f3n aborda transformaciones hist\u00f3ricas en el Lago General Carrera\u00a0<\/b><\/span><\/p>\n<div id=\"gtx-trans\" style=\"position: absolute; left: -50px; top: 4.31534px;\">\n<div class=\"gtx-trans-icon\"><\/div>\n<\/div>\n<\/div><\/section><\/div><div class=\"flex_column av_one_full  flex_column_div av-zero-column-padding first  avia-builder-el-4  el_after_av_one_full  el_before_av_hr  column-top-margin\" style='border-radius:0px; '><section class=\"av_textblock_section \"  itemscope=\"itemscope\" itemtype=\"https:\/\/schema.org\/BlogPosting\" itemprop=\"blogPost\" ><div class='avia_textblock  '   itemprop=\"text\" ><p style=\"text-align: justify;\"><em>Un estudio arqueol\u00f3gico del CIEP examina la transformaci\u00f3n social y cultural en la cuenca del Lago General Carrera, impulsada por el desarrollo industrial y minero desde la d\u00e9cada de 1940.\u00a0<\/em><\/p>\n<p style=\"text-align: justify;\">Un equipo del Centro de Investigaci\u00f3n en Ecosistemas de la Patagonia (CIEP), liderado por la Dra. Javiera Letelier Cosmelli y co-dirigido por la Dra. Amalia Nuevo Delaunay, est\u00e1n llevando a cabo un estudio arqueol\u00f3gico en la cuenca del Lago General Carrera . Este proyecto se enfoca en la transformaci\u00f3n social y cultural de la regi\u00f3n, resultado del desarrollo industrial y minero, abarcando un periodo que va desde la d\u00e9cada de 1940 hasta la actualidad.<\/p>\n<p style=\"text-align: justify;\">El estudio, titulado \u00abDesarrollo industrial y miner\u00eda en el Lago General Carrera: Transformaci\u00f3n social desde una perspectiva de la Arqueolog\u00eda Industrial (1930-1990)\u00bb, tiene como principal objetivo documentar las evidencias materiales asociadas a este proceso hist\u00f3rico, con el fin de proporcionar una comprensi\u00f3n integral de la historia industrial de la regi\u00f3n. En particular, se destaca el impacto que la miner\u00eda ha tenido en el paisaje local y en las comunidades que han habitado la zona durante d\u00e9cadas. Adicionalmente, la Dra. Amalia Nuevo Delaunay est\u00e1 liderando el estudio titulado \u00abInvestigacion paisaje arqueol\u00f3gico rural de Ays\u00e9n entre los siglos XVIII a XX\u00bb, financiado por el Gobierno Regional de Ays\u00e9n y su Consejo, el cu\u00e1l\u00a0 ha complementado el proyecto antes mencionado, trabajando colaborativamente.<\/p>\n<p style=\"text-align: justify;\">Hasta la fecha, los historiadores regionales han profundizado en los registros hist\u00f3ricos de estos procesos. Sin embargo, el enfoque desde la arqueolog\u00eda ha sido escaso. En respuesta a esto, el equipo de investigaci\u00f3n busca sistematizar y catalogar los sitios hist\u00f3ricos relacionados con la miner\u00eda, identificando sus caracter\u00edsticas materiales, su estado de preservaci\u00f3n, as\u00ed como los antecedentes hist\u00f3ricos y sociales asociados a ellos.<\/p>\n<p style=\"text-align: justify;\">Durante las d\u00e9cadas de 1950 a 1980, la miner\u00eda se consolid\u00f3 como una de las principales actividades industriales en la cuenca del Lago General Carrera, complementando a la industria ganadera de la regi\u00f3n. Este desarrollo impuls\u00f3 la creaci\u00f3n de nuevos centros poblados, tanto vinculados a las actividades mineras como al crecimiento de asentamientos relacionados con el transporte y el comercio. Estos cambios trajeron consigo m\u00faltiples impactos a nivel local, afectando tanto a las comunidades como al entorno natural.<\/p>\n<p style=\"text-align: justify;\">Desde el punto de vista arqueol\u00f3gico, este periodo tambi\u00e9n signific\u00f3 la introducci\u00f3n de nuevos materiales y el desarrollo de una arquitectura industrial que combinaba recursos locales con otros tra\u00eddos espec\u00edficamente para la explotaci\u00f3n minera. Seg\u00fan la Dra. Letelier, directora del proyecto, estos procesos fueron los motores de importantes cambios sociales en la regi\u00f3n. \u00abAdem\u00e1s de las condiciones laborales y de salud que enfrentaban los trabajadores mineros, el traslado de familias completas a estos asentamientos contribuy\u00f3 al desarrollo de una cultura y tradiciones vinculadas a los espacios de trabajo minero\u00bb.<\/p>\n<p style=\"text-align: justify;\">La miner\u00eda tambi\u00e9n gener\u00f3 altos niveles de contaminaci\u00f3n en la cuenca, lo que provoc\u00f3 graves problemas de salud entre los trabajadores y las comunidades, como enfermedades respiratorias derivadas de la inhalaci\u00f3n de part\u00edculas de sedimentos. \u00abEstos efectos, tanto sociales como ambientales, son esenciales para comprender las din\u00e1micas laborales y las condiciones de vida que definieron a la poblaci\u00f3n industrial de la \u00e9poca\u00bb, a\u00f1ade Javier Letelier.<\/p>\n<p style=\"text-align: justify;\">El equipo de investigaci\u00f3n, que incluye a Dafna Goldschmidt, Constanza Roa y Mariana Chac\u00f3n, ha realizado trabajo de campo en sitios como Mina Escondida en Puerto Guadal y Puerto S\u00e1nchez, utilizando tecnolog\u00edas de vanguardia, como los escaneos 3D, para documentar estructuras y otras evidencias materiales.<\/p>\n<p style=\"text-align: justify;\">La informaci\u00f3n recabada hasta el momento es fundamental para el desarrollo de futuras acciones en torno a la conservaci\u00f3n y la patrimonializaci\u00f3n de los asentamientos mineros de la zona. Adem\u00e1s, como parte del proyecto, se publicar\u00e1 el libro \u00abCuadernos de Campo. Arqueolog\u00eda Industrial de la Miner\u00eda en el Lago General Carrera-Buenos Aires\u00bb, editado por Javiera Letelier, Rafael Labarca, Sim\u00f3n Sierralta y Sim\u00f3n Urbina. Esta publicaci\u00f3n ser\u00e1 un recurso clave para la difusi\u00f3n y preservaci\u00f3n de la memoria hist\u00f3rica de la regi\u00f3n.<\/p>\n<p style=\"text-align: justify;\">Este proyecto semilla cuenta con la colaboraci\u00f3n de la Corporaci\u00f3n Memoria Austral y es parte del Proyecto PATSER (financiado por ANID), liderado por el CIEP, el cual, entre sus objetivos, busca\u00a0 estudiar y resguardar el patrimonio hist\u00f3rico-industrial de la Patagonia.<\/p>\n<\/div><\/section><\/div><div  style='height:50px' class='hr hr-invisible   avia-builder-el-6  el_after_av_one_full  el_before_av_social_share '><span class='hr-inner ' ><span class='hr-inner-style'><\/span><\/span><\/div><\/p>\n<div  class='av-social-sharing-box  avia-builder-el-7  el_after_av_hr  el_before_av_hr  '><div class='av-share-box'><h5 class='av-share-link-description av-no-toc '>Compartir esta noticia<\/h5><ul class='av-share-box-list noLightbox'><li class='av-share-link av-social-link-facebook' ><a target=\"_blank\" aria-label=\"Compartir en Facebook\" href='https:\/\/www.facebook.com\/sharer.php?u=https:\/\/radiorevelacionfm.cl\/?p=47533&#038;t=Investigaci%C3%B3n%20aborda%20transformaciones%20hist%C3%B3ricas%20en%20el%20Lago%20General%20Carrera' aria-hidden='false' data-av_icon='\ue8f3' data-av_iconfont='entypo-fontello' title='' data-avia-related-tooltip='Compartir en Facebook' rel=\"noopener\"><span class='avia_hidden_link_text'>Compartir en Facebook<\/span><\/a><\/li><li class='av-share-link av-social-link-twitter' ><a target=\"_blank\" aria-label=\"Compartir en Twitter\" href='https:\/\/twitter.com\/share?text=Investigaci%C3%B3n%20aborda%20transformaciones%20hist%C3%B3ricas%20en%20el%20Lago%20General%20Carrera&#038;url=https:\/\/radiorevelacionfm.cl\/?p=47533' aria-hidden='false' data-av_icon='\ue8f1' data-av_iconfont='entypo-fontello' title='' data-avia-related-tooltip='Compartir en Twitter' rel=\"noopener\"><span class='avia_hidden_link_text'>Compartir en Twitter<\/span><\/a><\/li><li class='av-share-link av-social-link-whatsapp' ><a target=\"_blank\" aria-label=\"Compartir en Whatsapp\" href='https:\/\/api.whatsapp.com\/send?text=https:\/\/radiorevelacionfm.cl\/?p=47533' aria-hidden='false' data-av_icon='\uf232' data-av_iconfont='entypo-fontello' title='' data-avia-related-tooltip='Compartir en Whatsapp' rel=\"noopener\"><span class='avia_hidden_link_text'>Compartir en Whatsapp<\/span><\/a><\/li><li class='av-share-link av-social-link-linkedin' ><a target=\"_blank\" aria-label=\"Compartir en LinkedIn\" href='https:\/\/linkedin.com\/shareArticle?mini=true&#038;title=Investigaci%C3%B3n%20aborda%20transformaciones%20hist%C3%B3ricas%20en%20el%20Lago%20General%20Carrera&#038;url=https:\/\/radiorevelacionfm.cl\/?p=47533' aria-hidden='false' data-av_icon='\ue8fc' data-av_iconfont='entypo-fontello' title='' data-avia-related-tooltip='Compartir en LinkedIn' rel=\"noopener\"><span class='avia_hidden_link_text'>Compartir en LinkedIn<\/span><\/a><\/li><li class='av-share-link av-social-link-mail' ><a  aria-label=\"Compartir por correo\" href='mailto:?subject=Investigaci%C3%B3n%20aborda%20transformaciones%20hist%C3%B3ricas%20en%20el%20Lago%20General%20Carrera&#038;body=https:\/\/radiorevelacionfm.cl\/?p=47533' aria-hidden='false' data-av_icon='\ue805' data-av_iconfont='entypo-fontello' title='' data-avia-related-tooltip='Compartir por correo'><span class='avia_hidden_link_text'>Compartir por correo<\/span><\/a><\/li><\/ul><\/div><\/div>\n<div  style='height:50px' class='hr hr-invisible   avia-builder-el-8  el_after_av_social_share  el_before_av_comments_list '><span class='hr-inner ' ><span class='hr-inner-style'><\/span><\/span><\/div>\n<div  class='av-buildercomment  av-blog-meta-html-info-disabled av-blog-meta-tag-disabled  '><\/div>\n","protected":false},"excerpt":{"rendered":"","protected":false},"author":1,"featured_media":47534,"comment_status":"open","ping_status":"open","sticky":false,"template":"","format":"standard","meta":{"footnotes":""},"categories":[38],"tags":[],"class_list":["post-47533","post","type-post","status-publish","format-standard","has-post-thumbnail","hentry","category-regional"],"jetpack_featured_media_url":"https:\/\/radiorevelacionfm.cl\/wp-content\/uploads\/2024\/10\/dsc_1796_chica-1_optimized-1.jpg","_links":{"self":[{"href":"https:\/\/radiorevelacionfm.cl\/index.php?rest_route=\/wp\/v2\/posts\/47533","targetHints":{"allow":["GET"]}}],"collection":[{"href":"https:\/\/radiorevelacionfm.cl\/index.php?rest_route=\/wp\/v2\/posts"}],"about":[{"href":"https:\/\/radiorevelacionfm.cl\/index.php?rest_route=\/wp\/v2\/types\/post"}],"author":[{"embeddable":true,"href":"https:\/\/radiorevelacionfm.cl\/index.php?rest_route=\/wp\/v2\/users\/1"}],"replies":[{"embeddable":true,"href":"https:\/\/radiorevelacionfm.cl\/index.php?rest_route=%2Fwp%2Fv2%2Fcomments&post=47533"}],"version-history":[{"count":1,"href":"https:\/\/radiorevelacionfm.cl\/index.php?rest_route=\/wp\/v2\/posts\/47533\/revisions"}],"predecessor-version":[{"id":47535,"href":"https:\/\/radiorevelacionfm.cl\/index.php?rest_route=\/wp\/v2\/posts\/47533\/revisions\/47535"}],"wp:featuredmedia":[{"embeddable":true,"href":"https:\/\/radiorevelacionfm.cl\/index.php?rest_route=\/wp\/v2\/media\/47534"}],"wp:attachment":[{"href":"https:\/\/radiorevelacionfm.cl\/index.php?rest_route=%2Fwp%2Fv2%2Fmedia&parent=47533"}],"wp:term":[{"taxonomy":"category","embeddable":true,"href":"https:\/\/radiorevelacionfm.cl\/index.php?rest_route=%2Fwp%2Fv2%2Fcategories&post=47533"},{"taxonomy":"post_tag","embeddable":true,"href":"https:\/\/radiorevelacionfm.cl\/index.php?rest_route=%2Fwp%2Fv2%2Ftags&post=47533"}],"curies":[{"name":"wp","href":"https:\/\/api.w.org\/{rel}","templated":true}]}}