{"id":47520,"date":"2024-10-29T11:15:29","date_gmt":"2024-10-29T14:15:29","guid":{"rendered":"https:\/\/radiorevelacionfm.cl\/?p=47520"},"modified":"2024-10-29T11:15:29","modified_gmt":"2024-10-29T14:15:29","slug":"ultimo-llamado-para-postular-a-servicio-pais-este-31-de-octubre-cierran-las-postulaciones","status":"publish","type":"post","link":"https:\/\/radiorevelacionfm.cl\/?p=47520","title":{"rendered":"\u00daltimo llamado para postular a Servicio Pa\u00eds: este 31 de octubre cierran las postulaciones"},"content":{"rendered":"<div class=\"flex_column av_one_full  flex_column_div av-zero-column-padding first  avia-builder-el-0  el_before_av_one_full  avia-builder-el-first  \" style='border-radius:0px; '><div  class='avia-image-container  av-styling-    avia-builder-el-1  avia-builder-el-no-sibling  avia-align-center '  itemprop=\"image\" itemscope=\"itemscope\" itemtype=\"https:\/\/schema.org\/ImageObject\"  ><div class='avia-image-container-inner'><div class='avia-image-overlay-wrap'><img decoding=\"async\" class='wp-image-47521 avia-img-lazy-loading-not-47521 avia_image' src=\"https:\/\/radiorevelacionfm.cl\/wp-content\/uploads\/2024\/10\/Captura-de-Pantalla-2024-09-27-a-las-14.18.18-1-1.jpg\" alt='' title='Captura de Pantalla 2024-09-27 a la(s) 14.18.18 (1) (1)' height=\"600\" width=\"1070\"  itemprop=\"thumbnailUrl\" srcset=\"https:\/\/radiorevelacionfm.cl\/wp-content\/uploads\/2024\/10\/Captura-de-Pantalla-2024-09-27-a-las-14.18.18-1-1.jpg 1070w, https:\/\/radiorevelacionfm.cl\/wp-content\/uploads\/2024\/10\/Captura-de-Pantalla-2024-09-27-a-las-14.18.18-1-1-300x168.jpg 300w, https:\/\/radiorevelacionfm.cl\/wp-content\/uploads\/2024\/10\/Captura-de-Pantalla-2024-09-27-a-las-14.18.18-1-1-1030x578.jpg 1030w, https:\/\/radiorevelacionfm.cl\/wp-content\/uploads\/2024\/10\/Captura-de-Pantalla-2024-09-27-a-las-14.18.18-1-1-768x431.jpg 768w, https:\/\/radiorevelacionfm.cl\/wp-content\/uploads\/2024\/10\/Captura-de-Pantalla-2024-09-27-a-las-14.18.18-1-1-705x395.jpg 705w, https:\/\/radiorevelacionfm.cl\/wp-content\/uploads\/2024\/10\/Captura-de-Pantalla-2024-09-27-a-las-14.18.18-1-1-450x252.jpg 450w, https:\/\/radiorevelacionfm.cl\/wp-content\/uploads\/2024\/10\/Captura-de-Pantalla-2024-09-27-a-las-14.18.18-1-1-600x336.jpg 600w\" sizes=\"(max-width: 1070px) 100vw, 1070px\" \/><\/div><\/div><\/div><\/div><div class=\"flex_column av_one_full  flex_column_div av-zero-column-padding first  avia-builder-el-2  el_after_av_one_full  el_before_av_one_full  column-top-margin\" style='border-radius:0px; '><section class=\"av_textblock_section \"  itemscope=\"itemscope\" itemtype=\"https:\/\/schema.org\/BlogPosting\" itemprop=\"blogPost\" ><div class='avia_textblock  '   itemprop=\"text\" ><p dir=\"ltr\" style=\"text-align: center;\"><span style=\"font-family: arial, sans-serif; font-size: 18pt;\"><b>\u00daltimo\u00a0llamado\u00a0para postular a Servicio Pa\u00eds: este 31 de octubre cierran las postulaciones<\/b><\/span><\/p>\n<div id=\"gtx-trans\" style=\"position: absolute; left: -50px; top: 4.31534px;\">\n<div class=\"gtx-trans-icon\"><\/div>\n<\/div>\n<\/div><\/section><\/div><div class=\"flex_column av_one_full  flex_column_div av-zero-column-padding first  avia-builder-el-4  el_after_av_one_full  el_before_av_hr  column-top-margin\" style='border-radius:0px; '><section class=\"av_textblock_section \"  itemscope=\"itemscope\" itemtype=\"https:\/\/schema.org\/BlogPosting\" itemprop=\"blogPost\" ><div class='avia_textblock  '   itemprop=\"text\" ><p style=\"text-align: justify;\"><em>M\u00e1s de 1.500 postulaciones de profesionales y t\u00e9cnicos ha recibido la Fundaci\u00f3n Superaci\u00f3n de la Pobreza para sumarse al programa Servicio Pa\u00eds, que busca descentralizar y poner en marcha proyectos que apuntan a mejorar la calidad de vida de cientos de personas a lo largo de Chile.<\/em><\/p>\n<p style=\"text-align: justify;\">Hasta el 31 de octubre estar\u00e1n abiertas las postulaciones a SERVICIO PA\u00cdS, que ofrece a profesionales y t\u00e9cnicos de diversas disciplinas, la oportunidad de sumarse al desarrollo de localidades con alto \u00edndice de vulnerabilidad y aislamiento de todas las regiones. La invitaci\u00f3n es a trasladarse por un a\u00f1o a territorios donde podr\u00e1n poner a disposici\u00f3n de la comunidad sus conocimientos, para que en conjunto levanten proyectos e iniciativas que entregan herramientas y soluciones a diferentes problem\u00e1ticas que enfrentan las comunidades. Las \u00e1reas en que se desempe\u00f1an son muy variadas, y se relacionan por ejemplo con escasez h\u00eddrica, educaci\u00f3n, medio ambiente, turismo, desarrollo econ\u00f3mico local, cultura, vivienda, brecha digital, entre otros.<\/p>\n<p style=\"text-align: justify;\">Esta iniciativa exige alto compromiso social y excelencia profesional, y cuenta con un aporte mensual que permite costear los gastos personales. Pueden postular profesionales de todas las \u00e1reas, ya que los proyectos que se levantan son muy diferentes a lo largo de Chile. Algunas de las carreras profesionales m\u00e1s requeridas son relacionadas a la construcci\u00f3n, como arquitectura y construcci\u00f3n civil, tambi\u00e9n algunas ingenier\u00edas como comercial, en recursos naturales o h\u00eddricos y ambientales; y del \u00e1rea de las comunicaciones como periodismo y dise\u00f1o.<\/p>\n<p style=\"text-align: justify;\">Catalina Littin, directora ejecutiva de la Fundaci\u00f3n comenta que \u201cestamos muy contentos con los resultados que este programa ha tenido en sus 29 a\u00f1os de existencia. Nuestra juventud demuestra un alto inter\u00e9s por participar en iniciativas como estas, que aporten al desarrollo de nuestro pa\u00eds, y eso nos impulsa a seguir desarrollando nuestro quehacer junto a 100 municipios de todo el pa\u00eds.\u201d<\/p>\n<p style=\"text-align: justify;\">El llamado de este a\u00f1o es \u00a1Atr\u00e9vete a cambiar tu vida, cambiando la de otros! y las postulaciones se deben realizar en <a href=\"http:\/\/www.serviciopais.cl\">www.serviciopais.cl<\/a>, donde adem\u00e1s de los datos personales piden una carta de motivaci\u00f3n.<\/p>\n<\/div><\/section><\/div><div  style='height:50px' class='hr hr-invisible   avia-builder-el-6  el_after_av_one_full  el_before_av_social_share '><span class='hr-inner ' ><span class='hr-inner-style'><\/span><\/span><\/div><\/p>\n<div  class='av-social-sharing-box  avia-builder-el-7  el_after_av_hr  el_before_av_hr  '><div class='av-share-box'><h5 class='av-share-link-description av-no-toc '>Compartir esta noticia<\/h5><ul class='av-share-box-list noLightbox'><li class='av-share-link av-social-link-facebook' ><a target=\"_blank\" aria-label=\"Compartir en Facebook\" href='https:\/\/www.facebook.com\/sharer.php?u=https:\/\/radiorevelacionfm.cl\/?p=47520&#038;t=%C3%9Altimo%20llamado%20para%20postular%20a%20Servicio%20Pa%C3%ADs%3A%20este%2031%20de%20octubre%20cierran%20las%20postulaciones' aria-hidden='false' data-av_icon='\ue8f3' data-av_iconfont='entypo-fontello' title='' data-avia-related-tooltip='Compartir en Facebook' rel=\"noopener\"><span class='avia_hidden_link_text'>Compartir en Facebook<\/span><\/a><\/li><li class='av-share-link av-social-link-twitter' ><a target=\"_blank\" aria-label=\"Compartir en Twitter\" href='https:\/\/twitter.com\/share?text=%C3%9Altimo%20llamado%20para%20postular%20a%20Servicio%20Pa%C3%ADs%3A%20este%2031%20de%20octubre%20cierran%20las%20postulaciones&#038;url=https:\/\/radiorevelacionfm.cl\/?p=47520' aria-hidden='false' data-av_icon='\ue8f1' data-av_iconfont='entypo-fontello' title='' data-avia-related-tooltip='Compartir en Twitter' rel=\"noopener\"><span class='avia_hidden_link_text'>Compartir en Twitter<\/span><\/a><\/li><li class='av-share-link av-social-link-whatsapp' ><a target=\"_blank\" aria-label=\"Compartir en Whatsapp\" href='https:\/\/api.whatsapp.com\/send?text=https:\/\/radiorevelacionfm.cl\/?p=47520' aria-hidden='false' data-av_icon='\uf232' data-av_iconfont='entypo-fontello' title='' data-avia-related-tooltip='Compartir en Whatsapp' rel=\"noopener\"><span class='avia_hidden_link_text'>Compartir en Whatsapp<\/span><\/a><\/li><li class='av-share-link av-social-link-linkedin' ><a target=\"_blank\" aria-label=\"Compartir en LinkedIn\" href='https:\/\/linkedin.com\/shareArticle?mini=true&#038;title=%C3%9Altimo%20llamado%20para%20postular%20a%20Servicio%20Pa%C3%ADs%3A%20este%2031%20de%20octubre%20cierran%20las%20postulaciones&#038;url=https:\/\/radiorevelacionfm.cl\/?p=47520' aria-hidden='false' data-av_icon='\ue8fc' data-av_iconfont='entypo-fontello' title='' data-avia-related-tooltip='Compartir en LinkedIn' rel=\"noopener\"><span class='avia_hidden_link_text'>Compartir en LinkedIn<\/span><\/a><\/li><li class='av-share-link av-social-link-mail' ><a  aria-label=\"Compartir por correo\" href='mailto:?subject=%C3%9Altimo%20llamado%20para%20postular%20a%20Servicio%20Pa%C3%ADs%3A%20este%2031%20de%20octubre%20cierran%20las%20postulaciones&#038;body=https:\/\/radiorevelacionfm.cl\/?p=47520' aria-hidden='false' data-av_icon='\ue805' data-av_iconfont='entypo-fontello' title='' data-avia-related-tooltip='Compartir por correo'><span class='avia_hidden_link_text'>Compartir por correo<\/span><\/a><\/li><\/ul><\/div><\/div>\n<div  style='height:50px' class='hr hr-invisible   avia-builder-el-8  el_after_av_social_share  el_before_av_comments_list '><span class='hr-inner ' ><span class='hr-inner-style'><\/span><\/span><\/div>\n<div  class='av-buildercomment  av-blog-meta-html-info-disabled av-blog-meta-tag-disabled  '><\/div>\n","protected":false},"excerpt":{"rendered":"","protected":false},"author":1,"featured_media":47521,"comment_status":"open","ping_status":"open","sticky":false,"template":"","format":"standard","meta":{"footnotes":""},"categories":[61],"tags":[],"class_list":["post-47520","post","type-post","status-publish","format-standard","has-post-thumbnail","hentry","category-nacional"],"jetpack_featured_media_url":"https:\/\/radiorevelacionfm.cl\/wp-content\/uploads\/2024\/10\/Captura-de-Pantalla-2024-09-27-a-las-14.18.18-1-1.jpg","_links":{"self":[{"href":"https:\/\/radiorevelacionfm.cl\/index.php?rest_route=\/wp\/v2\/posts\/47520","targetHints":{"allow":["GET"]}}],"collection":[{"href":"https:\/\/radiorevelacionfm.cl\/index.php?rest_route=\/wp\/v2\/posts"}],"about":[{"href":"https:\/\/radiorevelacionfm.cl\/index.php?rest_route=\/wp\/v2\/types\/post"}],"author":[{"embeddable":true,"href":"https:\/\/radiorevelacionfm.cl\/index.php?rest_route=\/wp\/v2\/users\/1"}],"replies":[{"embeddable":true,"href":"https:\/\/radiorevelacionfm.cl\/index.php?rest_route=%2Fwp%2Fv2%2Fcomments&post=47520"}],"version-history":[{"count":1,"href":"https:\/\/radiorevelacionfm.cl\/index.php?rest_route=\/wp\/v2\/posts\/47520\/revisions"}],"predecessor-version":[{"id":47522,"href":"https:\/\/radiorevelacionfm.cl\/index.php?rest_route=\/wp\/v2\/posts\/47520\/revisions\/47522"}],"wp:featuredmedia":[{"embeddable":true,"href":"https:\/\/radiorevelacionfm.cl\/index.php?rest_route=\/wp\/v2\/media\/47521"}],"wp:attachment":[{"href":"https:\/\/radiorevelacionfm.cl\/index.php?rest_route=%2Fwp%2Fv2%2Fmedia&parent=47520"}],"wp:term":[{"taxonomy":"category","embeddable":true,"href":"https:\/\/radiorevelacionfm.cl\/index.php?rest_route=%2Fwp%2Fv2%2Fcategories&post=47520"},{"taxonomy":"post_tag","embeddable":true,"href":"https:\/\/radiorevelacionfm.cl\/index.php?rest_route=%2Fwp%2Fv2%2Ftags&post=47520"}],"curies":[{"name":"wp","href":"https:\/\/api.w.org\/{rel}","templated":true}]}}