{"id":47516,"date":"2024-10-29T09:45:57","date_gmt":"2024-10-29T12:45:57","guid":{"rendered":"https:\/\/radiorevelacionfm.cl\/?p=47516"},"modified":"2024-10-29T09:45:57","modified_gmt":"2024-10-29T12:45:57","slug":"lago-verde-se-prepara-para-recibir-a-su-primera-alcaldesa-electa-democraticamente","status":"publish","type":"post","link":"https:\/\/radiorevelacionfm.cl\/?p=47516","title":{"rendered":"Lago Verde se prepara para recibir a su primera alcaldesa electa democr\u00e1ticamente"},"content":{"rendered":"<div class=\"flex_column av_one_full  flex_column_div av-zero-column-padding first  avia-builder-el-0  el_before_av_one_full  avia-builder-el-first  \" style='border-radius:0px; '><div  class='avia-image-container  av-styling-    avia-builder-el-1  avia-builder-el-no-sibling  avia-align-center '  itemprop=\"image\" itemscope=\"itemscope\" itemtype=\"https:\/\/schema.org\/ImageObject\"  ><div class='avia-image-container-inner'><div class='avia-image-overlay-wrap'><img decoding=\"async\" class='wp-image-47518 avia-img-lazy-loading-not-47518 avia_image' src=\"https:\/\/radiorevelacionfm.cl\/wp-content\/uploads\/2024\/10\/Claudia-3-1-1.jpg\" alt='' title='Claudia 3 (1) (1)' height=\"614\" width=\"802\"  itemprop=\"thumbnailUrl\" srcset=\"https:\/\/radiorevelacionfm.cl\/wp-content\/uploads\/2024\/10\/Claudia-3-1-1.jpg 802w, https:\/\/radiorevelacionfm.cl\/wp-content\/uploads\/2024\/10\/Claudia-3-1-1-300x230.jpg 300w, https:\/\/radiorevelacionfm.cl\/wp-content\/uploads\/2024\/10\/Claudia-3-1-1-768x588.jpg 768w, https:\/\/radiorevelacionfm.cl\/wp-content\/uploads\/2024\/10\/Claudia-3-1-1-705x540.jpg 705w, https:\/\/radiorevelacionfm.cl\/wp-content\/uploads\/2024\/10\/Claudia-3-1-1-450x345.jpg 450w, https:\/\/radiorevelacionfm.cl\/wp-content\/uploads\/2024\/10\/Claudia-3-1-1-600x459.jpg 600w\" sizes=\"(max-width: 802px) 100vw, 802px\" \/><\/div><\/div><\/div><\/div><div class=\"flex_column av_one_full  flex_column_div av-zero-column-padding first  avia-builder-el-2  el_after_av_one_full  el_before_av_one_full  column-top-margin\" style='border-radius:0px; '><section class=\"av_textblock_section \"  itemscope=\"itemscope\" itemtype=\"https:\/\/schema.org\/BlogPosting\" itemprop=\"blogPost\" ><div class='avia_textblock  '   itemprop=\"text\" ><p style=\"text-align: center;\"><strong><span style=\"font-size: 18pt;\">Lago Verde se prepara para recibir a su primera alcaldesa electa democr\u00e1ticamente<\/span><\/strong><\/p>\n<div id=\"gtx-trans\" style=\"position: absolute; left: -50px; top: 4.31534px;\">\n<div class=\"gtx-trans-icon\"><\/div>\n<\/div>\n<\/div><\/section><\/div><div class=\"flex_column av_one_full  flex_column_div av-zero-column-padding first  avia-builder-el-4  el_after_av_one_full  el_before_av_hr  column-top-margin\" style='border-radius:0px; '><section class=\"av_textblock_section \"  itemscope=\"itemscope\" itemtype=\"https:\/\/schema.org\/BlogPosting\" itemprop=\"blogPost\" ><div class='avia_textblock  '   itemprop=\"text\" ><p style=\"text-align: justify;\">La comuna de Lago Verde se encuentra en un momento hist\u00f3rico al anunciar que el pr\u00f3ximo 6 de diciembre asumir\u00e1 su cargo Claudia Vald\u00e9s V\u00e1squez, quien se convertir\u00e1 en la primera alcaldesa electa democr\u00e1ticamente y es oriunda de esta localidad. Con un total de 506 votos, Claudia alcanz\u00f3 el 51,01% del total de sufragios, logrando un triunfo rotundo que refleja el descontento de la comunidad con la administraci\u00f3n anterior de Nelson Opazo, quien ocup\u00f3 el cargo durante 12 a\u00f1os en tres per\u00edodos, sin que se evidenciaran avances significativos para los habitantes de la localidad.<\/p>\n<p style=\"text-align: justify;\">La comuna de Lago Verde abarca tres localidades: Lago Verde, Villa Amengual y Villa La Tapera. Claudia, hija de Arsenio Vald\u00e9s Guti\u00e9rrez, quien fue un destacado alcalde de Lago Verde y Puerto Cisnes, y de Eduvina V\u00e1squez, concejala en dos per\u00edodos por la comuna, est\u00e1 decidida a trabajar por el bienestar de todos sus habitantes.<\/p>\n<p style=\"text-align: justify;\">En su discurso, Claudia expres\u00f3: \u00abEstoy muy emocionada, fueron muchos nervios durante todo el d\u00eda. Agradezco a mi familia por su apoyo, pero en especial a todos ustedes, queridos vecinos y vecinas. Este triunfo no es solo m\u00edo, es de todos nosotros. Mi compromiso es trabajar para todos y todas, sin hacer distinci\u00f3n por colores pol\u00edticos o de ning\u00fan tipo. Lo importante es que volvamos a estar unidos como comunidad y volvamos a crecer\u00bb.<\/p>\n<p style=\"text-align: justify;\">Graciela C\u00e1rdenas, presidenta del Servicio de Agua Potable; Leandra Provoste, operadora tur\u00edstica de Lago Verde; Elia Carrera Loaiza, educadora de lenguas aut\u00f3ctonas en la Escuela Jos\u00e9 Miguel Carrera; Julio Vald\u00e9s y Luis Soto, familias pioneras de la comuna; Yanet Provoste, concejal en ejercicio; y Gast\u00f3n Guerrero, emprendedor local, se sumaron a las palabras de Claudia Vald\u00e9s, alcaldesa electa, para agradecer su compromiso con la comuna. Los j\u00f3venes Josefina Loncochino y Le\u00f3n Provoste tambi\u00e9n expresaron su deseo de que, en su administraci\u00f3n, las localidades de la comuna vuelvan a crecer no solo materialmente, sino tambi\u00e9n en fraternidad.<\/p>\n<p style=\"text-align: justify;\">Estos l\u00edderes comunitarios se\u00f1alaron que es momento de dejar atr\u00e1s el individualismo que actualmente existe y comenzar a vivir en comunidad, ofreciendo su apoyo absoluto a Claudia y asegurando que siempre estar\u00e1n dispuestos a colaborar en lo que necesite la pr\u00f3xima alcaldesa.<\/p>\n<p style=\"text-align: justify;\">La comunidad est\u00e1 invitada a asistir a la ceremonia de cambio de administraci\u00f3n municipal \u00a0el 6 de diciembre 2024 en la que asumir\u00e1 su cargo la nueva Alcaldesa electa, Claudia Vald\u00e9s V\u00e1squez, la presencia de cada uno de los vecinos y vecinas, es muy importante ya que se dar\u00e1 la bienvenida a esta nueva etapa de liderazgo y compromiso con la comuna de Lago Verde.<\/p>\n<p style=\"text-align: justify;\">Con este paso hist\u00f3rico, Lago Verde se posicionar\u00e1 como un ejemplo de inclusi\u00f3n y democracia, abriendo la puerta a nuevas oportunidades para todos sus habitantes.<\/p>\n<\/div><\/section><\/div><div  style='height:50px' class='hr hr-invisible   avia-builder-el-6  el_after_av_one_full  el_before_av_social_share '><span class='hr-inner ' ><span class='hr-inner-style'><\/span><\/span><\/div><\/p>\n<div  class='av-social-sharing-box  avia-builder-el-7  el_after_av_hr  el_before_av_hr  '><div class='av-share-box'><h5 class='av-share-link-description av-no-toc '>Compartir esta noticia<\/h5><ul class='av-share-box-list noLightbox'><li class='av-share-link av-social-link-facebook' ><a target=\"_blank\" aria-label=\"Compartir en Facebook\" href='https:\/\/www.facebook.com\/sharer.php?u=https:\/\/radiorevelacionfm.cl\/?p=47516&#038;t=Lago%20Verde%20se%20prepara%20para%20recibir%20a%20su%20primera%20alcaldesa%20electa%20democr%C3%A1ticamente' aria-hidden='false' data-av_icon='\ue8f3' data-av_iconfont='entypo-fontello' title='' data-avia-related-tooltip='Compartir en Facebook' rel=\"noopener\"><span class='avia_hidden_link_text'>Compartir en Facebook<\/span><\/a><\/li><li class='av-share-link av-social-link-twitter' ><a target=\"_blank\" aria-label=\"Compartir en Twitter\" href='https:\/\/twitter.com\/share?text=Lago%20Verde%20se%20prepara%20para%20recibir%20a%20su%20primera%20alcaldesa%20electa%20democr%C3%A1ticamente&#038;url=https:\/\/radiorevelacionfm.cl\/?p=47516' aria-hidden='false' data-av_icon='\ue8f1' data-av_iconfont='entypo-fontello' title='' data-avia-related-tooltip='Compartir en Twitter' rel=\"noopener\"><span class='avia_hidden_link_text'>Compartir en Twitter<\/span><\/a><\/li><li class='av-share-link av-social-link-whatsapp' ><a target=\"_blank\" aria-label=\"Compartir en Whatsapp\" href='https:\/\/api.whatsapp.com\/send?text=https:\/\/radiorevelacionfm.cl\/?p=47516' aria-hidden='false' data-av_icon='\uf232' data-av_iconfont='entypo-fontello' title='' data-avia-related-tooltip='Compartir en Whatsapp' rel=\"noopener\"><span class='avia_hidden_link_text'>Compartir en Whatsapp<\/span><\/a><\/li><li class='av-share-link av-social-link-linkedin' ><a target=\"_blank\" aria-label=\"Compartir en LinkedIn\" href='https:\/\/linkedin.com\/shareArticle?mini=true&#038;title=Lago%20Verde%20se%20prepara%20para%20recibir%20a%20su%20primera%20alcaldesa%20electa%20democr%C3%A1ticamente&#038;url=https:\/\/radiorevelacionfm.cl\/?p=47516' aria-hidden='false' data-av_icon='\ue8fc' data-av_iconfont='entypo-fontello' title='' data-avia-related-tooltip='Compartir en LinkedIn' rel=\"noopener\"><span class='avia_hidden_link_text'>Compartir en LinkedIn<\/span><\/a><\/li><li class='av-share-link av-social-link-mail' ><a  aria-label=\"Compartir por correo\" href='mailto:?subject=Lago%20Verde%20se%20prepara%20para%20recibir%20a%20su%20primera%20alcaldesa%20electa%20democr%C3%A1ticamente&#038;body=https:\/\/radiorevelacionfm.cl\/?p=47516' aria-hidden='false' data-av_icon='\ue805' data-av_iconfont='entypo-fontello' title='' data-avia-related-tooltip='Compartir por correo'><span class='avia_hidden_link_text'>Compartir por correo<\/span><\/a><\/li><\/ul><\/div><\/div>\n<div  style='height:50px' class='hr hr-invisible   avia-builder-el-8  el_after_av_social_share  el_before_av_comments_list '><span class='hr-inner ' ><span class='hr-inner-style'><\/span><\/span><\/div>\n<div  class='av-buildercomment  av-blog-meta-html-info-disabled av-blog-meta-tag-disabled  '><\/div>\n","protected":false},"excerpt":{"rendered":"","protected":false},"author":1,"featured_media":47518,"comment_status":"open","ping_status":"open","sticky":false,"template":"","format":"standard","meta":{"footnotes":""},"categories":[38],"tags":[],"class_list":["post-47516","post","type-post","status-publish","format-standard","has-post-thumbnail","hentry","category-regional"],"jetpack_featured_media_url":"https:\/\/radiorevelacionfm.cl\/wp-content\/uploads\/2024\/10\/Claudia-3-1-1.jpg","_links":{"self":[{"href":"https:\/\/radiorevelacionfm.cl\/index.php?rest_route=\/wp\/v2\/posts\/47516","targetHints":{"allow":["GET"]}}],"collection":[{"href":"https:\/\/radiorevelacionfm.cl\/index.php?rest_route=\/wp\/v2\/posts"}],"about":[{"href":"https:\/\/radiorevelacionfm.cl\/index.php?rest_route=\/wp\/v2\/types\/post"}],"author":[{"embeddable":true,"href":"https:\/\/radiorevelacionfm.cl\/index.php?rest_route=\/wp\/v2\/users\/1"}],"replies":[{"embeddable":true,"href":"https:\/\/radiorevelacionfm.cl\/index.php?rest_route=%2Fwp%2Fv2%2Fcomments&post=47516"}],"version-history":[{"count":1,"href":"https:\/\/radiorevelacionfm.cl\/index.php?rest_route=\/wp\/v2\/posts\/47516\/revisions"}],"predecessor-version":[{"id":47519,"href":"https:\/\/radiorevelacionfm.cl\/index.php?rest_route=\/wp\/v2\/posts\/47516\/revisions\/47519"}],"wp:featuredmedia":[{"embeddable":true,"href":"https:\/\/radiorevelacionfm.cl\/index.php?rest_route=\/wp\/v2\/media\/47518"}],"wp:attachment":[{"href":"https:\/\/radiorevelacionfm.cl\/index.php?rest_route=%2Fwp%2Fv2%2Fmedia&parent=47516"}],"wp:term":[{"taxonomy":"category","embeddable":true,"href":"https:\/\/radiorevelacionfm.cl\/index.php?rest_route=%2Fwp%2Fv2%2Fcategories&post=47516"},{"taxonomy":"post_tag","embeddable":true,"href":"https:\/\/radiorevelacionfm.cl\/index.php?rest_route=%2Fwp%2Fv2%2Ftags&post=47516"}],"curies":[{"name":"wp","href":"https:\/\/api.w.org\/{rel}","templated":true}]}}