{"id":47510,"date":"2024-10-29T10:14:30","date_gmt":"2024-10-29T13:14:30","guid":{"rendered":"https:\/\/radiorevelacionfm.cl\/?p=47510"},"modified":"2024-10-29T10:14:30","modified_gmt":"2024-10-29T13:14:30","slug":"49-personas-mejoran-su-empleabilidad-y-emprendimientos-a-traves-de-sence","status":"publish","type":"post","link":"https:\/\/radiorevelacionfm.cl\/?p=47510","title":{"rendered":"49 personas mejoran su empleabilidad y emprendimientos a trav\u00e9s de Sence"},"content":{"rendered":"<div class=\"flex_column av_one_full  flex_column_div av-zero-column-padding first  avia-builder-el-0  el_before_av_one_full  avia-builder-el-first  \" style='border-radius:0px; '><div  class='avia-image-container  av-styling-    avia-builder-el-1  avia-builder-el-no-sibling  avia-align-center '  itemprop=\"image\" itemscope=\"itemscope\" itemtype=\"https:\/\/schema.org\/ImageObject\"  ><div class='avia-image-container-inner'><div class='avia-image-overlay-wrap'><img decoding=\"async\" class='wp-image-47511 avia-img-lazy-loading-not-47511 avia_image' src=\"https:\/\/radiorevelacionfm.cl\/wp-content\/uploads\/2024\/10\/2cursos_crcapacitacion_sence-3-1_optimized.jpeg\" alt='' title='2cursos_crcapacitacion_sence-(3)-(1)_optimized' height=\"600\" width=\"800\"  itemprop=\"thumbnailUrl\" srcset=\"https:\/\/radiorevelacionfm.cl\/wp-content\/uploads\/2024\/10\/2cursos_crcapacitacion_sence-3-1_optimized.jpeg 800w, https:\/\/radiorevelacionfm.cl\/wp-content\/uploads\/2024\/10\/2cursos_crcapacitacion_sence-3-1_optimized-300x225.jpeg 300w, https:\/\/radiorevelacionfm.cl\/wp-content\/uploads\/2024\/10\/2cursos_crcapacitacion_sence-3-1_optimized-768x576.jpeg 768w, https:\/\/radiorevelacionfm.cl\/wp-content\/uploads\/2024\/10\/2cursos_crcapacitacion_sence-3-1_optimized-705x529.jpeg 705w, https:\/\/radiorevelacionfm.cl\/wp-content\/uploads\/2024\/10\/2cursos_crcapacitacion_sence-3-1_optimized-450x338.jpeg 450w, https:\/\/radiorevelacionfm.cl\/wp-content\/uploads\/2024\/10\/2cursos_crcapacitacion_sence-3-1_optimized-600x450.jpeg 600w\" sizes=\"(max-width: 800px) 100vw, 800px\" \/><\/div><\/div><\/div><\/div><div class=\"flex_column av_one_full  flex_column_div av-zero-column-padding first  avia-builder-el-2  el_after_av_one_full  el_before_av_one_full  column-top-margin\" style='border-radius:0px; '><section class=\"av_textblock_section \"  itemscope=\"itemscope\" itemtype=\"https:\/\/schema.org\/BlogPosting\" itemprop=\"blogPost\" ><div class='avia_textblock  '   itemprop=\"text\" ><p style=\"text-align: center;\"><span style=\"font-size: 18pt;\"><b>49 personas mejoran su empleabilidad y emprendimientos a trav\u00e9s de Sence<\/b><\/span><\/p>\n<div id=\"gtx-trans\" style=\"position: absolute; left: -50px; top: 4.31534px;\">\n<div class=\"gtx-trans-icon\"><\/div>\n<\/div>\n<\/div><\/section><\/div><div class=\"flex_column av_one_full  flex_column_div av-zero-column-padding first  avia-builder-el-4  el_after_av_one_full  el_before_av_hr  column-top-margin\" style='border-radius:0px; '><section class=\"av_textblock_section \"  itemscope=\"itemscope\" itemtype=\"https:\/\/schema.org\/BlogPosting\" itemprop=\"blogPost\" ><div class='avia_textblock  '   itemprop=\"text\" ><p style=\"text-align: justify;\">En una emotiva ceremonia realizada en el Centro Cultural de Coyhaique, el Servicio Nacional de Capacitaci\u00f3n y Empleo, Sence, entreg\u00f3 los diplomas de los cursos de cocina nacional, a 22 mujeres y 3 hombres y de Dise\u00f1o y confecci\u00f3n de art\u00edculos decorativos utilizando la t\u00e9cnica del mosaico a 22 mujeres y 2 hombres, parte de los cursos con foco local, \u00abBecas Laborales\u00bb, del Consejo Regional de Capacitaci\u00f3n, instancia tripartita -donde est\u00e1n presentes en su directorio el Estado, Empleadores\/as y Trabajadores\/as-encabezada por el Gobierno Regional de Ays\u00e9n<span class=\"v1gmail_default\">.<\/span><\/p>\n<p style=\"text-align: justify;\">La Seremi(s) del Trabajo y Previsi\u00f3n Social, Paulina Ruz, se refiri\u00f3 a estas capacitaciones, \u00abLa importancia radica en las oportunidades que generamos constantemente para que las personas puedan tener herramientas para la vida, ya sea para que puedan emprender, para que tengan un trabajo, para que se puedan seguir capacitando a trav\u00e9s de los conocimientos y tambi\u00e9n, como una fuente laboral. Desde el Ministerio de Trabajo y previsi\u00f3n social, nosotros generamos distintas pol\u00edticas p\u00fablicas donde promovemos el empleo y tambi\u00e9n quiero relevar esta instancia que finalmente se traducen en alianzas p\u00fablicas o privadas para mejorar la calidad de vida de la gente. El d\u00eda de hoy vimos a casi 50 personas que recibieron sus certificados, que estaban muy emocionados y eso tambi\u00e9n se traduce en nosotros un impulso para seguir generando estas iniciativas a trav\u00e9s de Sence y por supuesto, mejorar la calidad de vida de la gente, que ese es nuestro principal norte y foco\u00bb.<\/p>\n<p style=\"text-align: justify;\">\u00abSon 44 mujeres que se han certificado el d\u00eda de hoy gracias al Consejo Regional de Capacitaci\u00f3n, Sence y el Ministerio de Trabajo y Previsi\u00f3n Social, as\u00ed que seguiremos adelante con esto y con muchos otros cursos de capacitaci\u00f3n en lo que queda de este a\u00f1o y el pr\u00f3ximo\u00bb, destac\u00f3 a su vez el Director regional de Sence, Nelson Garrido.<\/p>\n<p style=\"text-align: justify;\">El curso de Dise\u00f1o y confecci\u00f3n de art\u00edculos decorativos utilizando la t\u00e9cnica del mosaico tuvo una duraci\u00f3n de 122 horas cronol\u00f3gicas, con una inversi\u00f3n final de $25.210.000. Con una mirada comercial, sus alumnos y alumnas en su mayor\u00eda fueron personas mayores. Una de ellas fue Sandra Alvial, docente de profesi\u00f3n, quien relat\u00f3 su experiencia, \u00abMe est\u00e1n entregando herramientas para poder desenvolverme y desarrollarme en una actividad distinta a la que yo hab\u00eda realizado anteriormente y eso nos ayuda a mantenernos activos, nos ayuda a percibir un ingreso adicional al que estamos recibiendo ya en la otra etapa de la vida, que es la jubilaci\u00f3n. Agradezco realmente que nos hayan tomado en consideraci\u00f3n y la oportunidad que nos dieron de poder aprender estas t\u00e9cnicas. Que estos recursos ojal\u00e1 se sigan optimizando y que vayan netamente en ayuda a due\u00f1as de casa y de las personas que muchas veces no sabemos qu\u00e9 hacer y esto nos ayuda a poder tener una actividad para poder desarrollarla y generar recursos para nuestro hogar\u00bb.<\/p>\n<p style=\"text-align: justify;\">En tanto, el curso de Cocina nacional, el cual incluy\u00f3 entre sus materias higiene, seguridad y prevenci\u00f3n de riesgos en producci\u00f3n alimentaria, aprovisionamiento, almacenaje y control de materias primas procesadas y sin procesar para producciones gastron\u00f3micas, c\u00e1lculo de insumos y producci\u00f3n de men\u00fas, t\u00e9cnicas culinarias y de emprendimiento, tuvo una duraci\u00f3n de 132 horas cronol\u00f3gicas, con una inversi\u00f3n final de $30.181.600.<\/p>\n<p style=\"text-align: justify;\">Una de las alumnas que estaba muy agradecida por los conocimientos y subsidios de herramientas, fue M\u00f3nica Castillo, quien posee el catering y food truck off Road X-661, \u00abPrimero que nada agradecer a Sence, con la OTEC de ejecutar este curso. Para nosotros fue s\u00faper importante, ya que adquirimos conocimientos te\u00f3ricos y pr\u00e1cticos. En mi caso, ten\u00eda un poco de conocimiento de lo pr\u00e1ctico, pero no de lo te\u00f3rico. Tambi\u00e9n nos ayud\u00f3 mucho el tener herramientas para poder trabajar, ya sea con el subsidio que tuvimos para comprar herramientas para nuestros emprendimientos. Aparte de lo material, tambi\u00e9n ten\u00edamos situaciones que nos hac\u00edan comprender a otras personas, trabajar en equipo, aprender del liderazgo, aprender de respeto y tolerancia, empat\u00eda con nuestros compa\u00f1eros y creo que eso fue lo m\u00e1s importante, porque eso es lo que nos sirve para cada trabajo en el d\u00eda a d\u00eda, en cualquier trabajo necesitamos tener tolerancia y aprender el uno del otro, y tambi\u00e9n ense\u00f1ar\u00bb.<\/p>\n<p style=\"text-align: justify;\">El programa \u00abBecas Laborales\u00bb de Sence es financiado con los remanentes de las cuentas de aportes denominado, para estos efectos, \u00abcuentas de excedentes de las empresas adherentes al OTIC\u00bb. La Franquicia Tributaria para Capacitaci\u00f3n es un conjunto de oportunidades que ofrece Sence, para contribuir al mejoramiento de la productividad de las y los trabajadores y empresas, promoviendo el desarrollo econ\u00f3mico y social del pa\u00eds. En estos casos, la OTIC fue la Corporaci\u00f3n de Capacitaci\u00f3n de la C\u00e1mara Chilena de la Construcci\u00f3n y la ejecuci\u00f3n estuvo a cargo de la OTEC Ays\u00e9n Consultores.<\/p>\n<\/div><\/section><\/div><div  style='height:50px' class='hr hr-invisible   avia-builder-el-6  el_after_av_one_full  el_before_av_social_share '><span class='hr-inner ' ><span class='hr-inner-style'><\/span><\/span><\/div><\/p>\n<div  class='av-social-sharing-box  avia-builder-el-7  el_after_av_hr  el_before_av_hr  '><div class='av-share-box'><h5 class='av-share-link-description av-no-toc '>Compartir esta noticia<\/h5><ul class='av-share-box-list noLightbox'><li class='av-share-link av-social-link-facebook' ><a target=\"_blank\" aria-label=\"Compartir en Facebook\" href='https:\/\/www.facebook.com\/sharer.php?u=https:\/\/radiorevelacionfm.cl\/?p=47510&#038;t=49%20personas%20mejoran%20su%20empleabilidad%20y%20emprendimientos%20a%20trav%C3%A9s%20de%20Sence' aria-hidden='false' data-av_icon='\ue8f3' data-av_iconfont='entypo-fontello' title='' data-avia-related-tooltip='Compartir en Facebook' rel=\"noopener\"><span class='avia_hidden_link_text'>Compartir en Facebook<\/span><\/a><\/li><li class='av-share-link av-social-link-twitter' ><a target=\"_blank\" aria-label=\"Compartir en Twitter\" href='https:\/\/twitter.com\/share?text=49%20personas%20mejoran%20su%20empleabilidad%20y%20emprendimientos%20a%20trav%C3%A9s%20de%20Sence&#038;url=https:\/\/radiorevelacionfm.cl\/?p=47510' aria-hidden='false' data-av_icon='\ue8f1' data-av_iconfont='entypo-fontello' title='' data-avia-related-tooltip='Compartir en Twitter' rel=\"noopener\"><span class='avia_hidden_link_text'>Compartir en Twitter<\/span><\/a><\/li><li class='av-share-link av-social-link-whatsapp' ><a target=\"_blank\" aria-label=\"Compartir en Whatsapp\" href='https:\/\/api.whatsapp.com\/send?text=https:\/\/radiorevelacionfm.cl\/?p=47510' aria-hidden='false' data-av_icon='\uf232' data-av_iconfont='entypo-fontello' title='' data-avia-related-tooltip='Compartir en Whatsapp' rel=\"noopener\"><span class='avia_hidden_link_text'>Compartir en Whatsapp<\/span><\/a><\/li><li class='av-share-link av-social-link-linkedin' ><a target=\"_blank\" aria-label=\"Compartir en LinkedIn\" href='https:\/\/linkedin.com\/shareArticle?mini=true&#038;title=49%20personas%20mejoran%20su%20empleabilidad%20y%20emprendimientos%20a%20trav%C3%A9s%20de%20Sence&#038;url=https:\/\/radiorevelacionfm.cl\/?p=47510' aria-hidden='false' data-av_icon='\ue8fc' data-av_iconfont='entypo-fontello' title='' data-avia-related-tooltip='Compartir en LinkedIn' rel=\"noopener\"><span class='avia_hidden_link_text'>Compartir en LinkedIn<\/span><\/a><\/li><li class='av-share-link av-social-link-mail' ><a  aria-label=\"Compartir por correo\" href='mailto:?subject=49%20personas%20mejoran%20su%20empleabilidad%20y%20emprendimientos%20a%20trav%C3%A9s%20de%20Sence&#038;body=https:\/\/radiorevelacionfm.cl\/?p=47510' aria-hidden='false' data-av_icon='\ue805' data-av_iconfont='entypo-fontello' title='' data-avia-related-tooltip='Compartir por correo'><span class='avia_hidden_link_text'>Compartir por correo<\/span><\/a><\/li><\/ul><\/div><\/div>\n<div  style='height:50px' class='hr hr-invisible   avia-builder-el-8  el_after_av_social_share  el_before_av_comments_list '><span class='hr-inner ' ><span class='hr-inner-style'><\/span><\/span><\/div>\n<div  class='av-buildercomment  av-blog-meta-html-info-disabled av-blog-meta-tag-disabled  '><\/div>\n","protected":false},"excerpt":{"rendered":"","protected":false},"author":1,"featured_media":47511,"comment_status":"open","ping_status":"open","sticky":false,"template":"","format":"standard","meta":{"footnotes":""},"categories":[56],"tags":[],"class_list":["post-47510","post","type-post","status-publish","format-standard","has-post-thumbnail","hentry","category-trabajo"],"jetpack_featured_media_url":"https:\/\/radiorevelacionfm.cl\/wp-content\/uploads\/2024\/10\/2cursos_crcapacitacion_sence-3-1_optimized.jpeg","_links":{"self":[{"href":"https:\/\/radiorevelacionfm.cl\/index.php?rest_route=\/wp\/v2\/posts\/47510","targetHints":{"allow":["GET"]}}],"collection":[{"href":"https:\/\/radiorevelacionfm.cl\/index.php?rest_route=\/wp\/v2\/posts"}],"about":[{"href":"https:\/\/radiorevelacionfm.cl\/index.php?rest_route=\/wp\/v2\/types\/post"}],"author":[{"embeddable":true,"href":"https:\/\/radiorevelacionfm.cl\/index.php?rest_route=\/wp\/v2\/users\/1"}],"replies":[{"embeddable":true,"href":"https:\/\/radiorevelacionfm.cl\/index.php?rest_route=%2Fwp%2Fv2%2Fcomments&post=47510"}],"version-history":[{"count":1,"href":"https:\/\/radiorevelacionfm.cl\/index.php?rest_route=\/wp\/v2\/posts\/47510\/revisions"}],"predecessor-version":[{"id":47512,"href":"https:\/\/radiorevelacionfm.cl\/index.php?rest_route=\/wp\/v2\/posts\/47510\/revisions\/47512"}],"wp:featuredmedia":[{"embeddable":true,"href":"https:\/\/radiorevelacionfm.cl\/index.php?rest_route=\/wp\/v2\/media\/47511"}],"wp:attachment":[{"href":"https:\/\/radiorevelacionfm.cl\/index.php?rest_route=%2Fwp%2Fv2%2Fmedia&parent=47510"}],"wp:term":[{"taxonomy":"category","embeddable":true,"href":"https:\/\/radiorevelacionfm.cl\/index.php?rest_route=%2Fwp%2Fv2%2Fcategories&post=47510"},{"taxonomy":"post_tag","embeddable":true,"href":"https:\/\/radiorevelacionfm.cl\/index.php?rest_route=%2Fwp%2Fv2%2Ftags&post=47510"}],"curies":[{"name":"wp","href":"https:\/\/api.w.org\/{rel}","templated":true}]}}