{"id":4751,"date":"2021-05-31T22:16:27","date_gmt":"2021-06-01T01:16:27","guid":{"rendered":"https:\/\/radiorevelacionfm.cl\/?p=4751"},"modified":"2021-06-01T00:39:04","modified_gmt":"2021-06-01T03:39:04","slug":"aprueban-proyecto-que-limita-el-uso-de-plastico-de-un-solo-uso-en-expendio-de-alimentos","status":"publish","type":"post","link":"https:\/\/radiorevelacionfm.cl\/?p=4751","title":{"rendered":"Aprueban proyecto que limita el uso de pl\u00e1stico de un solo uso en expendio de alimentos"},"content":{"rendered":"<div class=\"flex_column av_one_full  flex_column_div av-zero-column-padding first  avia-builder-el-0  el_before_av_one_full  avia-builder-el-first  \" style='border-radius:0px; '><div  class='avia-image-container  av-styling-    avia-builder-el-1  avia-builder-el-no-sibling  avia-align-center '  itemprop=\"image\" itemscope=\"itemscope\" itemtype=\"https:\/\/schema.org\/ImageObject\"  ><div class='avia-image-container-inner'><div class='avia-image-overlay-wrap'><img decoding=\"async\" class='wp-image-0 avia-img-lazy-loading-not-0 avia_image' src=\"https:\/\/radiorevelacionfm.cl\/wp-content\/uploads\/2021\/05\/Plasticos2-1.jpeg\" alt='' title=''   itemprop=\"thumbnailUrl\"  \/><\/div><\/div><\/div><\/div>\n<div class=\"flex_column av_one_full  flex_column_div av-zero-column-padding first  avia-builder-el-2  el_after_av_one_full  el_before_av_one_full  column-top-margin\" style='border-radius:0px; '><section class=\"av_textblock_section \"  itemscope=\"itemscope\" itemtype=\"https:\/\/schema.org\/BlogPosting\" itemprop=\"blogPost\" ><div class='avia_textblock  '   itemprop=\"text\" ><p style=\"text-align: center;\"><strong><span style=\"font-size: 18pt;\">Aprueban proyecto que limita el uso de pl\u00e1stico de un solo uso en expendio de alimentos<\/span><\/strong><\/p>\n<div id=\"gtx-trans\" style=\"position: absolute; left: -50px; top: 4.31534px;\">\n<div class=\"gtx-trans-icon\"><\/div>\n<\/div>\n<\/div><\/section><\/div><div class=\"flex_column av_one_full  flex_column_div av-zero-column-padding first  avia-builder-el-4  el_after_av_one_full  el_before_av_hr  column-top-margin\" style='border-radius:0px; '><section class=\"av_textblock_section \"  itemscope=\"itemscope\" itemtype=\"https:\/\/schema.org\/BlogPosting\" itemprop=\"blogPost\" ><div class='avia_textblock  '   itemprop=\"text\" ><p style=\"font-weight: 400; text-align: justify;\">Como un gran paso calific\u00f3 el diputado Miguel \u00c1ngel Calisto la aprobaci\u00f3n y el despacho del proyecto que limita el uso de pl\u00e1stico para la venta de alimentos, iniciativa que luego de dos a\u00f1os de tramitaci\u00f3n qued\u00f3 lista para ser ley y que a juicio del parlamentario, \u201ces claramente una medida que va en la l\u00ednea del cuidado del medio ambiente\u201d.<\/p>\n<p style=\"font-weight: 400; text-align: justify;\">Calisto explic\u00f3 que \u201chace algunos d\u00edas en la C\u00e1mara despachamos este proyecto, el que me parece que est\u00e1 enfocado en un tema muy importante, como es el cuidado del medio ambiente. La propuesta limita la entrega de productos de pl\u00e1stico de un solo uso y fomenta la reutilizaci\u00f3n del pl\u00e1stico\u201d.<\/p>\n<p style=\"font-weight: 400; text-align: justify;\">\u201cDe esta forma, con este proyecto nos despedimos de las bombillas, de los vasos de pl\u00e1stico no reutilizable, de los revolvedores y un sinf\u00edn de implementos que s\u00f3lo incrementaban la contaminaci\u00f3n, especialmente en el mar. Recordemos que en algunas partes del mundo existen verdaderas islas de basura y pl\u00e1stico que est\u00e1n a la deriva en el oc\u00e9ano\u201d, se\u00f1al\u00f3 Calisto.<\/p>\n<p style=\"font-weight: 400; text-align: justify;\">Calisto agreg\u00f3 que \u201ccuando se trate de consumo dentro del establecimiento estar\u00e1 prohibida la entrega de productos de \u201cun solo uso\u201d, cualquiera sea el material del que est\u00e9n compuestos. Para consumo fuera del local, s\u00f3lo estar\u00e1 permitida la entrega de botellas de pl\u00e1stico retornables y productos de un solo uso cuyos materiales sean distintos al pl\u00e1stico\u201d.<\/p>\n<p style=\"font-weight: 400; text-align: justify;\">El legislador se\u00f1al\u00f3 que \u201cen el caso de productos de un solo uso como vasos, tazas, tazones, pocillos, copas, envases de comida preparada que contengan alimentos l\u00edquidos o permeables y tapas que no sean de botellas, estos s\u00f3lo podr\u00e1n ser de pl\u00e1stico certificado\u201d.<\/p>\n<p style=\"font-weight: 400; text-align: justify;\">Finalmente, el legislador se\u00f1al\u00f3 que \u201ca\u00fan hay mucho trabajo por hacer porque es importante seguir avanzando en medidas para el control y gesti\u00f3n de los residuos domiciliarios, disminuir la presencia de botellas no retornables y buscar formas para generar m\u00e1s conciencia en la ciudadan\u00eda sobre la importancia del reciclaje y el cuidado del medio ambiente\u201d.<\/p>\n<\/div><\/section><\/div><div  style='height:50px' class='hr hr-invisible   avia-builder-el-6  el_after_av_one_full  el_before_av_social_share '><span class='hr-inner ' ><span class='hr-inner-style'><\/span><\/span><\/div><\/p>\n<div  class='av-social-sharing-box  avia-builder-el-7  el_after_av_hr  el_before_av_hr  '><div class='av-share-box'><h5 class='av-share-link-description av-no-toc '>Compartir esta noticia<\/h5><ul class='av-share-box-list noLightbox'><li class='av-share-link av-social-link-facebook' ><a target=\"_blank\" aria-label=\"Compartir en Facebook\" href='https:\/\/www.facebook.com\/sharer.php?u=https:\/\/radiorevelacionfm.cl\/?p=4751&#038;t=Aprueban%20proyecto%20que%20limita%20el%20uso%20de%20pl%C3%A1stico%20de%20un%20solo%20uso%20en%20expendio%20de%20alimentos' aria-hidden='false' data-av_icon='\ue8f3' data-av_iconfont='entypo-fontello' title='' data-avia-related-tooltip='Compartir en Facebook' rel=\"noopener\"><span class='avia_hidden_link_text'>Compartir en Facebook<\/span><\/a><\/li><li class='av-share-link av-social-link-twitter' ><a target=\"_blank\" aria-label=\"Compartir en Twitter\" href='https:\/\/twitter.com\/share?text=Aprueban%20proyecto%20que%20limita%20el%20uso%20de%20pl%C3%A1stico%20de%20un%20solo%20uso%20en%20expendio%20de%20alimentos&#038;url=https:\/\/radiorevelacionfm.cl\/?p=4751' aria-hidden='false' data-av_icon='\ue8f1' data-av_iconfont='entypo-fontello' title='' data-avia-related-tooltip='Compartir en Twitter' rel=\"noopener\"><span class='avia_hidden_link_text'>Compartir en Twitter<\/span><\/a><\/li><li class='av-share-link av-social-link-whatsapp' ><a target=\"_blank\" aria-label=\"Compartir en Whatsapp\" href='https:\/\/api.whatsapp.com\/send?text=https:\/\/radiorevelacionfm.cl\/?p=4751' aria-hidden='false' data-av_icon='\uf232' data-av_iconfont='entypo-fontello' title='' data-avia-related-tooltip='Compartir en Whatsapp' rel=\"noopener\"><span class='avia_hidden_link_text'>Compartir en Whatsapp<\/span><\/a><\/li><li class='av-share-link av-social-link-linkedin' ><a target=\"_blank\" aria-label=\"Compartir en LinkedIn\" href='https:\/\/linkedin.com\/shareArticle?mini=true&#038;title=Aprueban%20proyecto%20que%20limita%20el%20uso%20de%20pl%C3%A1stico%20de%20un%20solo%20uso%20en%20expendio%20de%20alimentos&#038;url=https:\/\/radiorevelacionfm.cl\/?p=4751' aria-hidden='false' data-av_icon='\ue8fc' data-av_iconfont='entypo-fontello' title='' data-avia-related-tooltip='Compartir en LinkedIn' rel=\"noopener\"><span class='avia_hidden_link_text'>Compartir en LinkedIn<\/span><\/a><\/li><li class='av-share-link av-social-link-mail' ><a  aria-label=\"Compartir por correo\" href='mailto:?subject=Aprueban%20proyecto%20que%20limita%20el%20uso%20de%20pl%C3%A1stico%20de%20un%20solo%20uso%20en%20expendio%20de%20alimentos&#038;body=https:\/\/radiorevelacionfm.cl\/?p=4751' aria-hidden='false' data-av_icon='\ue805' data-av_iconfont='entypo-fontello' title='' data-avia-related-tooltip='Compartir por correo'><span class='avia_hidden_link_text'>Compartir por correo<\/span><\/a><\/li><\/ul><\/div><\/div>\n<div  style='height:50px' class='hr hr-invisible   avia-builder-el-8  el_after_av_social_share  el_before_av_comments_list '><span class='hr-inner ' ><span class='hr-inner-style'><\/span><\/span><\/div>\n<div  class='av-buildercomment  av-blog-meta-html-info-disabled av-blog-meta-tag-disabled  '><\/div>\n","protected":false},"excerpt":{"rendered":"","protected":false},"author":1,"featured_media":0,"comment_status":"open","ping_status":"open","sticky":false,"template":"","format":"standard","meta":{"footnotes":""},"categories":[35],"tags":[],"class_list":["post-4751","post","type-post","status-publish","format-standard","hentry","category-politica"],"jetpack_featured_media_url":"","_links":{"self":[{"href":"https:\/\/radiorevelacionfm.cl\/index.php?rest_route=\/wp\/v2\/posts\/4751","targetHints":{"allow":["GET"]}}],"collection":[{"href":"https:\/\/radiorevelacionfm.cl\/index.php?rest_route=\/wp\/v2\/posts"}],"about":[{"href":"https:\/\/radiorevelacionfm.cl\/index.php?rest_route=\/wp\/v2\/types\/post"}],"author":[{"embeddable":true,"href":"https:\/\/radiorevelacionfm.cl\/index.php?rest_route=\/wp\/v2\/users\/1"}],"replies":[{"embeddable":true,"href":"https:\/\/radiorevelacionfm.cl\/index.php?rest_route=%2Fwp%2Fv2%2Fcomments&post=4751"}],"version-history":[{"count":2,"href":"https:\/\/radiorevelacionfm.cl\/index.php?rest_route=\/wp\/v2\/posts\/4751\/revisions"}],"predecessor-version":[{"id":4760,"href":"https:\/\/radiorevelacionfm.cl\/index.php?rest_route=\/wp\/v2\/posts\/4751\/revisions\/4760"}],"wp:attachment":[{"href":"https:\/\/radiorevelacionfm.cl\/index.php?rest_route=%2Fwp%2Fv2%2Fmedia&parent=4751"}],"wp:term":[{"taxonomy":"category","embeddable":true,"href":"https:\/\/radiorevelacionfm.cl\/index.php?rest_route=%2Fwp%2Fv2%2Fcategories&post=4751"},{"taxonomy":"post_tag","embeddable":true,"href":"https:\/\/radiorevelacionfm.cl\/index.php?rest_route=%2Fwp%2Fv2%2Ftags&post=4751"}],"curies":[{"name":"wp","href":"https:\/\/api.w.org\/{rel}","templated":true}]}}