{"id":47504,"date":"2024-10-28T22:34:02","date_gmt":"2024-10-29T01:34:02","guid":{"rendered":"https:\/\/radiorevelacionfm.cl\/?p=47504"},"modified":"2024-10-28T22:34:02","modified_gmt":"2024-10-29T01:34:02","slug":"invitan-a-taller-ciudadano-para-la-consulta-publica-del-anteproyecto-estrategia-nacional-de-transicion-socioecologica-justa","status":"publish","type":"post","link":"https:\/\/radiorevelacionfm.cl\/?p=47504","title":{"rendered":"Invitan a taller ciudadano para la Consulta P\u00fablica del Anteproyecto Estrategia Nacional de Transici\u00f3n Socioecol\u00f3gica Justa"},"content":{"rendered":"<div class=\"flex_column av_one_full  flex_column_div av-zero-column-padding first  avia-builder-el-0  el_before_av_one_full  avia-builder-el-first  \" style='border-radius:0px; '><div  class='avia-image-container  av-styling-    avia-builder-el-1  avia-builder-el-no-sibling  avia-align-center '  itemprop=\"image\" itemscope=\"itemscope\" itemtype=\"https:\/\/schema.org\/ImageObject\"  ><div class='avia-image-container-inner'><div class='avia-image-overlay-wrap'><img decoding=\"async\" class='wp-image-47505 avia-img-lazy-loading-not-47505 avia_image' src=\"https:\/\/radiorevelacionfm.cl\/wp-content\/uploads\/2024\/10\/02_rrss_aysein-1-1_optimized-1.jpg\" alt='' title='02_rrss_ayse\u00ecn-(1)-(1)_optimized (1)' height=\"800\" width=\"800\"  itemprop=\"thumbnailUrl\" srcset=\"https:\/\/radiorevelacionfm.cl\/wp-content\/uploads\/2024\/10\/02_rrss_aysein-1-1_optimized-1.jpg 800w, https:\/\/radiorevelacionfm.cl\/wp-content\/uploads\/2024\/10\/02_rrss_aysein-1-1_optimized-1-300x300.jpg 300w, https:\/\/radiorevelacionfm.cl\/wp-content\/uploads\/2024\/10\/02_rrss_aysein-1-1_optimized-1-80x80.jpg 80w, https:\/\/radiorevelacionfm.cl\/wp-content\/uploads\/2024\/10\/02_rrss_aysein-1-1_optimized-1-768x768.jpg 768w, https:\/\/radiorevelacionfm.cl\/wp-content\/uploads\/2024\/10\/02_rrss_aysein-1-1_optimized-1-36x36.jpg 36w, https:\/\/radiorevelacionfm.cl\/wp-content\/uploads\/2024\/10\/02_rrss_aysein-1-1_optimized-1-180x180.jpg 180w, https:\/\/radiorevelacionfm.cl\/wp-content\/uploads\/2024\/10\/02_rrss_aysein-1-1_optimized-1-705x705.jpg 705w, https:\/\/radiorevelacionfm.cl\/wp-content\/uploads\/2024\/10\/02_rrss_aysein-1-1_optimized-1-120x120.jpg 120w, https:\/\/radiorevelacionfm.cl\/wp-content\/uploads\/2024\/10\/02_rrss_aysein-1-1_optimized-1-450x450.jpg 450w, https:\/\/radiorevelacionfm.cl\/wp-content\/uploads\/2024\/10\/02_rrss_aysein-1-1_optimized-1-600x600.jpg 600w, https:\/\/radiorevelacionfm.cl\/wp-content\/uploads\/2024\/10\/02_rrss_aysein-1-1_optimized-1-100x100.jpg 100w\" sizes=\"(max-width: 800px) 100vw, 800px\" \/><\/div><\/div><\/div><\/div><div class=\"flex_column av_one_full  flex_column_div av-zero-column-padding first  avia-builder-el-2  el_after_av_one_full  el_before_av_one_full  column-top-margin\" style='border-radius:0px; '><section class=\"av_textblock_section \"  itemscope=\"itemscope\" itemtype=\"https:\/\/schema.org\/BlogPosting\" itemprop=\"blogPost\" ><div class='avia_textblock  '   itemprop=\"text\" ><p style=\"text-align: center;\"><span style=\"font-size: 18pt;\"><strong>Invitan a taller ciudadano para la Consulta P\u00fablica del Anteproyecto Estrategia Nacional de Transici\u00f3n Socioecol\u00f3gica Justa<\/strong><\/span><\/p>\n<div id=\"gtx-trans\" style=\"position: absolute; left: -50px; top: 4.31534px;\">\n<div class=\"gtx-trans-icon\"><\/div>\n<\/div>\n<\/div><\/section><\/div><div class=\"flex_column av_one_full  flex_column_div av-zero-column-padding first  avia-builder-el-4  el_after_av_one_full  el_before_av_hr  column-top-margin\" style='border-radius:0px; '><section class=\"av_textblock_section \"  itemscope=\"itemscope\" itemtype=\"https:\/\/schema.org\/BlogPosting\" itemprop=\"blogPost\" ><div class='avia_textblock  '   itemprop=\"text\" ><p style=\"text-align: justify;\">Este lunes se dio inicio al proceso de consulta p\u00fablica para el Anteproyecto de la Estrategia Nacional de Transici\u00f3n Socioecol\u00f3gica Justa, iniciativa que, seg\u00fan indic\u00f3 el Seremi del Medio Ambiente de la regi\u00f3n de Ays\u00e9n, estar\u00e1 acompa\u00f1ado de talleres presenciales a novel nacional y que tendr\u00e1n su puntapi\u00e9 inicial esta semana en las regiones de Ays\u00e9n y Antofagasta.<\/p>\n<p style=\"text-align: justify;\">\u201cDesde el inicio del nuestro gobierno estamos trabajando en la Transici\u00f3n Socioecol\u00f3gica Justa, que busca que los territorios y las distintas localidades puedan generar un modelo de desarrollo que sea mucho m\u00e1s sustentable y sostenible. En ese sentido, estamos levantando la consulta p\u00fablica de la Estrategia Nacional donde nuestra regi\u00f3n va a ser una de las primeras en abordarlo, as\u00ed que la invitaci\u00f3n es que todos y todas se sumen a participar, que puedan poner la voz de la regi\u00f3n y que esta estrategia nacional mire a los territorios extremos tambi\u00e9n con perspectiva de un modelo de desarrollo sostenible, sustentable y justo\u201d, declar\u00f3 el Seremi Yoal D\u00edaz, recordando que el taller ciudadano en la regi\u00f3n de Ays\u00e9n tendr\u00e1 lugar el mi\u00e9rcoles 30 de octubre a las 10:00 horas en el Hotel N\u00f3mades Boutique, ubicado en Baquedano 84 en la ciudad de Coyhaique. El taller es abierto a toda persona interesada en participar de la consulta p\u00fablica y residentes de la regi\u00f3n de Ays\u00e9n y para participar debes inscribirte en: http:\/\/bit.ly\/3AdBQNO<\/p>\n<p style=\"text-align: justify;\">La Estrategia Nacional de Transici\u00f3n Socioecol\u00f3gica Justa ENTSEJ es una pol\u00edtica de Estado que est\u00e1 siendo construida por el Ministerio del Medio Ambiente con apoyo del Programa de las Naciones Unidas para el Desarrollo (PNUD) y que busca entregar los lineamientos, objetivos y criterios para impulsar procesos de transformaci\u00f3n y\/o adaptaci\u00f3n hacia una mayor sostenibilidad, incorporando un enfoque socioecol\u00f3gico y criterios de justicia, en distintos territorios del pa\u00eds.<\/p>\n<p style=\"text-align: justify;\">De este modo, la estrategia busca que las transformaciones de los sistemas productivos hacia un desarrollo sostenible y resiliente, resguarden la justicia social y ambiental enfoc\u00e1ndose en 4 ejes principales: Reconversi\u00f3n laboral y empleos de calidad; Restauraci\u00f3n y resguardo de los ecosistemas; Innovaci\u00f3n y tecnolog\u00eda para modelos productivos; y Equidad y bienestar de las comunidades.<\/p>\n<p style=\"text-align: justify;\">Dichos lineamientos ser\u00e1n abordados en los talleres ciudadanos que, con el apoyo de los profesionales del ministerio del Medio Ambiente, dar\u00e1n a conocer el contenido del anteproyecto y ayudar\u00e1n a resolver dudas respecto del uso de la plataforma que se habilit\u00f3 para la consulta ciudadana, y recoger\u00e1n las observaciones de la comunidad aysenina.<\/p>\n<p style=\"text-align: justify;\">La Consulta P\u00fablica del anteproyecto de la Estrategia Nacional de Transici\u00f3n Socioecol\u00f3gica Justa se extender\u00e1 entre el 28 de octubre y el 24 de diciembre de 2024 y las y los interesados podr\u00e1n participar ingresando al sitio web consultasciudadanas.mma.gob.cl\/portal, donde podr\u00e1n conocer el anteproyecto de la Estrategia Nacional, ingresar consultas y observaciones, as\u00ed como enterarse de las actividades virtuales y presenciales que se realizar\u00e1n en todas las regiones del pa\u00eds. La programaci\u00f3n est\u00e1 disponible en mma.gob.cl\/actividades\/ finalmente la autoridad ambiental invit\u00f3 a la ciudadan\u00eda a canalizar sus inquietudes, comentarios o antecedentes que aportar, a trav\u00e9s de la plataforma del Ministerio del Medio Ambiente o transicion@mma.gob.cl.<\/p>\n<\/div><\/section><\/div><div  style='height:50px' class='hr hr-invisible   avia-builder-el-6  el_after_av_one_full  el_before_av_social_share '><span class='hr-inner ' ><span class='hr-inner-style'><\/span><\/span><\/div><\/p>\n<div  class='av-social-sharing-box  avia-builder-el-7  el_after_av_hr  el_before_av_hr  '><div class='av-share-box'><h5 class='av-share-link-description av-no-toc '>Compartir esta noticia<\/h5><ul class='av-share-box-list noLightbox'><li class='av-share-link av-social-link-facebook' ><a target=\"_blank\" aria-label=\"Compartir en Facebook\" href='https:\/\/www.facebook.com\/sharer.php?u=https:\/\/radiorevelacionfm.cl\/?p=47504&#038;t=Invitan%20a%20taller%20ciudadano%20para%20la%20Consulta%20P%C3%BAblica%20del%20Anteproyecto%20Estrategia%20Nacional%20de%20Transici%C3%B3n%20Socioecol%C3%B3gica%20Justa' aria-hidden='false' data-av_icon='\ue8f3' data-av_iconfont='entypo-fontello' title='' data-avia-related-tooltip='Compartir en Facebook' rel=\"noopener\"><span class='avia_hidden_link_text'>Compartir en Facebook<\/span><\/a><\/li><li class='av-share-link av-social-link-twitter' ><a target=\"_blank\" aria-label=\"Compartir en Twitter\" href='https:\/\/twitter.com\/share?text=Invitan%20a%20taller%20ciudadano%20para%20la%20Consulta%20P%C3%BAblica%20del%20Anteproyecto%20Estrategia%20Nacional%20de%20Transici%C3%B3n%20Socioecol%C3%B3gica%20Justa&#038;url=https:\/\/radiorevelacionfm.cl\/?p=47504' aria-hidden='false' data-av_icon='\ue8f1' data-av_iconfont='entypo-fontello' title='' data-avia-related-tooltip='Compartir en Twitter' rel=\"noopener\"><span class='avia_hidden_link_text'>Compartir en Twitter<\/span><\/a><\/li><li class='av-share-link av-social-link-whatsapp' ><a target=\"_blank\" aria-label=\"Compartir en Whatsapp\" href='https:\/\/api.whatsapp.com\/send?text=https:\/\/radiorevelacionfm.cl\/?p=47504' aria-hidden='false' data-av_icon='\uf232' data-av_iconfont='entypo-fontello' title='' data-avia-related-tooltip='Compartir en Whatsapp' rel=\"noopener\"><span class='avia_hidden_link_text'>Compartir en Whatsapp<\/span><\/a><\/li><li class='av-share-link av-social-link-linkedin' ><a target=\"_blank\" aria-label=\"Compartir en LinkedIn\" href='https:\/\/linkedin.com\/shareArticle?mini=true&#038;title=Invitan%20a%20taller%20ciudadano%20para%20la%20Consulta%20P%C3%BAblica%20del%20Anteproyecto%20Estrategia%20Nacional%20de%20Transici%C3%B3n%20Socioecol%C3%B3gica%20Justa&#038;url=https:\/\/radiorevelacionfm.cl\/?p=47504' aria-hidden='false' data-av_icon='\ue8fc' data-av_iconfont='entypo-fontello' title='' data-avia-related-tooltip='Compartir en LinkedIn' rel=\"noopener\"><span class='avia_hidden_link_text'>Compartir en LinkedIn<\/span><\/a><\/li><li class='av-share-link av-social-link-mail' ><a  aria-label=\"Compartir por correo\" href='mailto:?subject=Invitan%20a%20taller%20ciudadano%20para%20la%20Consulta%20P%C3%BAblica%20del%20Anteproyecto%20Estrategia%20Nacional%20de%20Transici%C3%B3n%20Socioecol%C3%B3gica%20Justa&#038;body=https:\/\/radiorevelacionfm.cl\/?p=47504' aria-hidden='false' data-av_icon='\ue805' data-av_iconfont='entypo-fontello' title='' data-avia-related-tooltip='Compartir por correo'><span class='avia_hidden_link_text'>Compartir por correo<\/span><\/a><\/li><\/ul><\/div><\/div>\n<div  style='height:50px' class='hr hr-invisible   avia-builder-el-8  el_after_av_social_share  el_before_av_comments_list '><span class='hr-inner ' ><span class='hr-inner-style'><\/span><\/span><\/div>\n<div  class='av-buildercomment  av-blog-meta-html-info-disabled av-blog-meta-tag-disabled  '><\/div>\n","protected":false},"excerpt":{"rendered":"","protected":false},"author":1,"featured_media":47505,"comment_status":"open","ping_status":"open","sticky":false,"template":"","format":"standard","meta":{"footnotes":""},"categories":[39],"tags":[],"class_list":["post-47504","post","type-post","status-publish","format-standard","has-post-thumbnail","hentry","category-medio-ambiente"],"jetpack_featured_media_url":"https:\/\/radiorevelacionfm.cl\/wp-content\/uploads\/2024\/10\/02_rrss_aysein-1-1_optimized-1.jpg","_links":{"self":[{"href":"https:\/\/radiorevelacionfm.cl\/index.php?rest_route=\/wp\/v2\/posts\/47504","targetHints":{"allow":["GET"]}}],"collection":[{"href":"https:\/\/radiorevelacionfm.cl\/index.php?rest_route=\/wp\/v2\/posts"}],"about":[{"href":"https:\/\/radiorevelacionfm.cl\/index.php?rest_route=\/wp\/v2\/types\/post"}],"author":[{"embeddable":true,"href":"https:\/\/radiorevelacionfm.cl\/index.php?rest_route=\/wp\/v2\/users\/1"}],"replies":[{"embeddable":true,"href":"https:\/\/radiorevelacionfm.cl\/index.php?rest_route=%2Fwp%2Fv2%2Fcomments&post=47504"}],"version-history":[{"count":1,"href":"https:\/\/radiorevelacionfm.cl\/index.php?rest_route=\/wp\/v2\/posts\/47504\/revisions"}],"predecessor-version":[{"id":47506,"href":"https:\/\/radiorevelacionfm.cl\/index.php?rest_route=\/wp\/v2\/posts\/47504\/revisions\/47506"}],"wp:featuredmedia":[{"embeddable":true,"href":"https:\/\/radiorevelacionfm.cl\/index.php?rest_route=\/wp\/v2\/media\/47505"}],"wp:attachment":[{"href":"https:\/\/radiorevelacionfm.cl\/index.php?rest_route=%2Fwp%2Fv2%2Fmedia&parent=47504"}],"wp:term":[{"taxonomy":"category","embeddable":true,"href":"https:\/\/radiorevelacionfm.cl\/index.php?rest_route=%2Fwp%2Fv2%2Fcategories&post=47504"},{"taxonomy":"post_tag","embeddable":true,"href":"https:\/\/radiorevelacionfm.cl\/index.php?rest_route=%2Fwp%2Fv2%2Ftags&post=47504"}],"curies":[{"name":"wp","href":"https:\/\/api.w.org\/{rel}","templated":true}]}}