{"id":47501,"date":"2024-10-28T22:26:07","date_gmt":"2024-10-29T01:26:07","guid":{"rendered":"https:\/\/radiorevelacionfm.cl\/?p=47501"},"modified":"2024-10-28T22:26:07","modified_gmt":"2024-10-29T01:26:07","slug":"delegado-araya-destaco-comportamiento-y-compromiso-civico-en-proceso-electoral","status":"publish","type":"post","link":"https:\/\/radiorevelacionfm.cl\/?p=47501","title":{"rendered":"Delegado Araya destac\u00f3 comportamiento y compromiso c\u00edvico en proceso electoral"},"content":{"rendered":"<div class=\"flex_column av_one_full  flex_column_div av-zero-column-padding first  avia-builder-el-0  el_before_av_one_full  avia-builder-el-first  \" style='border-radius:0px; '><div  class='avia-image-container  av-styling-    avia-builder-el-1  avia-builder-el-no-sibling  avia-align-center '  itemprop=\"image\" itemscope=\"itemscope\" itemtype=\"https:\/\/schema.org\/ImageObject\"  ><div class='avia-image-container-inner'><div class='avia-image-overlay-wrap'><img decoding=\"async\" class='wp-image-47502 avia-img-lazy-loading-not-47502 avia_image' src=\"https:\/\/radiorevelacionfm.cl\/wp-content\/uploads\/2024\/10\/img_9328-1_optimized-1.jpg\" alt='' title='img_9328-(1)_optimized (1)' height=\"600\" width=\"893\"  itemprop=\"thumbnailUrl\" srcset=\"https:\/\/radiorevelacionfm.cl\/wp-content\/uploads\/2024\/10\/img_9328-1_optimized-1.jpg 893w, https:\/\/radiorevelacionfm.cl\/wp-content\/uploads\/2024\/10\/img_9328-1_optimized-1-300x202.jpg 300w, https:\/\/radiorevelacionfm.cl\/wp-content\/uploads\/2024\/10\/img_9328-1_optimized-1-768x516.jpg 768w, https:\/\/radiorevelacionfm.cl\/wp-content\/uploads\/2024\/10\/img_9328-1_optimized-1-705x474.jpg 705w, https:\/\/radiorevelacionfm.cl\/wp-content\/uploads\/2024\/10\/img_9328-1_optimized-1-450x302.jpg 450w, https:\/\/radiorevelacionfm.cl\/wp-content\/uploads\/2024\/10\/img_9328-1_optimized-1-600x403.jpg 600w\" sizes=\"(max-width: 893px) 100vw, 893px\" \/><\/div><\/div><\/div><\/div><div class=\"flex_column av_one_full  flex_column_div av-zero-column-padding first  avia-builder-el-2  el_after_av_one_full  el_before_av_one_full  column-top-margin\" style='border-radius:0px; '><section class=\"av_textblock_section \"  itemscope=\"itemscope\" itemtype=\"https:\/\/schema.org\/BlogPosting\" itemprop=\"blogPost\" ><div class='avia_textblock  '   itemprop=\"text\" ><p style=\"text-align: center;\"><strong><span style=\"font-size: 18pt;\">Delegado Araya destac\u00f3 comportamiento y compromiso c\u00edvico en proceso electoral<\/span><\/strong><\/p>\n<div id=\"gtx-trans\" style=\"position: absolute; left: -50px; top: 4.31534px;\">\n<div class=\"gtx-trans-icon\"><\/div>\n<\/div>\n<\/div><\/section><\/div><div class=\"flex_column av_one_full  flex_column_div av-zero-column-padding first  avia-builder-el-4  el_after_av_one_full  el_before_av_hr  column-top-margin\" style='border-radius:0px; '><section class=\"av_textblock_section \"  itemscope=\"itemscope\" itemtype=\"https:\/\/schema.org\/BlogPosting\" itemprop=\"blogPost\" ><div class='avia_textblock  '   itemprop=\"text\" ><p style=\"font-weight: 400; text-align: justify;\">El comportamiento y compromiso c\u00edvico de\u00a0 la ciudadan\u00eda con los procesos democr\u00e1ticos, destac\u00f3 el Delegado Presidencial Regional, Rodrigo Araya Morales, tras las elecciones regionales y municipales en las que participaron 72.208 personas, equivalentes al 72,9% del padr\u00f3n electoral regional.<\/p>\n<p style=\"font-weight: 400; text-align: justify;\">Luego de una reuni\u00f3n de evaluaci\u00f3n junto a todas las instituciones directamente vinculadas al proceso, el Delegado agradeci\u00f3 y reconoci\u00f3 \u201ca todas las personas, funcionarios del SERVEL, vocales de mesa, delegados de juntas electorales, carabineros, efectivos de las Fuerzas Armadas y funcionarios p\u00fablicos que contribuyeron a tener un proceso eleccionario ejemplar\u201d.<\/p>\n<p style=\"font-weight: 400; text-align: justify;\">\u201cSaludar y felicitar a toda la comunidad, a todas las personas que participaron en este proceso electoral este fin de semana. Nuestra regi\u00f3n ha tenido un comportamiento ejemplar, m\u00e1s del 72% del padr\u00f3n electoral cumpli\u00f3 con su deber y ejerci\u00f3 su derecho. En todos los locales de votaci\u00f3n funcion\u00f3 con normalidad el sistema de accesibilidad, de seguridad interna, todo funcion\u00f3 muy bien. Tuvimos un evento muy aislado, solamente dos personas detenidas el d\u00eda s\u00e1bado por problemas en dos locales de votaci\u00f3n ac\u00e1 en Coyhaique, as\u00ed es que estamos muy satisfechos\u201d, enfatiz\u00f3.<\/p>\n<p style=\"font-weight: 400; text-align: justify;\">El director regional de Servel, N\u00e9stor Sep\u00falveda, coincidi\u00f3 en indicar que \u201cestamos muy satisfechos y contentos por la forma en que se desarroll\u00f3 todo el proceso electoral en los 45 locales de votaci\u00f3n. El proceso de georreferenciaci\u00f3n tambi\u00e9n fue exitoso y ello da cuenta de que pr\u00e1cticamente en nuestras oficinas no obtuvimos reclamaci\u00f3n alguna del electorado. Indudablemente, deben haber situaciones puntuales que todav\u00eda faltan por resolver, porque los domicilios indicados por los electores nuevos no son muy precisos, pero como le digo, no tenemos ning\u00fan reporte de incidencia en esta materia\u201d.<\/p>\n<p style=\"font-weight: 400; text-align: justify;\">En cuanto a los servicios terrestres, lacustres y mar\u00edtimos, el seremi de Transportes y Telecomunicaciones, Hans Zimmermann, detall\u00f3 que \u201ctrasladamos 2.280 electores entre ambos d\u00edas de votaci\u00f3n, no tuvimos grandes incidencias, salvo la interrupci\u00f3n de la conectividad en el Lago General Carrera y Lago O\u00b4Higgins por condiciones clim\u00e1ticas, pero el resto de los servicios oper\u00f3 con total normalidad. Hemos superado -si hacemos la comparaci\u00f3n con las \u00faltimas elecciones-, la cantidad total de electores trasladados y esto indica que los servicios que hemos dispuesto han sido \u00fatiles al proceso eleccionario en esta labor tan importante que ten\u00edamos como ministerio, de dotar de servicios de conectividad a los ciudadanos para que puedan concurrir hasta las urnas\u201d.<\/p>\n<p style=\"font-weight: 400; text-align: justify;\">Por su parte, el jefe de la XI Zona de Carabineros, general Patricio Santos, indic\u00f3 que \u201cCarabineros tuvo el resguardo exterior de 44 locales de votaci\u00f3n, despleg\u00f3 cerca de 220 carabineros en labores asociadas al acto eleccionario. Este fin de semana detuvimos a 17 personas, dentro de las cuales dos estuvieron asociados al acto electoral, por lo tanto, la actividad del fin de semana fue baja y eso, en gran parte, es por el compromiso de las personas a portarse bien. En torno a las constancias que Carabineros recibe por estar a m\u00e1s de 200 kil\u00f3metros de distancia del lugar de votaci\u00f3n, Carabineros registr\u00f3 casi 10.000 constancias, de las cuales 2.095 corresponden a formularios que llenamos en los lugares que definimos para facilitar estas actividades, cerca de 7.700 constancias fueron efectuadas a trav\u00e9s de la validaci\u00f3n desarrollada por Comisar\u00eda Virtual\u201d.<\/p>\n<p style=\"font-weight: 400; text-align: justify;\">El seremi de Gobierno (s) Tom\u00e1s Laibe reafirm\u00f3 el loable desempe\u00f1o general para este proceso electoral junto con la prontitud que caracteriza el conocimiento de los resultados.<\/p>\n<p style=\"font-weight: 400; text-align: justify;\">Toda la informaci\u00f3n est\u00e1 disponible en la p\u00e1gina web del Servicio Electoral (SERVEL)\u00a0<a href=\"https:\/\/www.servel.cl\/\" data-saferedirecturl=\"https:\/\/www.google.com\/url?q=https:\/\/www.servel.cl\/&amp;source=gmail&amp;ust=1730249772811000&amp;usg=AOvVaw0ypYB5duUrgHfHP3Rq-NI6\">https:\/\/www.servel.cl\/<\/a><\/p>\n<\/div><\/section><\/div><div  style='height:50px' class='hr hr-invisible   avia-builder-el-6  el_after_av_one_full  el_before_av_social_share '><span class='hr-inner ' ><span class='hr-inner-style'><\/span><\/span><\/div><\/p>\n<div  class='av-social-sharing-box  avia-builder-el-7  el_after_av_hr  el_before_av_hr  '><div class='av-share-box'><h5 class='av-share-link-description av-no-toc '>Compartir esta noticia<\/h5><ul class='av-share-box-list noLightbox'><li class='av-share-link av-social-link-facebook' ><a target=\"_blank\" aria-label=\"Compartir en Facebook\" href='https:\/\/www.facebook.com\/sharer.php?u=https:\/\/radiorevelacionfm.cl\/?p=47501&#038;t=Delegado%20Araya%20destac%C3%B3%20comportamiento%20y%20compromiso%20c%C3%ADvico%20en%20proceso%20electoral' aria-hidden='false' data-av_icon='\ue8f3' data-av_iconfont='entypo-fontello' title='' data-avia-related-tooltip='Compartir en Facebook' rel=\"noopener\"><span class='avia_hidden_link_text'>Compartir en Facebook<\/span><\/a><\/li><li class='av-share-link av-social-link-twitter' ><a target=\"_blank\" aria-label=\"Compartir en Twitter\" href='https:\/\/twitter.com\/share?text=Delegado%20Araya%20destac%C3%B3%20comportamiento%20y%20compromiso%20c%C3%ADvico%20en%20proceso%20electoral&#038;url=https:\/\/radiorevelacionfm.cl\/?p=47501' aria-hidden='false' data-av_icon='\ue8f1' data-av_iconfont='entypo-fontello' title='' data-avia-related-tooltip='Compartir en Twitter' rel=\"noopener\"><span class='avia_hidden_link_text'>Compartir en Twitter<\/span><\/a><\/li><li class='av-share-link av-social-link-whatsapp' ><a target=\"_blank\" aria-label=\"Compartir en Whatsapp\" href='https:\/\/api.whatsapp.com\/send?text=https:\/\/radiorevelacionfm.cl\/?p=47501' aria-hidden='false' data-av_icon='\uf232' data-av_iconfont='entypo-fontello' title='' data-avia-related-tooltip='Compartir en Whatsapp' rel=\"noopener\"><span class='avia_hidden_link_text'>Compartir en Whatsapp<\/span><\/a><\/li><li class='av-share-link av-social-link-linkedin' ><a target=\"_blank\" aria-label=\"Compartir en LinkedIn\" href='https:\/\/linkedin.com\/shareArticle?mini=true&#038;title=Delegado%20Araya%20destac%C3%B3%20comportamiento%20y%20compromiso%20c%C3%ADvico%20en%20proceso%20electoral&#038;url=https:\/\/radiorevelacionfm.cl\/?p=47501' aria-hidden='false' data-av_icon='\ue8fc' data-av_iconfont='entypo-fontello' title='' data-avia-related-tooltip='Compartir en LinkedIn' rel=\"noopener\"><span class='avia_hidden_link_text'>Compartir en LinkedIn<\/span><\/a><\/li><li class='av-share-link av-social-link-mail' ><a  aria-label=\"Compartir por correo\" href='mailto:?subject=Delegado%20Araya%20destac%C3%B3%20comportamiento%20y%20compromiso%20c%C3%ADvico%20en%20proceso%20electoral&#038;body=https:\/\/radiorevelacionfm.cl\/?p=47501' aria-hidden='false' data-av_icon='\ue805' data-av_iconfont='entypo-fontello' title='' data-avia-related-tooltip='Compartir por correo'><span class='avia_hidden_link_text'>Compartir por correo<\/span><\/a><\/li><\/ul><\/div><\/div>\n<div  style='height:50px' class='hr hr-invisible   avia-builder-el-8  el_after_av_social_share  el_before_av_comments_list '><span class='hr-inner ' ><span class='hr-inner-style'><\/span><\/span><\/div>\n<div  class='av-buildercomment  av-blog-meta-html-info-disabled av-blog-meta-tag-disabled  '><\/div>\n","protected":false},"excerpt":{"rendered":"","protected":false},"author":1,"featured_media":47502,"comment_status":"open","ping_status":"open","sticky":false,"template":"","format":"standard","meta":{"footnotes":""},"categories":[38],"tags":[],"class_list":["post-47501","post","type-post","status-publish","format-standard","has-post-thumbnail","hentry","category-regional"],"jetpack_featured_media_url":"https:\/\/radiorevelacionfm.cl\/wp-content\/uploads\/2024\/10\/img_9328-1_optimized-1.jpg","_links":{"self":[{"href":"https:\/\/radiorevelacionfm.cl\/index.php?rest_route=\/wp\/v2\/posts\/47501","targetHints":{"allow":["GET"]}}],"collection":[{"href":"https:\/\/radiorevelacionfm.cl\/index.php?rest_route=\/wp\/v2\/posts"}],"about":[{"href":"https:\/\/radiorevelacionfm.cl\/index.php?rest_route=\/wp\/v2\/types\/post"}],"author":[{"embeddable":true,"href":"https:\/\/radiorevelacionfm.cl\/index.php?rest_route=\/wp\/v2\/users\/1"}],"replies":[{"embeddable":true,"href":"https:\/\/radiorevelacionfm.cl\/index.php?rest_route=%2Fwp%2Fv2%2Fcomments&post=47501"}],"version-history":[{"count":1,"href":"https:\/\/radiorevelacionfm.cl\/index.php?rest_route=\/wp\/v2\/posts\/47501\/revisions"}],"predecessor-version":[{"id":47503,"href":"https:\/\/radiorevelacionfm.cl\/index.php?rest_route=\/wp\/v2\/posts\/47501\/revisions\/47503"}],"wp:featuredmedia":[{"embeddable":true,"href":"https:\/\/radiorevelacionfm.cl\/index.php?rest_route=\/wp\/v2\/media\/47502"}],"wp:attachment":[{"href":"https:\/\/radiorevelacionfm.cl\/index.php?rest_route=%2Fwp%2Fv2%2Fmedia&parent=47501"}],"wp:term":[{"taxonomy":"category","embeddable":true,"href":"https:\/\/radiorevelacionfm.cl\/index.php?rest_route=%2Fwp%2Fv2%2Fcategories&post=47501"},{"taxonomy":"post_tag","embeddable":true,"href":"https:\/\/radiorevelacionfm.cl\/index.php?rest_route=%2Fwp%2Fv2%2Ftags&post=47501"}],"curies":[{"name":"wp","href":"https:\/\/api.w.org\/{rel}","templated":true}]}}