{"id":47498,"date":"2024-10-28T22:16:48","date_gmt":"2024-10-29T01:16:48","guid":{"rendered":"https:\/\/radiorevelacionfm.cl\/?p=47498"},"modified":"2024-10-28T22:17:51","modified_gmt":"2024-10-29T01:17:51","slug":"justicia-ordena-a-servicio-de-salud-y-hospital-indemnizar-a-familiares-de-paciente-fallecido-por-falta-de-servicio","status":"publish","type":"post","link":"https:\/\/radiorevelacionfm.cl\/?p=47498","title":{"rendered":"Justicia ordena a Servicio de Salud y hospital de Ays\u00e9n indemnizar a familiares de paciente fallecido por falta de servicio"},"content":{"rendered":"<div class=\"flex_column av_one_full  flex_column_div av-zero-column-padding first  avia-builder-el-0  el_before_av_one_full  avia-builder-el-first  \" style='border-radius:0px; '><div  class='avia-image-container  av-styling-    avia-builder-el-1  avia-builder-el-no-sibling  avia-align-center '  itemprop=\"image\" itemscope=\"itemscope\" itemtype=\"https:\/\/schema.org\/ImageObject\"  ><div class='avia-image-container-inner'><div class='avia-image-overlay-wrap'><img decoding=\"async\" class='wp-image-34064 avia-img-lazy-loading-not-34064 avia_image' src=\"https:\/\/radiorevelacionfm.cl\/wp-content\/uploads\/2023\/08\/Foto-8-Corte-Coyhaique-1-1.jpg\" alt='' title='Foto 8 Corte Coyhaique (1) (1)' height=\"600\" width=\"772\"  itemprop=\"thumbnailUrl\" srcset=\"https:\/\/radiorevelacionfm.cl\/wp-content\/uploads\/2023\/08\/Foto-8-Corte-Coyhaique-1-1.jpg 772w, https:\/\/radiorevelacionfm.cl\/wp-content\/uploads\/2023\/08\/Foto-8-Corte-Coyhaique-1-1-300x233.jpg 300w, https:\/\/radiorevelacionfm.cl\/wp-content\/uploads\/2023\/08\/Foto-8-Corte-Coyhaique-1-1-768x597.jpg 768w, https:\/\/radiorevelacionfm.cl\/wp-content\/uploads\/2023\/08\/Foto-8-Corte-Coyhaique-1-1-705x548.jpg 705w, https:\/\/radiorevelacionfm.cl\/wp-content\/uploads\/2023\/08\/Foto-8-Corte-Coyhaique-1-1-450x350.jpg 450w, https:\/\/radiorevelacionfm.cl\/wp-content\/uploads\/2023\/08\/Foto-8-Corte-Coyhaique-1-1-600x466.jpg 600w\" sizes=\"(max-width: 772px) 100vw, 772px\" \/><\/div><\/div><\/div><\/div>\n<div class=\"flex_column av_one_full  flex_column_div av-zero-column-padding first  avia-builder-el-2  el_after_av_one_full  el_before_av_one_full  column-top-margin\" style='border-radius:0px; '><section class=\"av_textblock_section \"  itemscope=\"itemscope\" itemtype=\"https:\/\/schema.org\/BlogPosting\" itemprop=\"blogPost\" ><div class='avia_textblock  '   itemprop=\"text\" ><p style=\"text-align: center;\"><span style=\"font-size: 18pt;\"><strong>Justicia ordena a Servicio de Salud y hospital de Ays\u00e9n indemnizar a familiares de paciente fallecido por falta de servicio<\/strong><\/span><\/p>\n<div id=\"gtx-trans\" style=\"position: absolute; left: -50px; top: 4.31534px;\">\n<div class=\"gtx-trans-icon\"><\/div>\n<\/div>\n<\/div><\/section><\/div><div class=\"flex_column av_one_full  flex_column_div av-zero-column-padding first  avia-builder-el-4  el_after_av_one_full  el_before_av_hr  column-top-margin\" style='border-radius:0px; '><section class=\"av_textblock_section \"  itemscope=\"itemscope\" itemtype=\"https:\/\/schema.org\/BlogPosting\" itemprop=\"blogPost\" ><div class='avia_textblock  '   itemprop=\"text\" ><p class=\"v1MsoNormal\" style=\"text-align: justify;\">La Corte de Coyhaique rechaz\u00f3 el recurso de apelaci\u00f3n deducido en contra de la sentencia que le orden\u00f3 al Servicio de Salud de Ays\u00e9n y Hospital de Puerto Ays\u00e9n a indemnizar por concepto de da\u00f1o moral, a familiares de paciente que falleci\u00f3 por falta de servicios. Deceso registrado en marzo de 2020.<\/p>\n<p class=\"v1MsoNormal\" style=\"text-align: justify;\">En fallo un\u00e1nime, la Primera Sala del tribunal de alzada\u00a0\u2013integrada por los ministros Luis Aedo, Pedro Castro, Jos\u00e9 Ignacio Mora y Natalia Rencoret\u2013\u00a0confirm\u00f3\u00a0la sentencia recurrida, dictada\u00a0 por el\u00a0<span lang=\"ES-MX\">Primer Juzgado de Letras de Coyhaique,\u00a0<\/span>con declaraci\u00f3n que se eleva el monto indemnizatorio a la suma de $210.000.000.<\/p>\n<p class=\"v1MsoNormal\" style=\"text-align: justify;\">\u00abQue, por su parte, el apelante en representaci\u00f3n de los actores, tras describir el contexto f\u00e1ctico del hecho juzgado, ocurrido en la madrugada del 18 de marzo de 2020, en s\u00edntesis, reprueba la actividad m\u00e9dica desplegada en el\u00a0<span lang=\"ES-MX\">Hospital de Puerto Ays\u00e9n, resaltando la falta de preparaci\u00f3n t\u00e9cnica de su personal m\u00e9dico para asumir el frustrado procedimiento de intubaci\u00f3n orotraqueal de (&#8230;), debiendo acudir como alternativa al empleo de una m\u00e1scara lar\u00edngea, que al menos permiti\u00f3 oxigenar al paciente, aunque ventilando en un porcentaje mucho menor. Representa que el sumario abierto al efecto concluy\u00f3 que hab\u00eda rotativa de m\u00e9dicos, sin suficiente capacidad para el manejo de v\u00eda a\u00e9rea avanzada, sugiriendo la capacitaci\u00f3n de los mismos\u00bb, plantea el fallo.<\/span><\/p>\n<p class=\"v1MsoNormal\" style=\"text-align: justify;\"><span lang=\"ES-MX\">La resoluci\u00f3n agrega que: \u00abResalta tambi\u00e9n la inexistencia de un ventilador mec\u00e1nico en el Servicio de Urgencia del Hospital de Puerto Ays\u00e9n, lo que habr\u00eda llevado a la Dra. Dur\u00e1n a ordenar el traslado del paciente hasta el Hospital de Coyhaique, a fin de brindarle ventilaci\u00f3n mec\u00e1nica que le permitiera broncodilatar. De ello deduce la concurrencia de faltas a la lex artis en el proceder de los m\u00e9dicos del aludido hospital de origen. Agrega que al ser trasladado, aquel ventilaba un 97% y no presentaba hipoxemia, pero por falta de expertiz en su traslado su situaci\u00f3n se complic\u00f3. Aduce, asimismo, al informe en derecho del profesor Diez Schwerter, en que se da por establecido que no se cumpli\u00f3 con el protocolo t\u00e9cnico respectivo en el \u00e1mbito m\u00e9dico, a lo que a\u00f1ade que la mascarilla lar\u00edngea present\u00f3 filtraci\u00f3n, por lo que se debi\u00f3 cambiar, todo lo cual desemboc\u00f3 finalmente en la muerte de (&#8230;)\u00bb.<\/span><\/p>\n<p class=\"v1MsoNormal\" style=\"text-align: justify;\"><span lang=\"ES-MX\">\u00ab(&#8230;) en el otro \u00e1mbito de la responsabilidad, hace notar que la orden de traslado se dispuso a las 03:30 horas, mientras la salida se produjo alrededor de las 03:50 horas del 18 de marzo de 2020, esto es, sali\u00f3 veinte minutos m\u00e1s tarde, lo que ya configura una tardanza concordante con una de las modalidades de la falta de servicio, para llegar a destino alrededor de las 06:24 horas, por tanto, presentando un recorrido demorado cercano a las 2,34 horas en el trayecto existente entre Puerto Ays\u00e9n y Coyhaique, muy superior al habitual<\/span>\u00ab, releva.<\/p>\n<p class=\"v1MsoNormal\" style=\"text-align: justify;\"><span lang=\"ES-MX\">\u00abRespecto del sistema de comunicaciones del m\u00f3vil \u2013ahonda\u2013, alude a que la ambulancia no llevaba radio ni tel\u00e9fono satelital, a lo que se sum\u00f3 que en el sector de puente Correntoso no hab\u00eda se\u00f1al. Aduce que el chofer de la m\u00e1quina reconoci\u00f3 que antes contaban con un receptor de radio, pero en la actualidad no. En esto el apelante confronta las exigencias reglamentarias, destacando que las ambulancias de emergencia b\u00e1sica y avanzada deben disponer de un sistema que permita una comunicaci\u00f3n fluida entre el veh\u00edculo en circulaci\u00f3n y la base \u2013documento de folio 52\u2013 lo que en la especie no estaba presente y si exist\u00eda era inservible, al carecer de funcionalidad\u00bb.<\/span><\/p>\n<p class=\"v1MsoNormal\" style=\"text-align: justify;\"><span lang=\"ES-MX\">\u00abQue, en congruencia con el soporte normativo que otorga fundamento a la pretensi\u00f3n indemnizatoria de los demandantes, as\u00ed como con los medios de acreditaci\u00f3n que han configurado m\u00e9rito del proceso suficiente para ratificar la procedencia en la especie de la indemnizaci\u00f3n por da\u00f1o moral demandada, en base a lo razonado ya en los motivos duod\u00e9cimo y d\u00e9cimo tercero, se habr\u00e1 de acceder a la pretensi\u00f3n de este apelante, solo en cuanto se elevar\u00e1 en parte el quantum del resarcimiento pecuniario establecido en primera instancia, del modo como se dir\u00e1 en lo resolutivo\u00bb, concluye.<\/span><\/p>\n<p class=\"v1MsoNormal\" style=\"text-align: justify;\"><span lang=\"ES-MX\">Por tanto, resuelve que:<\/span><\/p>\n<p class=\"v1MsoNormal\" style=\"text-align: justify;\"><span lang=\"ES-MX\">\u00abI.- Que\u00a0<b>SE RECHAZA<\/b>\u00a0el recurso de casaci\u00f3n en la forma, deducido por el abogado, Juan Jim\u00e9nez Marchant, en representaci\u00f3n de las demandadas, Servicio de Salud de Ays\u00e9n y Hospital de Puerto Ays\u00e9n, en contra de la sentencia pronunciada el 4 de abril del a\u00f1o 2024, por la Juez Subrogante del Primer Juzgado de Letras de Coyhaique, Carolina Waleska Mart\u00ednez Navarrete.<\/span><\/p>\n<p class=\"v1MsoNormal\" style=\"text-align: justify;\"><span lang=\"ES-MX\">II.- Que, rechaz\u00e1ndose la apelaci\u00f3n deducida en otros\u00ed de su presentaci\u00f3n por el abogado Juan Jim\u00e9nez Marchant, en representaci\u00f3n de las demandadas, Servicio de Salud de Ays\u00e9n y Hospital de Puerto Ays\u00e9n y acogi\u00e9ndose parcialmente la f<i>ormulada por el letrado, Marcos Gallegos Rodr\u00edguez, por la demandante,\u00a0<b>SE CONFIRMA<\/b>\u00a0la sentencia apelada, ya singularizada, con declaraci\u00f3n que la indemnizaci\u00f3n por da\u00f1o moral a pagar en beneficio de los actores (&#8230;), se eleva a la suma equivalente a $70.000.000 (setenta millones de pesos), para cada uno, la que deber\u00e1 solventarse con los intereses y \u00a0reajustes que se devenguen desde que el fallo quede firme o ejecutoriado hasta la fecha en que se verifique el pago efectivo<\/i>\u00ab.<\/span><\/p>\n<\/div><\/section><\/div><\/p>\n<div  style='height:50px' class='hr hr-invisible   avia-builder-el-6  el_after_av_one_full  el_before_av_social_share '><span class='hr-inner ' ><span class='hr-inner-style'><\/span><\/span><\/div>\n<div  class='av-social-sharing-box  avia-builder-el-7  el_after_av_hr  el_before_av_hr  '><div class='av-share-box'><h5 class='av-share-link-description av-no-toc '>Compartir esta noticia<\/h5><ul class='av-share-box-list noLightbox'><li class='av-share-link av-social-link-facebook' ><a target=\"_blank\" aria-label=\"Compartir en Facebook\" href='https:\/\/www.facebook.com\/sharer.php?u=https:\/\/radiorevelacionfm.cl\/?p=47498&#038;t=Justicia%20ordena%20a%20Servicio%20de%20Salud%20y%20hospital%20de%20Ays%C3%A9n%20indemnizar%20a%20familiares%20de%20paciente%20fallecido%20por%20falta%20de%20servicio' aria-hidden='false' data-av_icon='\ue8f3' data-av_iconfont='entypo-fontello' title='' data-avia-related-tooltip='Compartir en Facebook' rel=\"noopener\"><span class='avia_hidden_link_text'>Compartir en Facebook<\/span><\/a><\/li><li class='av-share-link av-social-link-twitter' ><a target=\"_blank\" aria-label=\"Compartir en Twitter\" href='https:\/\/twitter.com\/share?text=Justicia%20ordena%20a%20Servicio%20de%20Salud%20y%20hospital%20de%20Ays%C3%A9n%20indemnizar%20a%20familiares%20de%20paciente%20fallecido%20por%20falta%20de%20servicio&#038;url=https:\/\/radiorevelacionfm.cl\/?p=47498' aria-hidden='false' data-av_icon='\ue8f1' data-av_iconfont='entypo-fontello' title='' data-avia-related-tooltip='Compartir en Twitter' rel=\"noopener\"><span class='avia_hidden_link_text'>Compartir en Twitter<\/span><\/a><\/li><li class='av-share-link av-social-link-whatsapp' ><a target=\"_blank\" aria-label=\"Compartir en Whatsapp\" href='https:\/\/api.whatsapp.com\/send?text=https:\/\/radiorevelacionfm.cl\/?p=47498' aria-hidden='false' data-av_icon='\uf232' data-av_iconfont='entypo-fontello' title='' data-avia-related-tooltip='Compartir en Whatsapp' rel=\"noopener\"><span class='avia_hidden_link_text'>Compartir en Whatsapp<\/span><\/a><\/li><li class='av-share-link av-social-link-linkedin' ><a target=\"_blank\" aria-label=\"Compartir en LinkedIn\" href='https:\/\/linkedin.com\/shareArticle?mini=true&#038;title=Justicia%20ordena%20a%20Servicio%20de%20Salud%20y%20hospital%20de%20Ays%C3%A9n%20indemnizar%20a%20familiares%20de%20paciente%20fallecido%20por%20falta%20de%20servicio&#038;url=https:\/\/radiorevelacionfm.cl\/?p=47498' aria-hidden='false' data-av_icon='\ue8fc' data-av_iconfont='entypo-fontello' title='' data-avia-related-tooltip='Compartir en LinkedIn' rel=\"noopener\"><span class='avia_hidden_link_text'>Compartir en LinkedIn<\/span><\/a><\/li><li class='av-share-link av-social-link-mail' ><a  aria-label=\"Compartir por correo\" href='mailto:?subject=Justicia%20ordena%20a%20Servicio%20de%20Salud%20y%20hospital%20de%20Ays%C3%A9n%20indemnizar%20a%20familiares%20de%20paciente%20fallecido%20por%20falta%20de%20servicio&#038;body=https:\/\/radiorevelacionfm.cl\/?p=47498' aria-hidden='false' data-av_icon='\ue805' data-av_iconfont='entypo-fontello' title='' data-avia-related-tooltip='Compartir por correo'><span class='avia_hidden_link_text'>Compartir por correo<\/span><\/a><\/li><\/ul><\/div><\/div>\n<div  style='height:50px' class='hr hr-invisible   avia-builder-el-8  el_after_av_social_share  el_before_av_comments_list '><span class='hr-inner ' ><span class='hr-inner-style'><\/span><\/span><\/div>\n<div  class='av-buildercomment  av-blog-meta-html-info-disabled av-blog-meta-tag-disabled  '><\/div>\n","protected":false},"excerpt":{"rendered":"","protected":false},"author":1,"featured_media":34064,"comment_status":"open","ping_status":"open","sticky":false,"template":"","format":"standard","meta":{"footnotes":""},"categories":[55],"tags":[],"class_list":["post-47498","post","type-post","status-publish","format-standard","has-post-thumbnail","hentry","category-justicia"],"jetpack_featured_media_url":"https:\/\/radiorevelacionfm.cl\/wp-content\/uploads\/2023\/08\/Foto-8-Corte-Coyhaique-1-1.jpg","_links":{"self":[{"href":"https:\/\/radiorevelacionfm.cl\/index.php?rest_route=\/wp\/v2\/posts\/47498","targetHints":{"allow":["GET"]}}],"collection":[{"href":"https:\/\/radiorevelacionfm.cl\/index.php?rest_route=\/wp\/v2\/posts"}],"about":[{"href":"https:\/\/radiorevelacionfm.cl\/index.php?rest_route=\/wp\/v2\/types\/post"}],"author":[{"embeddable":true,"href":"https:\/\/radiorevelacionfm.cl\/index.php?rest_route=\/wp\/v2\/users\/1"}],"replies":[{"embeddable":true,"href":"https:\/\/radiorevelacionfm.cl\/index.php?rest_route=%2Fwp%2Fv2%2Fcomments&post=47498"}],"version-history":[{"count":2,"href":"https:\/\/radiorevelacionfm.cl\/index.php?rest_route=\/wp\/v2\/posts\/47498\/revisions"}],"predecessor-version":[{"id":47500,"href":"https:\/\/radiorevelacionfm.cl\/index.php?rest_route=\/wp\/v2\/posts\/47498\/revisions\/47500"}],"wp:featuredmedia":[{"embeddable":true,"href":"https:\/\/radiorevelacionfm.cl\/index.php?rest_route=\/wp\/v2\/media\/34064"}],"wp:attachment":[{"href":"https:\/\/radiorevelacionfm.cl\/index.php?rest_route=%2Fwp%2Fv2%2Fmedia&parent=47498"}],"wp:term":[{"taxonomy":"category","embeddable":true,"href":"https:\/\/radiorevelacionfm.cl\/index.php?rest_route=%2Fwp%2Fv2%2Fcategories&post=47498"},{"taxonomy":"post_tag","embeddable":true,"href":"https:\/\/radiorevelacionfm.cl\/index.php?rest_route=%2Fwp%2Fv2%2Ftags&post=47498"}],"curies":[{"name":"wp","href":"https:\/\/api.w.org\/{rel}","templated":true}]}}