{"id":47495,"date":"2024-10-28T22:10:14","date_gmt":"2024-10-29T01:10:14","guid":{"rendered":"https:\/\/radiorevelacionfm.cl\/?p=47495"},"modified":"2024-10-28T22:10:14","modified_gmt":"2024-10-29T01:10:14","slug":"inia-e-indap-impulsan-la-agricultura-sostenible-con-talleres-en-puerto-aysen-y-coyhaique","status":"publish","type":"post","link":"https:\/\/radiorevelacionfm.cl\/?p=47495","title":{"rendered":"INIA e INDAP impulsan la agricultura sostenible con talleres en Puerto Ays\u00e9n y Coyhaique"},"content":{"rendered":"<div class=\"flex_column av_one_full  flex_column_div av-zero-column-padding first  avia-builder-el-0  el_before_av_one_full  avia-builder-el-first  \" style='border-radius:0px; '><div  class='avia-image-container  av-styling-    avia-builder-el-1  avia-builder-el-no-sibling  avia-align-center '  itemprop=\"image\" itemscope=\"itemscope\" itemtype=\"https:\/\/schema.org\/ImageObject\"  ><div class='avia-image-container-inner'><div class='avia-image-overlay-wrap'><img decoding=\"async\" class='wp-image-47496 avia-img-lazy-loading-not-47496 avia_image' src=\"https:\/\/radiorevelacionfm.cl\/wp-content\/uploads\/2024\/10\/img_1836-1-1_optimized-1.jpg\" alt='' title='img_1836-(1)-(1)_optimized (1)' height=\"600\" width=\"900\"  itemprop=\"thumbnailUrl\" srcset=\"https:\/\/radiorevelacionfm.cl\/wp-content\/uploads\/2024\/10\/img_1836-1-1_optimized-1.jpg 900w, https:\/\/radiorevelacionfm.cl\/wp-content\/uploads\/2024\/10\/img_1836-1-1_optimized-1-300x200.jpg 300w, https:\/\/radiorevelacionfm.cl\/wp-content\/uploads\/2024\/10\/img_1836-1-1_optimized-1-768x512.jpg 768w, https:\/\/radiorevelacionfm.cl\/wp-content\/uploads\/2024\/10\/img_1836-1-1_optimized-1-705x470.jpg 705w, https:\/\/radiorevelacionfm.cl\/wp-content\/uploads\/2024\/10\/img_1836-1-1_optimized-1-450x300.jpg 450w, https:\/\/radiorevelacionfm.cl\/wp-content\/uploads\/2024\/10\/img_1836-1-1_optimized-1-600x400.jpg 600w\" sizes=\"(max-width: 900px) 100vw, 900px\" \/><\/div><\/div><\/div><\/div><div class=\"flex_column av_one_full  flex_column_div av-zero-column-padding first  avia-builder-el-2  el_after_av_one_full  el_before_av_one_full  column-top-margin\" style='border-radius:0px; '><section class=\"av_textblock_section \"  itemscope=\"itemscope\" itemtype=\"https:\/\/schema.org\/BlogPosting\" itemprop=\"blogPost\" ><div class='avia_textblock  '   itemprop=\"text\" ><p style=\"text-align: center;\"><strong><span style=\"font-size: 18pt;\">INIA e INDAP impulsan la agricultura sostenible con talleres en Puerto Ays\u00e9n y Coyhaique<\/span><\/strong><\/p>\n<div id=\"gtx-trans\" style=\"position: absolute; left: -50px; top: 4.31534px;\">\n<div class=\"gtx-trans-icon\"><\/div>\n<\/div>\n<\/div><\/section><\/div><div class=\"flex_column av_one_full  flex_column_div av-zero-column-padding first  avia-builder-el-4  el_after_av_one_full  el_before_av_hr  column-top-margin\" style='border-radius:0px; '><section class=\"av_textblock_section \"  itemscope=\"itemscope\" itemtype=\"https:\/\/schema.org\/BlogPosting\" itemprop=\"blogPost\" ><div class='avia_textblock  '   itemprop=\"text\" ><p style=\"text-align: justify;\">Con el objetivo de promover una producci\u00f3n hortofrut\u00edcola m\u00e1s sostenible en la regi\u00f3n de Ays\u00e9n, se realizaron dos talleres te\u00f3rico-pr\u00e1cticos en el marco del programa Transici\u00f3n a la Agricultura Sostenible (TAS), ejecutado por el Instituto de Investigaciones Agropecuarias (INIA) en conjunto con el Instituto de Desarrollo Agropecuario (INDAP), ambos del Ministerio de Agricultura. Las actividades se desarrollaron en los predios de las productoras Elena Gallardo, en el sector Pangal de Puerto Ays\u00e9n, y de Amanda Rivera, en el sector El Claro de Coyhaique.<\/p>\n<p style=\"text-align: justify;\">El programa TAS busca ofrecer asesor\u00eda t\u00e9cnica especializada e incentivos econ\u00f3micos a peque\u00f1os agricultores, promoviendo la adopci\u00f3n de pr\u00e1cticas m\u00e1s sostenibles y agroecol\u00f3gicas. Seg\u00fan explic\u00f3 Jessica Lagos, directora regional de INDAP, la iniciativa ha permitido \u00abfortalecer la agricultura familiar campesina e ind\u00edgena, producir alimentos sanos e inocuos, que son esenciales para nuestra poblaci\u00f3n, y ser responsables con el medio ambiente\u00bb. Lagos enfatiz\u00f3 adem\u00e1s, que producir alimentos en la regi\u00f3n tambi\u00e9n ayuda a reducir la huella de carbono, asociada al transporte de productos desde otras zonas del pa\u00eds.<\/p>\n<p style=\"text-align: justify;\">En ambos talleres, se abordaron temas claves para la agricultura sostenible, como la preparaci\u00f3n de suelos y el uso de herramientas manuales de m\u00ednima labranza. Estas t\u00e9cnicas, permiten preservar la estructura del suelo y reducir la erosi\u00f3n, promoviendo pr\u00e1cticas respetuosas con el medio ambiente. Camila Reyes, directora de INIA Tamel Aike, destac\u00f3 que \u00abesta alianza estrat\u00e9gica entre INIA e INDAP facilita la capacitaci\u00f3n de los productores, \u00a0estamos abordando el uso de herramientas que facilitan el trabajo de nuestras productoras y productores, a fin de cuidar su salud y tambi\u00e9n hacer que su tiempo sea mucho m\u00e1s eficiente en la producci\u00f3n\u00bb.<\/p>\n<p style=\"text-align: justify;\">Elena Gallardo, productora de Puerto Ays\u00e9n y anfitriona del primer taller, valor\u00f3 la importancia de estos espacios, y del programa \u00a0para las mujeres campesinas. \u00abEl programa TAS nos ha ayudado a comprar las herramientas, a que tengamos nuestros abono. La gente que no sabe, aprende. Nos juntamos y compartimos los saberes\u00bb, se\u00f1al\u00f3.<\/p>\n<p style=\"text-align: justify;\">Amanda Rivera, quien alberg\u00f3 el segundo taller en Coyhaique, coincidi\u00f3 en la importancia del programa. \u00abEl TAS para nosotros ha sido un tremendo apoyo y estos talleres son muy pr\u00e1cticos, pues nos permiten conocer y aprender del uso de estas herramientas que nos pueden facilitar las labores y que sea mucho m\u00e1s llevadera nuestra labor diaria como agricultores\u00bb, coment\u00f3.<\/p>\n<p style=\"text-align: justify;\">En la actividad, Gonzalo Guzm\u00e1n de\u00a0Bima Chile realiz\u00f3 dos sesiones te\u00f3rico-pr\u00e1cticas sobre el uso de herramientas manuales de m\u00ednima labranza, acompa\u00f1ado de la profesional asesora del Programa TAS de la Regi\u00f3n de Ays\u00e9n, Magdalena Mansilla. Guzm\u00e1n explic\u00f3 que estas herramientas \u00abpermiten realizar labores agr\u00edcolas en menor tiempo, optimizando tareas como la preparaci\u00f3n de suelos, siembra y trasplante\u00bb. El experto agradeci\u00f3 el compromiso de INDAP e INIA en su apoyo a la peque\u00f1a agricultura familiar campesina e ind\u00edgena, destacando que \u00abestas herramientas modernas cambian la vida del agricultor\u00bb.<\/p>\n<p style=\"text-align: justify;\">Los talleres fueron coordinados por los investigadores de INIA Tamel Aike, Mar\u00eda Paz Mart\u00ednez y Rodrigo Neculm\u00e1n, quienes destacaron el valor de la capacitaci\u00f3n continua para mejorar las pr\u00e1cticas hortofrut\u00edcolas en la regi\u00f3n.<\/p>\n<\/div><\/section><\/div><div  style='height:50px' class='hr hr-invisible   avia-builder-el-6  el_after_av_one_full  el_before_av_social_share '><span class='hr-inner ' ><span class='hr-inner-style'><\/span><\/span><\/div><\/p>\n<div  class='av-social-sharing-box  avia-builder-el-7  el_after_av_hr  el_before_av_hr  '><div class='av-share-box'><h5 class='av-share-link-description av-no-toc '>Compartir esta noticia<\/h5><ul class='av-share-box-list noLightbox'><li class='av-share-link av-social-link-facebook' ><a target=\"_blank\" aria-label=\"Compartir en Facebook\" href='https:\/\/www.facebook.com\/sharer.php?u=https:\/\/radiorevelacionfm.cl\/?p=47495&#038;t=INIA%20e%20INDAP%20impulsan%20la%20agricultura%20sostenible%20con%20talleres%20en%20Puerto%20Ays%C3%A9n%20y%20Coyhaique' aria-hidden='false' data-av_icon='\ue8f3' data-av_iconfont='entypo-fontello' title='' data-avia-related-tooltip='Compartir en Facebook' rel=\"noopener\"><span class='avia_hidden_link_text'>Compartir en Facebook<\/span><\/a><\/li><li class='av-share-link av-social-link-twitter' ><a target=\"_blank\" aria-label=\"Compartir en Twitter\" href='https:\/\/twitter.com\/share?text=INIA%20e%20INDAP%20impulsan%20la%20agricultura%20sostenible%20con%20talleres%20en%20Puerto%20Ays%C3%A9n%20y%20Coyhaique&#038;url=https:\/\/radiorevelacionfm.cl\/?p=47495' aria-hidden='false' data-av_icon='\ue8f1' data-av_iconfont='entypo-fontello' title='' data-avia-related-tooltip='Compartir en Twitter' rel=\"noopener\"><span class='avia_hidden_link_text'>Compartir en Twitter<\/span><\/a><\/li><li class='av-share-link av-social-link-whatsapp' ><a target=\"_blank\" aria-label=\"Compartir en Whatsapp\" href='https:\/\/api.whatsapp.com\/send?text=https:\/\/radiorevelacionfm.cl\/?p=47495' aria-hidden='false' data-av_icon='\uf232' data-av_iconfont='entypo-fontello' title='' data-avia-related-tooltip='Compartir en Whatsapp' rel=\"noopener\"><span class='avia_hidden_link_text'>Compartir en Whatsapp<\/span><\/a><\/li><li class='av-share-link av-social-link-linkedin' ><a target=\"_blank\" aria-label=\"Compartir en LinkedIn\" href='https:\/\/linkedin.com\/shareArticle?mini=true&#038;title=INIA%20e%20INDAP%20impulsan%20la%20agricultura%20sostenible%20con%20talleres%20en%20Puerto%20Ays%C3%A9n%20y%20Coyhaique&#038;url=https:\/\/radiorevelacionfm.cl\/?p=47495' aria-hidden='false' data-av_icon='\ue8fc' data-av_iconfont='entypo-fontello' title='' data-avia-related-tooltip='Compartir en LinkedIn' rel=\"noopener\"><span class='avia_hidden_link_text'>Compartir en LinkedIn<\/span><\/a><\/li><li class='av-share-link av-social-link-mail' ><a  aria-label=\"Compartir por correo\" href='mailto:?subject=INIA%20e%20INDAP%20impulsan%20la%20agricultura%20sostenible%20con%20talleres%20en%20Puerto%20Ays%C3%A9n%20y%20Coyhaique&#038;body=https:\/\/radiorevelacionfm.cl\/?p=47495' aria-hidden='false' data-av_icon='\ue805' data-av_iconfont='entypo-fontello' title='' data-avia-related-tooltip='Compartir por correo'><span class='avia_hidden_link_text'>Compartir por correo<\/span><\/a><\/li><\/ul><\/div><\/div>\n<div  style='height:50px' class='hr hr-invisible   avia-builder-el-8  el_after_av_social_share  el_before_av_comments_list '><span class='hr-inner ' ><span class='hr-inner-style'><\/span><\/span><\/div>\n<div  class='av-buildercomment  av-blog-meta-html-info-disabled av-blog-meta-tag-disabled  '><\/div>\n","protected":false},"excerpt":{"rendered":"","protected":false},"author":1,"featured_media":47496,"comment_status":"open","ping_status":"open","sticky":false,"template":"","format":"standard","meta":{"footnotes":""},"categories":[58],"tags":[],"class_list":["post-47495","post","type-post","status-publish","format-standard","has-post-thumbnail","hentry","category-agricultura"],"jetpack_featured_media_url":"https:\/\/radiorevelacionfm.cl\/wp-content\/uploads\/2024\/10\/img_1836-1-1_optimized-1.jpg","_links":{"self":[{"href":"https:\/\/radiorevelacionfm.cl\/index.php?rest_route=\/wp\/v2\/posts\/47495","targetHints":{"allow":["GET"]}}],"collection":[{"href":"https:\/\/radiorevelacionfm.cl\/index.php?rest_route=\/wp\/v2\/posts"}],"about":[{"href":"https:\/\/radiorevelacionfm.cl\/index.php?rest_route=\/wp\/v2\/types\/post"}],"author":[{"embeddable":true,"href":"https:\/\/radiorevelacionfm.cl\/index.php?rest_route=\/wp\/v2\/users\/1"}],"replies":[{"embeddable":true,"href":"https:\/\/radiorevelacionfm.cl\/index.php?rest_route=%2Fwp%2Fv2%2Fcomments&post=47495"}],"version-history":[{"count":1,"href":"https:\/\/radiorevelacionfm.cl\/index.php?rest_route=\/wp\/v2\/posts\/47495\/revisions"}],"predecessor-version":[{"id":47497,"href":"https:\/\/radiorevelacionfm.cl\/index.php?rest_route=\/wp\/v2\/posts\/47495\/revisions\/47497"}],"wp:featuredmedia":[{"embeddable":true,"href":"https:\/\/radiorevelacionfm.cl\/index.php?rest_route=\/wp\/v2\/media\/47496"}],"wp:attachment":[{"href":"https:\/\/radiorevelacionfm.cl\/index.php?rest_route=%2Fwp%2Fv2%2Fmedia&parent=47495"}],"wp:term":[{"taxonomy":"category","embeddable":true,"href":"https:\/\/radiorevelacionfm.cl\/index.php?rest_route=%2Fwp%2Fv2%2Fcategories&post=47495"},{"taxonomy":"post_tag","embeddable":true,"href":"https:\/\/radiorevelacionfm.cl\/index.php?rest_route=%2Fwp%2Fv2%2Ftags&post=47495"}],"curies":[{"name":"wp","href":"https:\/\/api.w.org\/{rel}","templated":true}]}}