{"id":47487,"date":"2024-10-28T12:09:09","date_gmt":"2024-10-28T15:09:09","guid":{"rendered":"https:\/\/radiorevelacionfm.cl\/?p=47487"},"modified":"2024-10-28T12:09:09","modified_gmt":"2024-10-28T15:09:09","slug":"mineduc-presenta-propuesta-oficial-para-la-reparacion-de-la-deuda-historica-docente","status":"publish","type":"post","link":"https:\/\/radiorevelacionfm.cl\/?p=47487","title":{"rendered":"Mineduc presenta propuesta oficial para la reparaci\u00f3n de la Deuda Hist\u00f3rica docente"},"content":{"rendered":"<div class=\"flex_column av_one_full  flex_column_div av-zero-column-padding first  avia-builder-el-0  el_before_av_one_full  avia-builder-el-first  \" style='border-radius:0px; '><div  class='avia-image-container  av-styling-    avia-builder-el-1  avia-builder-el-no-sibling  avia-align-center '  itemprop=\"image\" itemscope=\"itemscope\" itemtype=\"https:\/\/schema.org\/ImageObject\"  ><div class='avia-image-container-inner'><div class='avia-image-overlay-wrap'><img decoding=\"async\" class='wp-image-31660 avia-img-lazy-loading-not-31660 avia_image' src=\"https:\/\/radiorevelacionfm.cl\/wp-content\/uploads\/2023\/06\/Seremi-Isabel-Garrido-1-1.jpg\" alt='' title='Seremi Isabel Garrido (1) (1)' height=\"600\" width=\"899\"  itemprop=\"thumbnailUrl\" srcset=\"https:\/\/radiorevelacionfm.cl\/wp-content\/uploads\/2023\/06\/Seremi-Isabel-Garrido-1-1.jpg 899w, https:\/\/radiorevelacionfm.cl\/wp-content\/uploads\/2023\/06\/Seremi-Isabel-Garrido-1-1-300x200.jpg 300w, https:\/\/radiorevelacionfm.cl\/wp-content\/uploads\/2023\/06\/Seremi-Isabel-Garrido-1-1-768x513.jpg 768w, https:\/\/radiorevelacionfm.cl\/wp-content\/uploads\/2023\/06\/Seremi-Isabel-Garrido-1-1-705x471.jpg 705w, https:\/\/radiorevelacionfm.cl\/wp-content\/uploads\/2023\/06\/Seremi-Isabel-Garrido-1-1-450x300.jpg 450w, https:\/\/radiorevelacionfm.cl\/wp-content\/uploads\/2023\/06\/Seremi-Isabel-Garrido-1-1-600x400.jpg 600w\" sizes=\"(max-width: 899px) 100vw, 899px\" \/><\/div><\/div><\/div><\/div><div class=\"flex_column av_one_full  flex_column_div av-zero-column-padding first  avia-builder-el-2  el_after_av_one_full  el_before_av_one_full  column-top-margin\" style='border-radius:0px; '><section class=\"av_textblock_section \"  itemscope=\"itemscope\" itemtype=\"https:\/\/schema.org\/BlogPosting\" itemprop=\"blogPost\" ><div class='avia_textblock  '   itemprop=\"text\" ><p style=\"text-align: center;\"><span style=\"font-size: 18pt;\"><b>Mineduc presenta propuesta oficial para la reparaci\u00f3n de la Deuda Hist\u00f3rica docente<\/b><\/span><\/p>\n<div id=\"gtx-trans\" style=\"position: absolute; left: -50px; top: 4.31534px;\">\n<div class=\"gtx-trans-icon\"><\/div>\n<\/div>\n<\/div><\/section><\/div><div class=\"flex_column av_one_full  flex_column_div av-zero-column-padding first  avia-builder-el-4  el_after_av_one_full  el_before_av_hr  column-top-margin\" style='border-radius:0px; '><section class=\"av_textblock_section \"  itemscope=\"itemscope\" itemtype=\"https:\/\/schema.org\/BlogPosting\" itemprop=\"blogPost\" ><div class='avia_textblock  '   itemprop=\"text\" ><p class=\"v1MsoNormal\" style=\"text-align: justify;\" align=\"center\"><i>El esquema contempla un pago de $4,5 millones a cada profesor afectado vivo, beneficiando a m\u00e1s de 57 mil docentes. La SEREMI de Educaci\u00f3n Isabel Garrido destac\u00f3 que: \u00abPor primera vez que un gobierno pone sobre la mesa un monto concreto y preciso de reparaci\u00f3n de la deuda hist\u00f3rica\u00bb.<\/i><b><\/b><\/p>\n<p class=\"v1MsoNormal\" style=\"text-align: justify;\">Esta semana el ministro de Educaci\u00f3n, Nicol\u00e1s Cataldo, le entreg\u00f3 a la directiva del Colegio de Profesoras y Profesores la propuesta final del Gobierno para el pago de reparaci\u00f3n de la llamada Deuda Hist\u00f3rica docente, avanzando as\u00ed en uno de los compromisos del Presidente Gabriel Boric.<\/p>\n<p class=\"v1MsoNormal\" style=\"text-align: justify;\">La Deuda Hist\u00f3rica es el perjuicio salarial que sufrieron miles de profesoras y profesores de escuelas p\u00fablicas durante la dictadura, cuando la administraci\u00f3n de los establecimientos fue traspasada desde el Estado a las municipalidades, lo que impidi\u00f3 que las y los docentes recibieran el reajuste salarial del Decreto Ley N\u00b0 3.551 (Art\u00edculo 40), que fue desconocido por sus nuevos empleadores.<\/p>\n<p class=\"v1MsoNormal\" style=\"text-align: justify;\">La propuesta de reparaci\u00f3n del Mineduc contempla un pago de $4,5 millones a cada docente afectado vivo, partiendo por el grupo de mayor edad para continuar con los profesores de menor edad sucesivamente. El pago se har\u00e1 en dos cuotas (octubre y enero del a\u00f1o siguiente) y se contempla la transmisibilidad en caso de que el titular fallezca durante el proceso.<\/p>\n<p class=\"v1MsoNormal\" style=\"text-align: justify;\">Con esta propuesta, se beneficiar\u00e1 a 57.560 docentes\u00a0afectados por la Deuda Hist\u00f3rica, que est\u00e1n en las bases de datos del Mineduc, y la reparaci\u00f3n tendr\u00e1 un costo de $259 mil millones para el Estado, distribuidos en seis a\u00f1os.<\/p>\n<p class=\"v1MsoNormal\" style=\"text-align: justify;\">El ministro Nicol\u00e1s Cataldo dice que la presentaci\u00f3n de este esquema de pago, que el magisterio someter\u00e1 a votaci\u00f3n este 28 y 29 de octubre, \u00abes un hecho hist\u00f3rico, porque nunca un gobierno hab\u00eda puesto sobre la mesa una propuesta de reparaci\u00f3n de la Deuda Hist\u00f3rica; m\u00e1s bien lo que hab\u00edamos tenido era una negaci\u00f3n de la existencia de este perjuicio\u00bb.<\/p>\n<p class=\"v1MsoNormal\" style=\"text-align: justify;\">\u00abComo Gobierno hemos hecho el mejor esfuerzo posible. Algunos pensar\u00e1n que el monto es muy bajo, otros criticar\u00e1n que el pa\u00eds tiene otras prioridades. Pero cuando ofrecemos esta reparaci\u00f3n, lo hacemos pensando en que tenemos una deuda pendiente con las y los docentes del pa\u00eds, con quienes nos educaron y nos abrieron el camino en la vida. Y esos docentes no pueden esperar m\u00e1s\u00bb, agrega.<\/p>\n<p class=\"v1MsoNormal\" style=\"text-align: justify;\">Por su parte la SEREMI de Educaci\u00f3n Isabel Garrido destac\u00f3 que: \u00abPor primera vez que un gobierno pone sobre la mesa un monto concreto y preciso de reparaci\u00f3n de la deuda hist\u00f3rica. Sabemos que este monto no repara lo que se le adeuda a las profesoras y profesores afectados. En el pasado el colegio de profesores tuvo incluso que discutir y defender la existencia de esta deuda y hoy se ha hecho el m\u00e1ximo esfuerzo fiscal, tras un proceso de negociaci\u00f3n que ha involucrado al Ministerio de Educaci\u00f3n, la Direcci\u00f3n de Presupuesto y el Colegio de Profesores. Creemos que esta propuesta es un acto de justicia y de reparaci\u00f3n a\u00a0 un profesorado que ha dado su vida por la educaci\u00f3n de ni\u00f1as y ni\u00f1os en Chile y ahora estamos atentos a la respuesta que entreguen las\u00a0 y los profesores a esta propuesta en la consulta p\u00fablica porque ello le dar\u00e1 un piso a la propuesta que como gobierno se presentar\u00e1 al Congreso Nacional como proyecto de reparaci\u00f3n a la deuda hist\u00f3rica\u00bb.<\/p>\n<\/div><\/section><\/div><div  style='height:50px' class='hr hr-invisible   avia-builder-el-6  el_after_av_one_full  el_before_av_social_share '><span class='hr-inner ' ><span class='hr-inner-style'><\/span><\/span><\/div><\/p>\n<div  class='av-social-sharing-box  avia-builder-el-7  el_after_av_hr  el_before_av_hr  '><div class='av-share-box'><h5 class='av-share-link-description av-no-toc '>Compartir esta noticia<\/h5><ul class='av-share-box-list noLightbox'><li class='av-share-link av-social-link-facebook' ><a target=\"_blank\" aria-label=\"Compartir en Facebook\" href='https:\/\/www.facebook.com\/sharer.php?u=https:\/\/radiorevelacionfm.cl\/?p=47487&#038;t=Mineduc%20presenta%20propuesta%20oficial%20para%20la%20reparaci%C3%B3n%20de%20la%20Deuda%20Hist%C3%B3rica%20docente' aria-hidden='false' data-av_icon='\ue8f3' data-av_iconfont='entypo-fontello' title='' data-avia-related-tooltip='Compartir en Facebook' rel=\"noopener\"><span class='avia_hidden_link_text'>Compartir en Facebook<\/span><\/a><\/li><li class='av-share-link av-social-link-twitter' ><a target=\"_blank\" aria-label=\"Compartir en Twitter\" href='https:\/\/twitter.com\/share?text=Mineduc%20presenta%20propuesta%20oficial%20para%20la%20reparaci%C3%B3n%20de%20la%20Deuda%20Hist%C3%B3rica%20docente&#038;url=https:\/\/radiorevelacionfm.cl\/?p=47487' aria-hidden='false' data-av_icon='\ue8f1' data-av_iconfont='entypo-fontello' title='' data-avia-related-tooltip='Compartir en Twitter' rel=\"noopener\"><span class='avia_hidden_link_text'>Compartir en Twitter<\/span><\/a><\/li><li class='av-share-link av-social-link-whatsapp' ><a target=\"_blank\" aria-label=\"Compartir en Whatsapp\" href='https:\/\/api.whatsapp.com\/send?text=https:\/\/radiorevelacionfm.cl\/?p=47487' aria-hidden='false' data-av_icon='\uf232' data-av_iconfont='entypo-fontello' title='' data-avia-related-tooltip='Compartir en Whatsapp' rel=\"noopener\"><span class='avia_hidden_link_text'>Compartir en Whatsapp<\/span><\/a><\/li><li class='av-share-link av-social-link-linkedin' ><a target=\"_blank\" aria-label=\"Compartir en LinkedIn\" href='https:\/\/linkedin.com\/shareArticle?mini=true&#038;title=Mineduc%20presenta%20propuesta%20oficial%20para%20la%20reparaci%C3%B3n%20de%20la%20Deuda%20Hist%C3%B3rica%20docente&#038;url=https:\/\/radiorevelacionfm.cl\/?p=47487' aria-hidden='false' data-av_icon='\ue8fc' data-av_iconfont='entypo-fontello' title='' data-avia-related-tooltip='Compartir en LinkedIn' rel=\"noopener\"><span class='avia_hidden_link_text'>Compartir en LinkedIn<\/span><\/a><\/li><li class='av-share-link av-social-link-mail' ><a  aria-label=\"Compartir por correo\" href='mailto:?subject=Mineduc%20presenta%20propuesta%20oficial%20para%20la%20reparaci%C3%B3n%20de%20la%20Deuda%20Hist%C3%B3rica%20docente&#038;body=https:\/\/radiorevelacionfm.cl\/?p=47487' aria-hidden='false' data-av_icon='\ue805' data-av_iconfont='entypo-fontello' title='' data-avia-related-tooltip='Compartir por correo'><span class='avia_hidden_link_text'>Compartir por correo<\/span><\/a><\/li><\/ul><\/div><\/div>\n<div  style='height:50px' class='hr hr-invisible   avia-builder-el-8  el_after_av_social_share  el_before_av_comments_list '><span class='hr-inner ' ><span class='hr-inner-style'><\/span><\/span><\/div>\n<div  class='av-buildercomment  av-blog-meta-html-info-disabled av-blog-meta-tag-disabled  '><\/div>\n","protected":false},"excerpt":{"rendered":"","protected":false},"author":1,"featured_media":31660,"comment_status":"open","ping_status":"open","sticky":false,"template":"","format":"standard","meta":{"footnotes":""},"categories":[49],"tags":[],"class_list":["post-47487","post","type-post","status-publish","format-standard","has-post-thumbnail","hentry","category-educacion"],"jetpack_featured_media_url":"https:\/\/radiorevelacionfm.cl\/wp-content\/uploads\/2023\/06\/Seremi-Isabel-Garrido-1-1.jpg","_links":{"self":[{"href":"https:\/\/radiorevelacionfm.cl\/index.php?rest_route=\/wp\/v2\/posts\/47487","targetHints":{"allow":["GET"]}}],"collection":[{"href":"https:\/\/radiorevelacionfm.cl\/index.php?rest_route=\/wp\/v2\/posts"}],"about":[{"href":"https:\/\/radiorevelacionfm.cl\/index.php?rest_route=\/wp\/v2\/types\/post"}],"author":[{"embeddable":true,"href":"https:\/\/radiorevelacionfm.cl\/index.php?rest_route=\/wp\/v2\/users\/1"}],"replies":[{"embeddable":true,"href":"https:\/\/radiorevelacionfm.cl\/index.php?rest_route=%2Fwp%2Fv2%2Fcomments&post=47487"}],"version-history":[{"count":1,"href":"https:\/\/radiorevelacionfm.cl\/index.php?rest_route=\/wp\/v2\/posts\/47487\/revisions"}],"predecessor-version":[{"id":47488,"href":"https:\/\/radiorevelacionfm.cl\/index.php?rest_route=\/wp\/v2\/posts\/47487\/revisions\/47488"}],"wp:featuredmedia":[{"embeddable":true,"href":"https:\/\/radiorevelacionfm.cl\/index.php?rest_route=\/wp\/v2\/media\/31660"}],"wp:attachment":[{"href":"https:\/\/radiorevelacionfm.cl\/index.php?rest_route=%2Fwp%2Fv2%2Fmedia&parent=47487"}],"wp:term":[{"taxonomy":"category","embeddable":true,"href":"https:\/\/radiorevelacionfm.cl\/index.php?rest_route=%2Fwp%2Fv2%2Fcategories&post=47487"},{"taxonomy":"post_tag","embeddable":true,"href":"https:\/\/radiorevelacionfm.cl\/index.php?rest_route=%2Fwp%2Fv2%2Ftags&post=47487"}],"curies":[{"name":"wp","href":"https:\/\/api.w.org\/{rel}","templated":true}]}}