{"id":47484,"date":"2024-10-28T10:33:48","date_gmt":"2024-10-28T13:33:48","guid":{"rendered":"https:\/\/radiorevelacionfm.cl\/?p=47484"},"modified":"2024-10-28T10:33:48","modified_gmt":"2024-10-28T13:33:48","slug":"carabineros-de-la-seccion-aerea-coyhaique-realizo-traslado-aeromedico-de-urgencia-a-paciente-durante-jornada-electoral","status":"publish","type":"post","link":"https:\/\/radiorevelacionfm.cl\/?p=47484","title":{"rendered":"Carabineros de la Secci\u00f3n A\u00e9rea Coyhaique realiz\u00f3 traslado aerom\u00e9dico de urgencia a paciente durante jornada electoral"},"content":{"rendered":"<div class=\"flex_column av_one_full  flex_column_div av-zero-column-padding first  avia-builder-el-0  el_before_av_one_full  avia-builder-el-first  \" style='border-radius:0px; '><div  class='avia-image-container  av-styling-    avia-builder-el-1  avia-builder-el-no-sibling  avia-align-center '  itemprop=\"image\" itemscope=\"itemscope\" itemtype=\"https:\/\/schema.org\/ImageObject\"  ><div class='avia-image-container-inner'><div class='avia-image-overlay-wrap'><img decoding=\"async\" class='wp-image-47485 avia-img-lazy-loading-not-47485 avia_image' src=\"https:\/\/radiorevelacionfm.cl\/wp-content\/uploads\/2024\/10\/sin-titulo-3-2-1_optimized-1.jpg\" alt='' title='sin-t\u00edtulo-3-(2)-(1)_optimized (1)' height=\"600\" width=\"1090\"  itemprop=\"thumbnailUrl\" srcset=\"https:\/\/radiorevelacionfm.cl\/wp-content\/uploads\/2024\/10\/sin-titulo-3-2-1_optimized-1.jpg 1090w, https:\/\/radiorevelacionfm.cl\/wp-content\/uploads\/2024\/10\/sin-titulo-3-2-1_optimized-1-300x165.jpg 300w, https:\/\/radiorevelacionfm.cl\/wp-content\/uploads\/2024\/10\/sin-titulo-3-2-1_optimized-1-1030x567.jpg 1030w, https:\/\/radiorevelacionfm.cl\/wp-content\/uploads\/2024\/10\/sin-titulo-3-2-1_optimized-1-768x423.jpg 768w, https:\/\/radiorevelacionfm.cl\/wp-content\/uploads\/2024\/10\/sin-titulo-3-2-1_optimized-1-705x388.jpg 705w, https:\/\/radiorevelacionfm.cl\/wp-content\/uploads\/2024\/10\/sin-titulo-3-2-1_optimized-1-450x248.jpg 450w, https:\/\/radiorevelacionfm.cl\/wp-content\/uploads\/2024\/10\/sin-titulo-3-2-1_optimized-1-600x330.jpg 600w\" sizes=\"(max-width: 1090px) 100vw, 1090px\" \/><\/div><\/div><\/div><\/div><div class=\"flex_column av_one_full  flex_column_div av-zero-column-padding first  avia-builder-el-2  el_after_av_one_full  el_before_av_one_full  column-top-margin\" style='border-radius:0px; '><section class=\"av_textblock_section \"  itemscope=\"itemscope\" itemtype=\"https:\/\/schema.org\/BlogPosting\" itemprop=\"blogPost\" ><div class='avia_textblock  '   itemprop=\"text\" ><p style=\"text-align: center;\"><span style=\"font-size: 18pt;\"><b><span lang=\"ES\">Carabineros de la Secci\u00f3n A\u00e9rea Coyhaique realiz\u00f3 traslado aerom\u00e9dico de urgencia a paciente durante jornada electoral<\/span><\/b><\/span><\/p>\n<div id=\"gtx-trans\" style=\"position: absolute; left: -50px; top: 4.31534px;\">\n<div class=\"gtx-trans-icon\"><\/div>\n<\/div>\n<\/div><\/section><\/div><div class=\"flex_column av_one_full  flex_column_div av-zero-column-padding first  avia-builder-el-4  el_after_av_one_full  el_before_av_hr  column-top-margin\" style='border-radius:0px; '><section class=\"av_textblock_section \"  itemscope=\"itemscope\" itemtype=\"https:\/\/schema.org\/BlogPosting\" itemprop=\"blogPost\" ><div class='avia_textblock  '   itemprop=\"text\" ><p class=\"v1gmail-MsoListParagraphCxSpFirst\" style=\"text-align: justify;\"><em><span lang=\"ES\">La aeronave institucional junto a un equipo Samu concurrieron hasta orillas del r\u00edo Avellano -cerca de Puerto Cristal- y traslad\u00f3 de urgencia a una paciente por una posible fractura.<\/span><\/em><\/p>\n<p class=\"v1gmail-MsoListParagraphCxSpLast\" style=\"text-align: justify;\"><em><span lang=\"ES\">Se trata de un lugar apartado distante a unas ocho horas en caballo hasta Puerto Ingeniero Ib\u00e1\u00f1ez, traslado hacia Coyhaique que se materializ\u00f3 en poco m\u00e1s de una hora de vuelo.<\/span><\/em><\/p>\n<p class=\"v1MsoNormal\" style=\"text-align: justify;\"><span lang=\"ES\">Mientras se desarrollaba un patrullaje a\u00e9reo en el contexto del plan de servicios por las elecciones regionales y municipales en que igualmente se verific\u00f3 los flujos vehiculares durante el fin de semana c\u00edvico, Carabineros de la Secci\u00f3n A\u00e9rea fue requerido por el Samu para un traslado aerom\u00e9dico de una paciente desde un lugar de dif\u00edcil acceso en la cuenca del Lago General Carrera.<\/span><\/p>\n<p class=\"v1MsoNormal\" style=\"text-align: justify;\"><span lang=\"ES\">Tras reportar el requerimiento a la Zona de Carabineros Ays\u00e9n, la aeronave retorn\u00f3 al hangar institucional, efectuando el cambio de configuraci\u00f3n y tras su reabastecimiento despeg\u00f3 junto a un equipo reanimador del Samu en direcci\u00f3n a la comuna de R\u00edo Ib\u00e1\u00f1ez.<\/span><\/p>\n<p class=\"v1MsoNormal\" style=\"text-align: justify;\"><span lang=\"ES\">Enfrentando un fuerte viento reinante, el helic\u00f3ptero institucional al mando del Capit\u00e1n Rodrigo Moreno Gonz\u00e1lez y del Teniente V\u00edctor Reyes Cruces lleg\u00f3 a orillas del r\u00edo El Avellano, cerca de Puerto Cristal.<\/span><\/p>\n<p class=\"v1MsoNormal\" style=\"text-align: justify;\"><span lang=\"ES\">\u00abEs un lugar de muy dif\u00edcil acceso, de otra forma no hubiese sido posible llegar, eran ocho horas en caballo solamente para llegar a Ib\u00e1\u00f1ez. Concurrimos junto al equipo Samu \u2013enfermera y reanimador- y afortunadamente estaban las condiciones para aterrizar. Personal Samu se aboc\u00f3 a estabilizar la lesi\u00f3n en una de sus extremidades \u2013al parecer fractura- pero eso hay que corroborarlo o descartarlo mediante ex\u00e1menes en el hospital regional\u00bb, indic\u00f3 el Jefe de la Secci\u00f3n A\u00e9rea de Coyhaique, Capit\u00e1n Rodrigo Moreno Gonz\u00e1lez.<\/span><\/p>\n<p class=\"v1MsoNormal\" style=\"text-align: justify;\"><span lang=\"ES\">Seg\u00fan indic\u00f3 el Oficial, el equipo Samu realiz\u00f3 un primer diagn\u00f3stico de la paciente en el sector desde donde se efectu\u00f3 su traslado, pudiendo fijar mediante f\u00e9rulas la extremidad, para acto seguido ser embarcada en la aeronave y trasladada al principal recinto de salud de la regi\u00f3n.<\/span><\/p>\n<p class=\"v1MsoNormal\" style=\"text-align: justify;\"><span lang=\"ES\">El Oficial a\u00f1adi\u00f3 que el traslado se concret\u00f3 en poco m\u00e1s de una hora, trayecto en que debieron sortear el fuerte viento reinante, pudiendo arribar sin contratiempos al helipuerto del hospital regional de Coyhaique, lugar donde esperaba un equipo de emergencias para su chequeo y atenci\u00f3n m\u00e9dica especializada.<\/span><\/p>\n<\/div><\/section><\/div><div  style='height:50px' class='hr hr-invisible   avia-builder-el-6  el_after_av_one_full  el_before_av_social_share '><span class='hr-inner ' ><span class='hr-inner-style'><\/span><\/span><\/div><\/p>\n<div  class='av-social-sharing-box  avia-builder-el-7  el_after_av_hr  el_before_av_hr  '><div class='av-share-box'><h5 class='av-share-link-description av-no-toc '>Compartir esta noticia<\/h5><ul class='av-share-box-list noLightbox'><li class='av-share-link av-social-link-facebook' ><a target=\"_blank\" aria-label=\"Compartir en Facebook\" href='https:\/\/www.facebook.com\/sharer.php?u=https:\/\/radiorevelacionfm.cl\/?p=47484&#038;t=Carabineros%20de%20la%20Secci%C3%B3n%20A%C3%A9rea%20Coyhaique%20realiz%C3%B3%20traslado%20aerom%C3%A9dico%20de%20urgencia%20a%20paciente%20durante%20jornada%20electoral' aria-hidden='false' data-av_icon='\ue8f3' data-av_iconfont='entypo-fontello' title='' data-avia-related-tooltip='Compartir en Facebook' rel=\"noopener\"><span class='avia_hidden_link_text'>Compartir en Facebook<\/span><\/a><\/li><li class='av-share-link av-social-link-twitter' ><a target=\"_blank\" aria-label=\"Compartir en Twitter\" href='https:\/\/twitter.com\/share?text=Carabineros%20de%20la%20Secci%C3%B3n%20A%C3%A9rea%20Coyhaique%20realiz%C3%B3%20traslado%20aerom%C3%A9dico%20de%20urgencia%20a%20paciente%20durante%20jornada%20electoral&#038;url=https:\/\/radiorevelacionfm.cl\/?p=47484' aria-hidden='false' data-av_icon='\ue8f1' data-av_iconfont='entypo-fontello' title='' data-avia-related-tooltip='Compartir en Twitter' rel=\"noopener\"><span class='avia_hidden_link_text'>Compartir en Twitter<\/span><\/a><\/li><li class='av-share-link av-social-link-whatsapp' ><a target=\"_blank\" aria-label=\"Compartir en Whatsapp\" href='https:\/\/api.whatsapp.com\/send?text=https:\/\/radiorevelacionfm.cl\/?p=47484' aria-hidden='false' data-av_icon='\uf232' data-av_iconfont='entypo-fontello' title='' data-avia-related-tooltip='Compartir en Whatsapp' rel=\"noopener\"><span class='avia_hidden_link_text'>Compartir en Whatsapp<\/span><\/a><\/li><li class='av-share-link av-social-link-linkedin' ><a target=\"_blank\" aria-label=\"Compartir en LinkedIn\" href='https:\/\/linkedin.com\/shareArticle?mini=true&#038;title=Carabineros%20de%20la%20Secci%C3%B3n%20A%C3%A9rea%20Coyhaique%20realiz%C3%B3%20traslado%20aerom%C3%A9dico%20de%20urgencia%20a%20paciente%20durante%20jornada%20electoral&#038;url=https:\/\/radiorevelacionfm.cl\/?p=47484' aria-hidden='false' data-av_icon='\ue8fc' data-av_iconfont='entypo-fontello' title='' data-avia-related-tooltip='Compartir en LinkedIn' rel=\"noopener\"><span class='avia_hidden_link_text'>Compartir en LinkedIn<\/span><\/a><\/li><li class='av-share-link av-social-link-mail' ><a  aria-label=\"Compartir por correo\" href='mailto:?subject=Carabineros%20de%20la%20Secci%C3%B3n%20A%C3%A9rea%20Coyhaique%20realiz%C3%B3%20traslado%20aerom%C3%A9dico%20de%20urgencia%20a%20paciente%20durante%20jornada%20electoral&#038;body=https:\/\/radiorevelacionfm.cl\/?p=47484' aria-hidden='false' data-av_icon='\ue805' data-av_iconfont='entypo-fontello' title='' data-avia-related-tooltip='Compartir por correo'><span class='avia_hidden_link_text'>Compartir por correo<\/span><\/a><\/li><\/ul><\/div><\/div>\n<div  style='height:50px' class='hr hr-invisible   avia-builder-el-8  el_after_av_social_share  el_before_av_comments_list '><span class='hr-inner ' ><span class='hr-inner-style'><\/span><\/span><\/div>\n<div  class='av-buildercomment  av-blog-meta-html-info-disabled av-blog-meta-tag-disabled  '><\/div>\n","protected":false},"excerpt":{"rendered":"","protected":false},"author":1,"featured_media":47485,"comment_status":"open","ping_status":"open","sticky":false,"template":"","format":"standard","meta":{"footnotes":""},"categories":[36],"tags":[],"class_list":["post-47484","post","type-post","status-publish","format-standard","has-post-thumbnail","hentry","category-policial"],"jetpack_featured_media_url":"https:\/\/radiorevelacionfm.cl\/wp-content\/uploads\/2024\/10\/sin-titulo-3-2-1_optimized-1.jpg","_links":{"self":[{"href":"https:\/\/radiorevelacionfm.cl\/index.php?rest_route=\/wp\/v2\/posts\/47484","targetHints":{"allow":["GET"]}}],"collection":[{"href":"https:\/\/radiorevelacionfm.cl\/index.php?rest_route=\/wp\/v2\/posts"}],"about":[{"href":"https:\/\/radiorevelacionfm.cl\/index.php?rest_route=\/wp\/v2\/types\/post"}],"author":[{"embeddable":true,"href":"https:\/\/radiorevelacionfm.cl\/index.php?rest_route=\/wp\/v2\/users\/1"}],"replies":[{"embeddable":true,"href":"https:\/\/radiorevelacionfm.cl\/index.php?rest_route=%2Fwp%2Fv2%2Fcomments&post=47484"}],"version-history":[{"count":1,"href":"https:\/\/radiorevelacionfm.cl\/index.php?rest_route=\/wp\/v2\/posts\/47484\/revisions"}],"predecessor-version":[{"id":47486,"href":"https:\/\/radiorevelacionfm.cl\/index.php?rest_route=\/wp\/v2\/posts\/47484\/revisions\/47486"}],"wp:featuredmedia":[{"embeddable":true,"href":"https:\/\/radiorevelacionfm.cl\/index.php?rest_route=\/wp\/v2\/media\/47485"}],"wp:attachment":[{"href":"https:\/\/radiorevelacionfm.cl\/index.php?rest_route=%2Fwp%2Fv2%2Fmedia&parent=47484"}],"wp:term":[{"taxonomy":"category","embeddable":true,"href":"https:\/\/radiorevelacionfm.cl\/index.php?rest_route=%2Fwp%2Fv2%2Fcategories&post=47484"},{"taxonomy":"post_tag","embeddable":true,"href":"https:\/\/radiorevelacionfm.cl\/index.php?rest_route=%2Fwp%2Fv2%2Ftags&post=47484"}],"curies":[{"name":"wp","href":"https:\/\/api.w.org\/{rel}","templated":true}]}}