{"id":47481,"date":"2024-10-28T10:22:10","date_gmt":"2024-10-28T13:22:10","guid":{"rendered":"https:\/\/radiorevelacionfm.cl\/?p=47481"},"modified":"2024-10-28T10:22:10","modified_gmt":"2024-10-28T13:22:10","slug":"productores-fruticolas-de-lago-verde-y-la-junta-mejoran-sus-cultivos-con-apoyo-de-indap","status":"publish","type":"post","link":"https:\/\/radiorevelacionfm.cl\/?p=47481","title":{"rendered":"Productores frut\u00edcolas de Lago Verde y La Junta mejoran sus cultivos con apoyo de Indap"},"content":{"rendered":"<div class=\"flex_column av_one_full  flex_column_div av-zero-column-padding first  avia-builder-el-0  el_before_av_one_full  avia-builder-el-first  \" style='border-radius:0px; '><div  class='avia-image-container  av-styling-    avia-builder-el-1  avia-builder-el-no-sibling  avia-align-center '  itemprop=\"image\" itemscope=\"itemscope\" itemtype=\"https:\/\/schema.org\/ImageObject\"  ><div class='avia-image-container-inner'><div class='avia-image-overlay-wrap'><img decoding=\"async\" class='wp-image-47482 avia-img-lazy-loading-not-47482 avia_image' src=\"https:\/\/radiorevelacionfm.cl\/wp-content\/uploads\/2024\/10\/jornada-frutales-3-1_optimized-1.jpeg\" alt='' title='jornada-frutales-3-(1)_optimized (1)' height=\"600\" width=\"1019\"  itemprop=\"thumbnailUrl\" srcset=\"https:\/\/radiorevelacionfm.cl\/wp-content\/uploads\/2024\/10\/jornada-frutales-3-1_optimized-1.jpeg 1019w, https:\/\/radiorevelacionfm.cl\/wp-content\/uploads\/2024\/10\/jornada-frutales-3-1_optimized-1-300x177.jpeg 300w, https:\/\/radiorevelacionfm.cl\/wp-content\/uploads\/2024\/10\/jornada-frutales-3-1_optimized-1-768x452.jpeg 768w, https:\/\/radiorevelacionfm.cl\/wp-content\/uploads\/2024\/10\/jornada-frutales-3-1_optimized-1-705x415.jpeg 705w, https:\/\/radiorevelacionfm.cl\/wp-content\/uploads\/2024\/10\/jornada-frutales-3-1_optimized-1-450x265.jpeg 450w, https:\/\/radiorevelacionfm.cl\/wp-content\/uploads\/2024\/10\/jornada-frutales-3-1_optimized-1-600x353.jpeg 600w\" sizes=\"(max-width: 1019px) 100vw, 1019px\" \/><\/div><\/div><\/div><\/div><div class=\"flex_column av_one_full  flex_column_div av-zero-column-padding first  avia-builder-el-2  el_after_av_one_full  el_before_av_one_full  column-top-margin\" style='border-radius:0px; '><section class=\"av_textblock_section \"  itemscope=\"itemscope\" itemtype=\"https:\/\/schema.org\/BlogPosting\" itemprop=\"blogPost\" ><div class='avia_textblock  '   itemprop=\"text\" ><p style=\"text-align: center;\"><strong><span style=\"font-size: 18pt;\">Productores frut\u00edcolas de Lago Verde y La Junta mejoran sus cultivos con apoyo de Indap<\/span><\/strong><\/p>\n<div id=\"gtx-trans\" style=\"position: absolute; left: -50px; top: 4.31534px;\">\n<div class=\"gtx-trans-icon\"><\/div>\n<\/div>\n<\/div><\/section><\/div><div class=\"flex_column av_one_full  flex_column_div av-zero-column-padding first  avia-builder-el-4  el_after_av_one_full  el_before_av_hr  column-top-margin\" style='border-radius:0px; '><section class=\"av_textblock_section \"  itemscope=\"itemscope\" itemtype=\"https:\/\/schema.org\/BlogPosting\" itemprop=\"blogPost\" ><div class='avia_textblock  '   itemprop=\"text\" ><p style=\"text-align: justify;\">Con la llegada de la primavera, la producci\u00f3n frut\u00edcola en la Regi\u00f3n de Ays\u00e9n cobra especial relevancia, marcando un momento clave para fortalecer la soberan\u00eda alimentaria y diversificar los cultivos de la agricultura familiar campesina. En este contexto, INDAP Ays\u00e9n del Ministerio de Agricultura ha llevado a cabo tres exitosas jornadas de desarrollo frut\u00edcola en las localidades de Lago Verde y La Junta, capacitando a productoras y productores locales en el manejo de frutales mayores y menores lideradas por el profesional del programa de Frutales INDAP Jorge Huichalaf. Estas jornadas han sido una oportunidad para aprender en terreno y reforzar el conocimiento de los ciclos naturales que impulsan la producci\u00f3n agr\u00edcola en nuestra regi\u00f3n, y contaron con la participaci\u00f3n y apoyo t\u00e9cnico de los equipos del Programa de Desarrollo Local (PRODESAL) y Servicio de Asesor\u00eda T\u00e9cnica (SAT).<\/p>\n<p style=\"text-align: justify;\">La directora regional de INDAP, Yessica Lagos C\u00e1rdenas, subray\u00f3 la importancia de estas capacitaciones: \u00abestas jornadas representan una oportunidad valiosa para nuestras familias campesinas de Ays\u00e9n. Cada vez que capacitamos a nuestras familias productoras en el manejo de frutales, contribuimos al fortalecimiento de su autonom\u00eda sobre la producci\u00f3n de sus alimentos, permiti\u00e9ndoles mejorar la calidad de sus cultivos y avanzar hacia una agricultura m\u00e1s sostenible. Nos llena de orgullo ver c\u00f3mo estas acciones fortalecen a las comunidades rurales, impulsando su crecimiento y soberan\u00eda alimentaria.\u00bb<\/p>\n<p style=\"text-align: justify;\">Durante tres d\u00edas, las jornadas se desarrollaron con un programa intensivo que incluy\u00f3 visitas prediales y d\u00edas de campo en los predios de distintas productoras y productores de la zona. El primer d\u00eda, en La Junta, se revisaron t\u00e9cnicas de manejo y se compartieron experiencias en la producci\u00f3n local de frutales. Al d\u00eda siguiente, en Lago Verde, se realiz\u00f3 un d\u00eda de campo coordinado por el equipo de PRODESAL, donde se abord\u00f3 el manejo de frutales mayores y menores, seguido de una visita en terreno. Finalmente, el tercer d\u00eda culmin\u00f3 con una jornada de campo en La Junta, en la que se continu\u00f3 perfeccionando las t\u00e9cnicas frut\u00edcolas con el apoyo de los t\u00e9cnicos de PRODESAL Cisnes, Marcia Irarr\u00e1zaval y Bryan D\u00edaz, junto a Guillermo Seguel, jefe t\u00e9cnico de PRODESAL Lago Verde y Alejandro Rudloff Coordinador SAT.<\/p>\n<p style=\"text-align: justify;\">Elia Carrera Loaiza, productora local de Lago Verde participante de la actividad, expres\u00f3: \u00abHa sido una experiencia enriquecedora poder trabajar directamente en nuestros predios con el apoyo de expertos. Gracias a este apoyo estamos aprendiendo a cuidar de manera m\u00e1s eficiente nuestros cultivos para seguir creciendo y aportando a la comunidad rural.\u00bb Asimismo, la jefa de \u00e1rea INDAP de la Junta, Carolina Vel\u00e1squez, expres\u00f3 su entusiasmo por las jornadas de aprendizaje de las que la comunidad local fue parte: \u201cEste tipo de capacitaciones son clave para que las comunidades campesinas de localidades como La Junta y Lago Verde sigan desarroll\u00e1ndose y fortaleciendo su autonom\u00eda productiva, contribuyendo al bienestar de todo el territorio a trav\u00e9s de producci\u00f3n de alimentos sanos y naturales\u201d.<\/p>\n<p style=\"text-align: justify;\">Con estas jornadas, INDAP avanza en su misi\u00f3n de promover una agricultura sostenible y resiliente. Una agricultura sostenible significa producir de manera equilibrada, respetando los ciclos naturales y utilizando recursos de forma eficiente para garantizar la productividad a largo plazo. La resiliencia, por otro lado, es la capacidad de nuestras productoras y productores para adaptarse a las condiciones clim\u00e1ticas cambiantes, asegurando su bienestar y la continuidad de sus cultivos. Por ello, este tipo de iniciativas contribuyen a preparar a nuestras familias ayseninas en temas de producci\u00f3n y nutrici\u00f3n vegetal, pr\u00e1cticas agroecol\u00f3gicas de manejo de frutales y la importancia de conocer las variables clim\u00e1ticas, entregando herramientas concretas para seguir enfrentando los desaf\u00edos del mundo rural.<\/p>\n<\/div><\/section><\/div><div  style='height:50px' class='hr hr-invisible   avia-builder-el-6  el_after_av_one_full  el_before_av_social_share '><span class='hr-inner ' ><span class='hr-inner-style'><\/span><\/span><\/div><\/p>\n<div  class='av-social-sharing-box  avia-builder-el-7  el_after_av_hr  el_before_av_hr  '><div class='av-share-box'><h5 class='av-share-link-description av-no-toc '>Compartir esta noticia<\/h5><ul class='av-share-box-list noLightbox'><li class='av-share-link av-social-link-facebook' ><a target=\"_blank\" aria-label=\"Compartir en Facebook\" href='https:\/\/www.facebook.com\/sharer.php?u=https:\/\/radiorevelacionfm.cl\/?p=47481&#038;t=Productores%20frut%C3%ADcolas%20de%20Lago%20Verde%20y%20La%20Junta%20mejoran%20sus%20cultivos%20con%20apoyo%20de%20Indap' aria-hidden='false' data-av_icon='\ue8f3' data-av_iconfont='entypo-fontello' title='' data-avia-related-tooltip='Compartir en Facebook' rel=\"noopener\"><span class='avia_hidden_link_text'>Compartir en Facebook<\/span><\/a><\/li><li class='av-share-link av-social-link-twitter' ><a target=\"_blank\" aria-label=\"Compartir en Twitter\" href='https:\/\/twitter.com\/share?text=Productores%20frut%C3%ADcolas%20de%20Lago%20Verde%20y%20La%20Junta%20mejoran%20sus%20cultivos%20con%20apoyo%20de%20Indap&#038;url=https:\/\/radiorevelacionfm.cl\/?p=47481' aria-hidden='false' data-av_icon='\ue8f1' data-av_iconfont='entypo-fontello' title='' data-avia-related-tooltip='Compartir en Twitter' rel=\"noopener\"><span class='avia_hidden_link_text'>Compartir en Twitter<\/span><\/a><\/li><li class='av-share-link av-social-link-whatsapp' ><a target=\"_blank\" aria-label=\"Compartir en Whatsapp\" href='https:\/\/api.whatsapp.com\/send?text=https:\/\/radiorevelacionfm.cl\/?p=47481' aria-hidden='false' data-av_icon='\uf232' data-av_iconfont='entypo-fontello' title='' data-avia-related-tooltip='Compartir en Whatsapp' rel=\"noopener\"><span class='avia_hidden_link_text'>Compartir en Whatsapp<\/span><\/a><\/li><li class='av-share-link av-social-link-linkedin' ><a target=\"_blank\" aria-label=\"Compartir en LinkedIn\" href='https:\/\/linkedin.com\/shareArticle?mini=true&#038;title=Productores%20frut%C3%ADcolas%20de%20Lago%20Verde%20y%20La%20Junta%20mejoran%20sus%20cultivos%20con%20apoyo%20de%20Indap&#038;url=https:\/\/radiorevelacionfm.cl\/?p=47481' aria-hidden='false' data-av_icon='\ue8fc' data-av_iconfont='entypo-fontello' title='' data-avia-related-tooltip='Compartir en LinkedIn' rel=\"noopener\"><span class='avia_hidden_link_text'>Compartir en LinkedIn<\/span><\/a><\/li><li class='av-share-link av-social-link-mail' ><a  aria-label=\"Compartir por correo\" href='mailto:?subject=Productores%20frut%C3%ADcolas%20de%20Lago%20Verde%20y%20La%20Junta%20mejoran%20sus%20cultivos%20con%20apoyo%20de%20Indap&#038;body=https:\/\/radiorevelacionfm.cl\/?p=47481' aria-hidden='false' data-av_icon='\ue805' data-av_iconfont='entypo-fontello' title='' data-avia-related-tooltip='Compartir por correo'><span class='avia_hidden_link_text'>Compartir por correo<\/span><\/a><\/li><\/ul><\/div><\/div>\n<div  style='height:50px' class='hr hr-invisible   avia-builder-el-8  el_after_av_social_share  el_before_av_comments_list '><span class='hr-inner ' ><span class='hr-inner-style'><\/span><\/span><\/div>\n<div  class='av-buildercomment  av-blog-meta-html-info-disabled av-blog-meta-tag-disabled  '><\/div>\n","protected":false},"excerpt":{"rendered":"","protected":false},"author":1,"featured_media":47482,"comment_status":"open","ping_status":"open","sticky":false,"template":"","format":"standard","meta":{"footnotes":""},"categories":[58],"tags":[],"class_list":["post-47481","post","type-post","status-publish","format-standard","has-post-thumbnail","hentry","category-agricultura"],"jetpack_featured_media_url":"https:\/\/radiorevelacionfm.cl\/wp-content\/uploads\/2024\/10\/jornada-frutales-3-1_optimized-1.jpeg","_links":{"self":[{"href":"https:\/\/radiorevelacionfm.cl\/index.php?rest_route=\/wp\/v2\/posts\/47481","targetHints":{"allow":["GET"]}}],"collection":[{"href":"https:\/\/radiorevelacionfm.cl\/index.php?rest_route=\/wp\/v2\/posts"}],"about":[{"href":"https:\/\/radiorevelacionfm.cl\/index.php?rest_route=\/wp\/v2\/types\/post"}],"author":[{"embeddable":true,"href":"https:\/\/radiorevelacionfm.cl\/index.php?rest_route=\/wp\/v2\/users\/1"}],"replies":[{"embeddable":true,"href":"https:\/\/radiorevelacionfm.cl\/index.php?rest_route=%2Fwp%2Fv2%2Fcomments&post=47481"}],"version-history":[{"count":1,"href":"https:\/\/radiorevelacionfm.cl\/index.php?rest_route=\/wp\/v2\/posts\/47481\/revisions"}],"predecessor-version":[{"id":47483,"href":"https:\/\/radiorevelacionfm.cl\/index.php?rest_route=\/wp\/v2\/posts\/47481\/revisions\/47483"}],"wp:featuredmedia":[{"embeddable":true,"href":"https:\/\/radiorevelacionfm.cl\/index.php?rest_route=\/wp\/v2\/media\/47482"}],"wp:attachment":[{"href":"https:\/\/radiorevelacionfm.cl\/index.php?rest_route=%2Fwp%2Fv2%2Fmedia&parent=47481"}],"wp:term":[{"taxonomy":"category","embeddable":true,"href":"https:\/\/radiorevelacionfm.cl\/index.php?rest_route=%2Fwp%2Fv2%2Fcategories&post=47481"},{"taxonomy":"post_tag","embeddable":true,"href":"https:\/\/radiorevelacionfm.cl\/index.php?rest_route=%2Fwp%2Fv2%2Ftags&post=47481"}],"curies":[{"name":"wp","href":"https:\/\/api.w.org\/{rel}","templated":true}]}}