{"id":47478,"date":"2024-10-28T10:05:13","date_gmt":"2024-10-28T13:05:13","guid":{"rendered":"https:\/\/radiorevelacionfm.cl\/?p=47478"},"modified":"2024-10-28T10:05:13","modified_gmt":"2024-10-28T13:05:13","slug":"la-patagonia-chilena-sera-protagonista-de-la-cumbre-mas-importante-del-turismo-aventura-mundial-en-2025","status":"publish","type":"post","link":"https:\/\/radiorevelacionfm.cl\/?p=47478","title":{"rendered":"La Patagonia chilena ser\u00e1 protagonista de la cumbre m\u00e1s importante del turismo aventura mundial en 2025"},"content":{"rendered":"<div class=\"flex_column av_one_full  flex_column_div av-zero-column-padding first  avia-builder-el-0  el_before_av_one_full  avia-builder-el-first  \" style='border-radius:0px; '><div  class='avia-image-container  av-styling-    avia-builder-el-1  avia-builder-el-no-sibling  avia-align-center '  itemprop=\"image\" itemscope=\"itemscope\" itemtype=\"https:\/\/schema.org\/ImageObject\"  ><div class='avia-image-container-inner'><div class='avia-image-overlay-wrap'><img decoding=\"async\" class='wp-image-47479 avia-img-lazy-loading-not-47479 avia_image' src=\"https:\/\/radiorevelacionfm.cl\/wp-content\/uploads\/2024\/10\/atta-delegacioin-chilena-1_optimized.jpg\" alt='' title='atta-delegacio\u00ecn-chilena-(1)_optimized' height=\"600\" width=\"800\"  itemprop=\"thumbnailUrl\" srcset=\"https:\/\/radiorevelacionfm.cl\/wp-content\/uploads\/2024\/10\/atta-delegacioin-chilena-1_optimized.jpg 800w, https:\/\/radiorevelacionfm.cl\/wp-content\/uploads\/2024\/10\/atta-delegacioin-chilena-1_optimized-300x225.jpg 300w, https:\/\/radiorevelacionfm.cl\/wp-content\/uploads\/2024\/10\/atta-delegacioin-chilena-1_optimized-768x576.jpg 768w, https:\/\/radiorevelacionfm.cl\/wp-content\/uploads\/2024\/10\/atta-delegacioin-chilena-1_optimized-705x529.jpg 705w, https:\/\/radiorevelacionfm.cl\/wp-content\/uploads\/2024\/10\/atta-delegacioin-chilena-1_optimized-450x338.jpg 450w, https:\/\/radiorevelacionfm.cl\/wp-content\/uploads\/2024\/10\/atta-delegacioin-chilena-1_optimized-600x450.jpg 600w\" sizes=\"(max-width: 800px) 100vw, 800px\" \/><\/div><\/div><\/div><\/div><div class=\"flex_column av_one_full  flex_column_div av-zero-column-padding first  avia-builder-el-2  el_after_av_one_full  el_before_av_one_full  column-top-margin\" style='border-radius:0px; '><section class=\"av_textblock_section \"  itemscope=\"itemscope\" itemtype=\"https:\/\/schema.org\/BlogPosting\" itemprop=\"blogPost\" ><div class='avia_textblock  '   itemprop=\"text\" ><p style=\"text-align: center;\"><strong><span style=\"font-size: 18pt;\">La Patagonia chilena ser\u00e1 protagonista de la cumbre m\u00e1s importante del turismo aventura mundial en 2025<\/span><\/strong><\/p>\n<div id=\"gtx-trans\" style=\"position: absolute; left: -50px; top: 4.31534px;\">\n<div class=\"gtx-trans-icon\"><\/div>\n<\/div>\n<\/div><\/section><\/div><div class=\"flex_column av_one_full  flex_column_div av-zero-column-padding first  avia-builder-el-4  el_after_av_one_full  el_before_av_hr  column-top-margin\" style='border-radius:0px; '><section class=\"av_textblock_section \"  itemscope=\"itemscope\" itemtype=\"https:\/\/schema.org\/BlogPosting\" itemprop=\"blogPost\" ><div class='avia_textblock  '   itemprop=\"text\" ><p style=\"text-align: justify;\"><strong><em>La Adventure Travel Trade Association (ATTA) ha seleccionado a Chile como el pa\u00eds anfitri\u00f3n de su evento anual del pr\u00f3ximo a\u00f1o, atrayendo a cerca de mil visitantes a la Regi\u00f3n de Magallanes y la Ant\u00e1rtica Chilena.<\/em><\/strong><\/p>\n<p style=\"text-align: justify;\">En un emocionante anuncio durante la versi\u00f3n 2024 de la Adventure Travel World Summit, realizada en Panam\u00e1, se confirm\u00f3 que Chile ser\u00e1 el pa\u00eds anfitri\u00f3n del evento m\u00e1s importante del turismo aventura a nivel global en 2025. La regi\u00f3n de Magallanes y la Ant\u00e1rtica Chilena ser\u00e1 el escenario para recibir a operadores tur\u00edsticos, expertos y profesionales del sector, posicionando a Chile, y por su puesto a la Patagonia completa, como el epicentro del turismo aventura.<\/p>\n<p style=\"text-align: justify;\">Claudia Huepe, empresaria de cicloturismo y representante de Cicloaustral, que fue parte de del ATTA 2024, expres\u00f3 que \u00abpara nosotros, como operadores de cicloturismo en la regi\u00f3n, este encuentro represent\u00f3 una oportunidad invaluable. Aprendimos de los principales actores de la industria y discutimos temas relevantes para nuestro futuro, como la normativa y la proyecci\u00f3n de nuestra actividad\u00bb. Huepe a\u00f1adi\u00f3 que esperan que la cumbre en la Patagonia el pr\u00f3ximo a\u00f1o permita fortalezca las relaciones con tour operadores internacionales y marcar a\u00fan m\u00e1s la presencia del destino.<\/p>\n<p style=\"text-align: justify;\">Por su parte, Mary Brys de Senderos Patagonia, que tambi\u00e9n fue parte de la reciente versi\u00f3n de esta cumbre, destac\u00f3 la importancia de la participaci\u00f3n en estos eventos. \u00abEs una gran oportunidad para hacer contactos y aprender sobre nuevas ideas y tecnolog\u00edas en turismo. Y para nuestra regi\u00f3n de Ays\u00e9n es sumamente importante la participaci\u00f3n en este tipo de ferias para darle visibilidad como un destino, explicar qu\u00e9 es la Ruta 7, la Carretera Austral y, adem\u00e1s, nuestros parques nacionales\u00bb.<\/p>\n<p style=\"text-align: justify;\">Claudio Montecinos, director de Sernatur Ays\u00e9n, destac\u00f3 la participaci\u00f3n de Ays\u00e9n Patagonia como destino junto las empresas tur\u00edsticas regionales: Senderos Patagonia, Manke Chile, Pared Sur, Cicloaustral y Gran Patagonia, y coment\u00f3 que \u00abnuestra participaci\u00f3n en el ATTA responde a nuestra estrategia de promoci\u00f3n tur\u00edstica. Este anuncio de que la cumbre se realice en Chile es crucial para el desarrollo del turismo en nuestro pa\u00eds y especialmente para Ays\u00e9n, fortaleciendo nuestro posicionamiento a nivel internacional\u00bb.<\/p>\n<p style=\"text-align: justify;\">La Adventure Travel World Summit no solo atraer\u00e1 a los principales operadores de turismo aventura y naturaleza del mundo, sino que tambi\u00e9n generar\u00e1 un impacto econ\u00f3mico significativo en las comunidades locales, promoviendo el intercambio de buenas pr\u00e1cticas hacia un turismo sostenible.<\/p>\n<p style=\"text-align: justify;\">Este evento representa una plataforma \u00fanica para explorar nuevas tendencias en viajes y establecer conexiones comerciales, lo que beneficiar\u00e1 a toda la oferta tur\u00edstica nacional y en especial a la Patagonia chilena por su condici\u00f3n de turismo de naturaleza.<\/p>\n<\/div><\/section><\/div><div  style='height:50px' class='hr hr-invisible   avia-builder-el-6  el_after_av_one_full  el_before_av_social_share '><span class='hr-inner ' ><span class='hr-inner-style'><\/span><\/span><\/div><\/p>\n<div  class='av-social-sharing-box  avia-builder-el-7  el_after_av_hr  el_before_av_hr  '><div class='av-share-box'><h5 class='av-share-link-description av-no-toc '>Compartir esta noticia<\/h5><ul class='av-share-box-list noLightbox'><li class='av-share-link av-social-link-facebook' ><a target=\"_blank\" aria-label=\"Compartir en Facebook\" href='https:\/\/www.facebook.com\/sharer.php?u=https:\/\/radiorevelacionfm.cl\/?p=47478&#038;t=La%20Patagonia%20chilena%20ser%C3%A1%20protagonista%20de%20la%20cumbre%20m%C3%A1s%20importante%20del%20turismo%20aventura%20mundial%20en%202025' aria-hidden='false' data-av_icon='\ue8f3' data-av_iconfont='entypo-fontello' title='' data-avia-related-tooltip='Compartir en Facebook' rel=\"noopener\"><span class='avia_hidden_link_text'>Compartir en Facebook<\/span><\/a><\/li><li class='av-share-link av-social-link-twitter' ><a target=\"_blank\" aria-label=\"Compartir en Twitter\" href='https:\/\/twitter.com\/share?text=La%20Patagonia%20chilena%20ser%C3%A1%20protagonista%20de%20la%20cumbre%20m%C3%A1s%20importante%20del%20turismo%20aventura%20mundial%20en%202025&#038;url=https:\/\/radiorevelacionfm.cl\/?p=47478' aria-hidden='false' data-av_icon='\ue8f1' data-av_iconfont='entypo-fontello' title='' data-avia-related-tooltip='Compartir en Twitter' rel=\"noopener\"><span class='avia_hidden_link_text'>Compartir en Twitter<\/span><\/a><\/li><li class='av-share-link av-social-link-whatsapp' ><a target=\"_blank\" aria-label=\"Compartir en Whatsapp\" href='https:\/\/api.whatsapp.com\/send?text=https:\/\/radiorevelacionfm.cl\/?p=47478' aria-hidden='false' data-av_icon='\uf232' data-av_iconfont='entypo-fontello' title='' data-avia-related-tooltip='Compartir en Whatsapp' rel=\"noopener\"><span class='avia_hidden_link_text'>Compartir en Whatsapp<\/span><\/a><\/li><li class='av-share-link av-social-link-linkedin' ><a target=\"_blank\" aria-label=\"Compartir en LinkedIn\" href='https:\/\/linkedin.com\/shareArticle?mini=true&#038;title=La%20Patagonia%20chilena%20ser%C3%A1%20protagonista%20de%20la%20cumbre%20m%C3%A1s%20importante%20del%20turismo%20aventura%20mundial%20en%202025&#038;url=https:\/\/radiorevelacionfm.cl\/?p=47478' aria-hidden='false' data-av_icon='\ue8fc' data-av_iconfont='entypo-fontello' title='' data-avia-related-tooltip='Compartir en LinkedIn' rel=\"noopener\"><span class='avia_hidden_link_text'>Compartir en LinkedIn<\/span><\/a><\/li><li class='av-share-link av-social-link-mail' ><a  aria-label=\"Compartir por correo\" href='mailto:?subject=La%20Patagonia%20chilena%20ser%C3%A1%20protagonista%20de%20la%20cumbre%20m%C3%A1s%20importante%20del%20turismo%20aventura%20mundial%20en%202025&#038;body=https:\/\/radiorevelacionfm.cl\/?p=47478' aria-hidden='false' data-av_icon='\ue805' data-av_iconfont='entypo-fontello' title='' data-avia-related-tooltip='Compartir por correo'><span class='avia_hidden_link_text'>Compartir por correo<\/span><\/a><\/li><\/ul><\/div><\/div>\n<div  style='height:50px' class='hr hr-invisible   avia-builder-el-8  el_after_av_social_share  el_before_av_comments_list '><span class='hr-inner ' ><span class='hr-inner-style'><\/span><\/span><\/div>\n<div  class='av-buildercomment  av-blog-meta-html-info-disabled av-blog-meta-tag-disabled  '><\/div>\n","protected":false},"excerpt":{"rendered":"","protected":false},"author":1,"featured_media":47479,"comment_status":"open","ping_status":"open","sticky":false,"template":"","format":"standard","meta":{"footnotes":""},"categories":[54],"tags":[],"class_list":["post-47478","post","type-post","status-publish","format-standard","has-post-thumbnail","hentry","category-turismo"],"jetpack_featured_media_url":"https:\/\/radiorevelacionfm.cl\/wp-content\/uploads\/2024\/10\/atta-delegacioin-chilena-1_optimized.jpg","_links":{"self":[{"href":"https:\/\/radiorevelacionfm.cl\/index.php?rest_route=\/wp\/v2\/posts\/47478","targetHints":{"allow":["GET"]}}],"collection":[{"href":"https:\/\/radiorevelacionfm.cl\/index.php?rest_route=\/wp\/v2\/posts"}],"about":[{"href":"https:\/\/radiorevelacionfm.cl\/index.php?rest_route=\/wp\/v2\/types\/post"}],"author":[{"embeddable":true,"href":"https:\/\/radiorevelacionfm.cl\/index.php?rest_route=\/wp\/v2\/users\/1"}],"replies":[{"embeddable":true,"href":"https:\/\/radiorevelacionfm.cl\/index.php?rest_route=%2Fwp%2Fv2%2Fcomments&post=47478"}],"version-history":[{"count":1,"href":"https:\/\/radiorevelacionfm.cl\/index.php?rest_route=\/wp\/v2\/posts\/47478\/revisions"}],"predecessor-version":[{"id":47480,"href":"https:\/\/radiorevelacionfm.cl\/index.php?rest_route=\/wp\/v2\/posts\/47478\/revisions\/47480"}],"wp:featuredmedia":[{"embeddable":true,"href":"https:\/\/radiorevelacionfm.cl\/index.php?rest_route=\/wp\/v2\/media\/47479"}],"wp:attachment":[{"href":"https:\/\/radiorevelacionfm.cl\/index.php?rest_route=%2Fwp%2Fv2%2Fmedia&parent=47478"}],"wp:term":[{"taxonomy":"category","embeddable":true,"href":"https:\/\/radiorevelacionfm.cl\/index.php?rest_route=%2Fwp%2Fv2%2Fcategories&post=47478"},{"taxonomy":"post_tag","embeddable":true,"href":"https:\/\/radiorevelacionfm.cl\/index.php?rest_route=%2Fwp%2Fv2%2Ftags&post=47478"}],"curies":[{"name":"wp","href":"https:\/\/api.w.org\/{rel}","templated":true}]}}