{"id":47475,"date":"2024-10-25T20:45:40","date_gmt":"2024-10-25T23:45:40","guid":{"rendered":"https:\/\/radiorevelacionfm.cl\/?p=47475"},"modified":"2024-10-25T20:45:40","modified_gmt":"2024-10-25T23:45:40","slug":"elecciones-del-26-y-27-de-octubre-carabineros-se-capacita-a-nivel-nacional-para-acoger-constancias-por-estar-a-mas-de-200-kilometros-del-lugar-de-votacion","status":"publish","type":"post","link":"https:\/\/radiorevelacionfm.cl\/?p=47475","title":{"rendered":"Elecciones del 26 y 27 de octubre: Carabineros se capacita a nivel nacional para acoger constancias por estar a m\u00e1s de 200 kil\u00f3metros del lugar de votaci\u00f3n"},"content":{"rendered":"<div class=\"flex_column av_one_full  flex_column_div av-zero-column-padding first  avia-builder-el-0  el_before_av_one_full  avia-builder-el-first  \" style='border-radius:0px; '><div  class='avia-image-container  av-styling-    avia-builder-el-1  avia-builder-el-no-sibling  avia-align-center '  itemprop=\"image\" itemscope=\"itemscope\" itemtype=\"https:\/\/schema.org\/ImageObject\"  ><div class='avia-image-container-inner'><div class='avia-image-overlay-wrap'><img decoding=\"async\" class='wp-image-47476 avia-img-lazy-loading-not-47476 avia_image' src=\"https:\/\/radiorevelacionfm.cl\/wp-content\/uploads\/2024\/10\/260a2f66-feff-463c-a209-73c71ded8d14-1-1.jpg\" alt='' title='260a2f66-feff-463c-a209-73c71ded8d14 (1) (1)' height=\"600\" width=\"900\"  itemprop=\"thumbnailUrl\" srcset=\"https:\/\/radiorevelacionfm.cl\/wp-content\/uploads\/2024\/10\/260a2f66-feff-463c-a209-73c71ded8d14-1-1.jpg 900w, https:\/\/radiorevelacionfm.cl\/wp-content\/uploads\/2024\/10\/260a2f66-feff-463c-a209-73c71ded8d14-1-1-300x200.jpg 300w, https:\/\/radiorevelacionfm.cl\/wp-content\/uploads\/2024\/10\/260a2f66-feff-463c-a209-73c71ded8d14-1-1-768x512.jpg 768w, https:\/\/radiorevelacionfm.cl\/wp-content\/uploads\/2024\/10\/260a2f66-feff-463c-a209-73c71ded8d14-1-1-705x470.jpg 705w, https:\/\/radiorevelacionfm.cl\/wp-content\/uploads\/2024\/10\/260a2f66-feff-463c-a209-73c71ded8d14-1-1-450x300.jpg 450w, https:\/\/radiorevelacionfm.cl\/wp-content\/uploads\/2024\/10\/260a2f66-feff-463c-a209-73c71ded8d14-1-1-600x400.jpg 600w\" sizes=\"(max-width: 900px) 100vw, 900px\" \/><\/div><\/div><\/div><\/div><div class=\"flex_column av_one_full  flex_column_div av-zero-column-padding first  avia-builder-el-2  el_after_av_one_full  el_before_av_one_full  column-top-margin\" style='border-radius:0px; '><section class=\"av_textblock_section \"  itemscope=\"itemscope\" itemtype=\"https:\/\/schema.org\/BlogPosting\" itemprop=\"blogPost\" ><div class='avia_textblock  '   itemprop=\"text\" ><p style=\"text-align: center;\"><strong><span style=\"font-size: 18pt;\">Elecciones del 26 y 27 de octubre: Carabineros se capacita a nivel nacional para acoger constancias por estar a m\u00e1s de 200 kil\u00f3metros del lugar de votaci\u00f3n<\/span><\/strong><\/p>\n<div id=\"gtx-trans\" style=\"position: absolute; left: -50px; top: 4.31534px;\">\n<div class=\"gtx-trans-icon\"><\/div>\n<\/div>\n<\/div><\/section><\/div><div class=\"flex_column av_one_full  flex_column_div av-zero-column-padding first  avia-builder-el-4  el_after_av_one_full  el_before_av_hr  column-top-margin\" style='border-radius:0px; '><section class=\"av_textblock_section \"  itemscope=\"itemscope\" itemtype=\"https:\/\/schema.org\/BlogPosting\" itemprop=\"blogPost\" ><div class='avia_textblock  '   itemprop=\"text\" ><p class=\"v1MsoNormal\" style=\"text-align: justify;\">El objetivo de la instancia apunt\u00f3 a perfeccionar el trabajo desarrollado en este \u00e1mbito y tanto apoyar como orientar de la mejor forma posible a quienes deban realizar este tr\u00e1mite.<\/p>\n<p class=\"v1MsoNormal\" style=\"text-align: justify;\">Este fin de semana, espec\u00edficamente entre los d\u00edas 26 y 27 de octubre, se desarrollar\u00e1 un importante proceso eleccionario y que tiene car\u00e1cter obligatorio: la votaci\u00f3n por gobernadores regionales, consejeros regionales, alcaldes y concejales. Una instancia muy relevante y para la que Carabineros de Chile se viene preparando desde hace meses no s\u00f3lo con el objetivo de planificar el despliegue de orden y seguridad a llevar adelante, sino que tambi\u00e9n para apoyar a la ciudadan\u00eda especialmente en lo que respecta a las constancias por encontrarse a m\u00e1s de 200 kil\u00f3metros del lugar de sufragio.<\/p>\n<p class=\"v1MsoNormal\" style=\"text-align: justify;\">En ese contexto la Jefa de la Plana Mayor Especial Elecciones de la instituci\u00f3n, General Claudia Carrasco, encabez\u00f3 una importante capacitaci\u00f3n integral desarrollada a nivel pa\u00eds y que estuvo dirigida a uniformados de todos los grados, quienes este fin de semana estar\u00e1n trabajando con el prop\u00f3sito de acoger dichas constancias en los diferentes cuarteles de Carabineros desplegados a lo largo y ancho de todo el territorio nacional.<\/p>\n<p class=\"v1MsoNormal\" style=\"text-align: justify;\">Un espacio que tambi\u00e9n cont\u00f3 con la especial participaci\u00f3n del Teniente Coronel Jorge C\u00e1rcamo, oficial al mando de Comisar\u00eda Virtual de Carabineros, y de Carmen Gloria Valladares, secretaria relatora del Tribunal Calificador de Elecciones, adem\u00e1s de oficiales del \u00e1rea jur\u00eddica de la instituci\u00f3n uniformada. Todo con el fin de perfeccionar el trabajo desarrollado en este \u00e1mbito y tanto apoyar como orientar de la mejor forma posible a quienes deban realizar este tr\u00e1mite.<\/p>\n<\/div><\/section><\/div><div  style='height:50px' class='hr hr-invisible   avia-builder-el-6  el_after_av_one_full  el_before_av_social_share '><span class='hr-inner ' ><span class='hr-inner-style'><\/span><\/span><\/div><\/p>\n<div  class='av-social-sharing-box  avia-builder-el-7  el_after_av_hr  el_before_av_hr  '><div class='av-share-box'><h5 class='av-share-link-description av-no-toc '>Compartir esta noticia<\/h5><ul class='av-share-box-list noLightbox'><li class='av-share-link av-social-link-facebook' ><a target=\"_blank\" aria-label=\"Compartir en Facebook\" href='https:\/\/www.facebook.com\/sharer.php?u=https:\/\/radiorevelacionfm.cl\/?p=47475&#038;t=Elecciones%20del%2026%20y%2027%20de%20octubre%3A%20Carabineros%20se%20capacita%20a%20nivel%20nacional%20para%20acoger%20constancias%20por%20estar%20a%20m%C3%A1s%20de%20200%20kil%C3%B3metros%20del%20lugar%20de%20votaci%C3%B3n' aria-hidden='false' data-av_icon='\ue8f3' data-av_iconfont='entypo-fontello' title='' data-avia-related-tooltip='Compartir en Facebook' rel=\"noopener\"><span class='avia_hidden_link_text'>Compartir en Facebook<\/span><\/a><\/li><li class='av-share-link av-social-link-twitter' ><a target=\"_blank\" aria-label=\"Compartir en Twitter\" href='https:\/\/twitter.com\/share?text=Elecciones%20del%2026%20y%2027%20de%20octubre%3A%20Carabineros%20se%20capacita%20a%20nivel%20nacional%20para%20acoger%20constancias%20por%20estar%20a%20m%C3%A1s%20de%20200%20kil%C3%B3metros%20del%20lugar%20de%20votaci%C3%B3n&#038;url=https:\/\/radiorevelacionfm.cl\/?p=47475' aria-hidden='false' data-av_icon='\ue8f1' data-av_iconfont='entypo-fontello' title='' data-avia-related-tooltip='Compartir en Twitter' rel=\"noopener\"><span class='avia_hidden_link_text'>Compartir en Twitter<\/span><\/a><\/li><li class='av-share-link av-social-link-whatsapp' ><a target=\"_blank\" aria-label=\"Compartir en Whatsapp\" href='https:\/\/api.whatsapp.com\/send?text=https:\/\/radiorevelacionfm.cl\/?p=47475' aria-hidden='false' data-av_icon='\uf232' data-av_iconfont='entypo-fontello' title='' data-avia-related-tooltip='Compartir en Whatsapp' rel=\"noopener\"><span class='avia_hidden_link_text'>Compartir en Whatsapp<\/span><\/a><\/li><li class='av-share-link av-social-link-linkedin' ><a target=\"_blank\" aria-label=\"Compartir en LinkedIn\" href='https:\/\/linkedin.com\/shareArticle?mini=true&#038;title=Elecciones%20del%2026%20y%2027%20de%20octubre%3A%20Carabineros%20se%20capacita%20a%20nivel%20nacional%20para%20acoger%20constancias%20por%20estar%20a%20m%C3%A1s%20de%20200%20kil%C3%B3metros%20del%20lugar%20de%20votaci%C3%B3n&#038;url=https:\/\/radiorevelacionfm.cl\/?p=47475' aria-hidden='false' data-av_icon='\ue8fc' data-av_iconfont='entypo-fontello' title='' data-avia-related-tooltip='Compartir en LinkedIn' rel=\"noopener\"><span class='avia_hidden_link_text'>Compartir en LinkedIn<\/span><\/a><\/li><li class='av-share-link av-social-link-mail' ><a  aria-label=\"Compartir por correo\" href='mailto:?subject=Elecciones%20del%2026%20y%2027%20de%20octubre%3A%20Carabineros%20se%20capacita%20a%20nivel%20nacional%20para%20acoger%20constancias%20por%20estar%20a%20m%C3%A1s%20de%20200%20kil%C3%B3metros%20del%20lugar%20de%20votaci%C3%B3n&#038;body=https:\/\/radiorevelacionfm.cl\/?p=47475' aria-hidden='false' data-av_icon='\ue805' data-av_iconfont='entypo-fontello' title='' data-avia-related-tooltip='Compartir por correo'><span class='avia_hidden_link_text'>Compartir por correo<\/span><\/a><\/li><\/ul><\/div><\/div>\n<div  style='height:50px' class='hr hr-invisible   avia-builder-el-8  el_after_av_social_share  el_before_av_comments_list '><span class='hr-inner ' ><span class='hr-inner-style'><\/span><\/span><\/div>\n<div  class='av-buildercomment  av-blog-meta-html-info-disabled av-blog-meta-tag-disabled  '><\/div>\n","protected":false},"excerpt":{"rendered":"","protected":false},"author":1,"featured_media":47476,"comment_status":"open","ping_status":"open","sticky":false,"template":"","format":"standard","meta":{"footnotes":""},"categories":[36],"tags":[],"class_list":["post-47475","post","type-post","status-publish","format-standard","has-post-thumbnail","hentry","category-policial"],"jetpack_featured_media_url":"https:\/\/radiorevelacionfm.cl\/wp-content\/uploads\/2024\/10\/260a2f66-feff-463c-a209-73c71ded8d14-1-1.jpg","_links":{"self":[{"href":"https:\/\/radiorevelacionfm.cl\/index.php?rest_route=\/wp\/v2\/posts\/47475","targetHints":{"allow":["GET"]}}],"collection":[{"href":"https:\/\/radiorevelacionfm.cl\/index.php?rest_route=\/wp\/v2\/posts"}],"about":[{"href":"https:\/\/radiorevelacionfm.cl\/index.php?rest_route=\/wp\/v2\/types\/post"}],"author":[{"embeddable":true,"href":"https:\/\/radiorevelacionfm.cl\/index.php?rest_route=\/wp\/v2\/users\/1"}],"replies":[{"embeddable":true,"href":"https:\/\/radiorevelacionfm.cl\/index.php?rest_route=%2Fwp%2Fv2%2Fcomments&post=47475"}],"version-history":[{"count":1,"href":"https:\/\/radiorevelacionfm.cl\/index.php?rest_route=\/wp\/v2\/posts\/47475\/revisions"}],"predecessor-version":[{"id":47477,"href":"https:\/\/radiorevelacionfm.cl\/index.php?rest_route=\/wp\/v2\/posts\/47475\/revisions\/47477"}],"wp:featuredmedia":[{"embeddable":true,"href":"https:\/\/radiorevelacionfm.cl\/index.php?rest_route=\/wp\/v2\/media\/47476"}],"wp:attachment":[{"href":"https:\/\/radiorevelacionfm.cl\/index.php?rest_route=%2Fwp%2Fv2%2Fmedia&parent=47475"}],"wp:term":[{"taxonomy":"category","embeddable":true,"href":"https:\/\/radiorevelacionfm.cl\/index.php?rest_route=%2Fwp%2Fv2%2Fcategories&post=47475"},{"taxonomy":"post_tag","embeddable":true,"href":"https:\/\/radiorevelacionfm.cl\/index.php?rest_route=%2Fwp%2Fv2%2Ftags&post=47475"}],"curies":[{"name":"wp","href":"https:\/\/api.w.org\/{rel}","templated":true}]}}