{"id":47472,"date":"2024-10-25T19:06:48","date_gmt":"2024-10-25T22:06:48","guid":{"rendered":"https:\/\/radiorevelacionfm.cl\/?p=47472"},"modified":"2024-10-25T19:06:48","modified_gmt":"2024-10-25T22:06:48","slug":"elecciones-regionales-y-municipales-confirman-45-locales-de-votacion-plenamente-dispuestos-en-la-region-de-aysen","status":"publish","type":"post","link":"https:\/\/radiorevelacionfm.cl\/?p=47472","title":{"rendered":"Elecciones regionales y municipales: confirman 45 locales de votaci\u00f3n plenamente dispuestos en la Regi\u00f3n de Ays\u00e9n"},"content":{"rendered":"<div class=\"flex_column av_one_full  flex_column_div av-zero-column-padding first  avia-builder-el-0  el_before_av_one_full  avia-builder-el-first  \" style='border-radius:0px; '><div  class='avia-image-container  av-styling-    avia-builder-el-1  avia-builder-el-no-sibling  avia-align-center '  itemprop=\"image\" itemscope=\"itemscope\" itemtype=\"https:\/\/schema.org\/ImageObject\"  ><div class='avia-image-container-inner'><div class='avia-image-overlay-wrap'><img decoding=\"async\" class='wp-image-47473 avia-img-lazy-loading-not-47473 avia_image' src=\"https:\/\/radiorevelacionfm.cl\/wp-content\/uploads\/2024\/10\/IMG_9105-1-1.jpg\" alt='' title='IMG_9105 (1) (1)' height=\"600\" width=\"877\"  itemprop=\"thumbnailUrl\" srcset=\"https:\/\/radiorevelacionfm.cl\/wp-content\/uploads\/2024\/10\/IMG_9105-1-1.jpg 877w, https:\/\/radiorevelacionfm.cl\/wp-content\/uploads\/2024\/10\/IMG_9105-1-1-300x205.jpg 300w, https:\/\/radiorevelacionfm.cl\/wp-content\/uploads\/2024\/10\/IMG_9105-1-1-768x525.jpg 768w, https:\/\/radiorevelacionfm.cl\/wp-content\/uploads\/2024\/10\/IMG_9105-1-1-705x482.jpg 705w, https:\/\/radiorevelacionfm.cl\/wp-content\/uploads\/2024\/10\/IMG_9105-1-1-450x308.jpg 450w, https:\/\/radiorevelacionfm.cl\/wp-content\/uploads\/2024\/10\/IMG_9105-1-1-600x410.jpg 600w\" sizes=\"(max-width: 877px) 100vw, 877px\" \/><\/div><\/div><\/div><\/div><div class=\"flex_column av_one_full  flex_column_div av-zero-column-padding first  avia-builder-el-2  el_after_av_one_full  el_before_av_one_full  column-top-margin\" style='border-radius:0px; '><section class=\"av_textblock_section \"  itemscope=\"itemscope\" itemtype=\"https:\/\/schema.org\/BlogPosting\" itemprop=\"blogPost\" ><div class='avia_textblock  '   itemprop=\"text\" ><p style=\"text-align: center;\"><strong><span style=\"font-size: 18pt;\">Elecciones regionales y municipales: confirman 45 locales de votaci\u00f3n plenamente dispuestos en la Regi\u00f3n de Ays\u00e9n <\/span><\/strong><\/p>\n<div id=\"gtx-trans\" style=\"position: absolute; left: -50px; top: 4.31534px;\">\n<div class=\"gtx-trans-icon\"><\/div>\n<\/div>\n<\/div><\/section><\/div><div class=\"flex_column av_one_full  flex_column_div av-zero-column-padding first  avia-builder-el-4  el_after_av_one_full  el_before_av_hr  column-top-margin\" style='border-radius:0px; '><section class=\"av_textblock_section \"  itemscope=\"itemscope\" itemtype=\"https:\/\/schema.org\/BlogPosting\" itemprop=\"blogPost\" ><div class='avia_textblock  '   itemprop=\"text\" ><p style=\"font-weight: 400; text-align: justify;\">En la escuela Nieves del Sur, el Delegado Presidencial Regional, Rodrigo Araya Morales, y el jefe de Fuerza de Coyhaique, coronel El\u00edas Abuyeres Manzur, confirmaron la \u00f3ptima habilitaci\u00f3n de los 45 locales de votaci\u00f3n dispuestos en la Regi\u00f3n de Ays\u00e9n para las elecciones regionales y municipales de este fin de semana.<\/p>\n<p style=\"font-weight: 400; text-align: justify;\">Acompa\u00f1ados por la alcaldesa (s), Gabriela Retamal; el seremi de Gobierno (s), Tom\u00e1s Laibe, y el director regional de Senapred, Sidi Bravo, ambas autoridades invitaron a la ciudadan\u00eda a revisar anticipadamente los datos electorales en la p\u00e1gina del Servicio Electoral y ejercer el derecho a voto en alguna de las 272 mesas de sufragio que hay en la regi\u00f3n.<\/p>\n<p style=\"font-weight: 400; text-align: justify;\">\u201cVer c\u00f3mo ha sido el proceso de la toma de control de los establecimientos donde se van a hacer las votaciones, por parte de las Fuerzas Armadas en nuestro territorio, ver las caracter\u00edsticas de los establecimientos, si est\u00e1n o no los materiales y c\u00f3mo va a ser el proceso de custodia del s\u00e1bado en la noche. Todo eso hemos verificado y es absolutamente satisfactorio\u201d, indic\u00f3 Rodrigo Araya.<\/p>\n<p style=\"font-weight: 400; text-align: justify;\">El coronel Abuyeres agreg\u00f3 que \u201cel Ej\u00e9rcito y la Armada, como parte de las Fuerzas Armadas, cumpliendo su deber legal, se encuentran desplegados en 45 locales de votaci\u00f3n, cumpliendo funciones de seguridad para el acto c\u00edvico de este 26 y 27 de octubre. M\u00e1s de 450 hombres estamos cumpliendo funciones de seguridad, queremos llamar a toda la ciudadan\u00eda a que cumpla su deber c\u00edvico, y acudir a los locales de votaci\u00f3n que van a estar en condiciones de seguridad y acceso para cumplir con la norma c\u00edvica, de acuerdo a lo que se espera\u201d.<\/p>\n<p style=\"font-weight: 400; text-align: justify;\"><strong>Antecedentes relevantes<\/strong><\/p>\n<p style=\"font-weight: 400; text-align: justify;\">El elector debe llevar c\u00e9dula de identidad o pasaporte y l\u00e1piz pasta azul. El llamado a los electores es a planificar qu\u00e9 d\u00eda sufragar\u00e1n y el horario en que planean hacerlo. Las mesas funcionar\u00e1n desde las 8:00 hasta las 18:00 de la tarde de los d\u00edas 26 y 27 de octubre. Si a las 18:00 de la tarde a\u00fan hay personas con la intenci\u00f3n de votar, la mesa deber\u00e1 recibir el sufragio de todos ellos antes de proceder con el cierre.<\/p>\n<p style=\"font-weight: 400; text-align: justify;\">Las elecciones cuentan con voto obligatorio, por lo que deben sufragar todas las personas habilitadas para ello de acuerdo al padr\u00f3n electoral definitivo en Chile. El elector que no sufragare ser\u00e1 penado con una multa a beneficio municipal de 0,5 UTM.<\/p>\n<p style=\"font-weight: 400; text-align: justify;\">Si una persona no asiste a votar, debe esperar la citaci\u00f3n del Juez de Polic\u00eda Local correspondiente al domicilio electoral, la que llega en los meses siguientes. Es importante que quienes no asistan, recuerden guardar cualquier documentaci\u00f3n o medio de prueba para presentar ante el juez. En esa instancia podr\u00e1n excusarse quienes acrediten enfermedad, que se encontraban fuera del pa\u00eds, que desempe\u00f1aron funciones que establece la ley n\u00b018.700 para que la votaci\u00f3n se lleve a cabo, se vieron afectados de un impedimento grave, se encontraban a m\u00e1s de 200km del local de votaci\u00f3n.<\/p>\n<p style=\"font-weight: 400; text-align: justify;\">Los d\u00edas de las elecciones es posible sacar una constancia ante Carabineros de Chile como medio de prueba para presentar al momento de la citaci\u00f3n.<\/p>\n<p style=\"font-weight: 400; text-align: justify;\">Mayores antecedentes en\u00a0<a href=\"http:\/\/www.chilevotainformado.cl\/\" data-saferedirecturl=\"https:\/\/www.google.com\/url?q=http:\/\/www.chilevotainformado.cl&amp;source=gmail&amp;ust=1729973900239000&amp;usg=AOvVaw1NcTPTYCmhbJ_vQ6w1bY_h\">www.chilevotainformado.cl<\/a><\/p>\n<\/div><\/section><\/div><div  style='height:50px' class='hr hr-invisible   avia-builder-el-6  el_after_av_one_full  el_before_av_social_share '><span class='hr-inner ' ><span class='hr-inner-style'><\/span><\/span><\/div><\/p>\n<div  class='av-social-sharing-box  avia-builder-el-7  el_after_av_hr  el_before_av_hr  '><div class='av-share-box'><h5 class='av-share-link-description av-no-toc '>Compartir esta noticia<\/h5><ul class='av-share-box-list noLightbox'><li class='av-share-link av-social-link-facebook' ><a target=\"_blank\" aria-label=\"Compartir en Facebook\" href='https:\/\/www.facebook.com\/sharer.php?u=https:\/\/radiorevelacionfm.cl\/?p=47472&#038;t=Elecciones%20regionales%20y%20municipales%3A%20confirman%2045%20locales%20de%20votaci%C3%B3n%20plenamente%20dispuestos%20en%20la%20Regi%C3%B3n%20de%20Ays%C3%A9n' aria-hidden='false' data-av_icon='\ue8f3' data-av_iconfont='entypo-fontello' title='' data-avia-related-tooltip='Compartir en Facebook' rel=\"noopener\"><span class='avia_hidden_link_text'>Compartir en Facebook<\/span><\/a><\/li><li class='av-share-link av-social-link-twitter' ><a target=\"_blank\" aria-label=\"Compartir en Twitter\" href='https:\/\/twitter.com\/share?text=Elecciones%20regionales%20y%20municipales%3A%20confirman%2045%20locales%20de%20votaci%C3%B3n%20plenamente%20dispuestos%20en%20la%20Regi%C3%B3n%20de%20Ays%C3%A9n&#038;url=https:\/\/radiorevelacionfm.cl\/?p=47472' aria-hidden='false' data-av_icon='\ue8f1' data-av_iconfont='entypo-fontello' title='' data-avia-related-tooltip='Compartir en Twitter' rel=\"noopener\"><span class='avia_hidden_link_text'>Compartir en Twitter<\/span><\/a><\/li><li class='av-share-link av-social-link-whatsapp' ><a target=\"_blank\" aria-label=\"Compartir en Whatsapp\" href='https:\/\/api.whatsapp.com\/send?text=https:\/\/radiorevelacionfm.cl\/?p=47472' aria-hidden='false' data-av_icon='\uf232' data-av_iconfont='entypo-fontello' title='' data-avia-related-tooltip='Compartir en Whatsapp' rel=\"noopener\"><span class='avia_hidden_link_text'>Compartir en Whatsapp<\/span><\/a><\/li><li class='av-share-link av-social-link-linkedin' ><a target=\"_blank\" aria-label=\"Compartir en LinkedIn\" href='https:\/\/linkedin.com\/shareArticle?mini=true&#038;title=Elecciones%20regionales%20y%20municipales%3A%20confirman%2045%20locales%20de%20votaci%C3%B3n%20plenamente%20dispuestos%20en%20la%20Regi%C3%B3n%20de%20Ays%C3%A9n&#038;url=https:\/\/radiorevelacionfm.cl\/?p=47472' aria-hidden='false' data-av_icon='\ue8fc' data-av_iconfont='entypo-fontello' title='' data-avia-related-tooltip='Compartir en LinkedIn' rel=\"noopener\"><span class='avia_hidden_link_text'>Compartir en LinkedIn<\/span><\/a><\/li><li class='av-share-link av-social-link-mail' ><a  aria-label=\"Compartir por correo\" href='mailto:?subject=Elecciones%20regionales%20y%20municipales%3A%20confirman%2045%20locales%20de%20votaci%C3%B3n%20plenamente%20dispuestos%20en%20la%20Regi%C3%B3n%20de%20Ays%C3%A9n&#038;body=https:\/\/radiorevelacionfm.cl\/?p=47472' aria-hidden='false' data-av_icon='\ue805' data-av_iconfont='entypo-fontello' title='' data-avia-related-tooltip='Compartir por correo'><span class='avia_hidden_link_text'>Compartir por correo<\/span><\/a><\/li><\/ul><\/div><\/div>\n<div  style='height:50px' class='hr hr-invisible   avia-builder-el-8  el_after_av_social_share  el_before_av_comments_list '><span class='hr-inner ' ><span class='hr-inner-style'><\/span><\/span><\/div>\n<div  class='av-buildercomment  av-blog-meta-html-info-disabled av-blog-meta-tag-disabled  '><\/div>\n","protected":false},"excerpt":{"rendered":"","protected":false},"author":1,"featured_media":47473,"comment_status":"open","ping_status":"open","sticky":false,"template":"","format":"standard","meta":{"footnotes":""},"categories":[38],"tags":[],"class_list":["post-47472","post","type-post","status-publish","format-standard","has-post-thumbnail","hentry","category-regional"],"jetpack_featured_media_url":"https:\/\/radiorevelacionfm.cl\/wp-content\/uploads\/2024\/10\/IMG_9105-1-1.jpg","_links":{"self":[{"href":"https:\/\/radiorevelacionfm.cl\/index.php?rest_route=\/wp\/v2\/posts\/47472","targetHints":{"allow":["GET"]}}],"collection":[{"href":"https:\/\/radiorevelacionfm.cl\/index.php?rest_route=\/wp\/v2\/posts"}],"about":[{"href":"https:\/\/radiorevelacionfm.cl\/index.php?rest_route=\/wp\/v2\/types\/post"}],"author":[{"embeddable":true,"href":"https:\/\/radiorevelacionfm.cl\/index.php?rest_route=\/wp\/v2\/users\/1"}],"replies":[{"embeddable":true,"href":"https:\/\/radiorevelacionfm.cl\/index.php?rest_route=%2Fwp%2Fv2%2Fcomments&post=47472"}],"version-history":[{"count":1,"href":"https:\/\/radiorevelacionfm.cl\/index.php?rest_route=\/wp\/v2\/posts\/47472\/revisions"}],"predecessor-version":[{"id":47474,"href":"https:\/\/radiorevelacionfm.cl\/index.php?rest_route=\/wp\/v2\/posts\/47472\/revisions\/47474"}],"wp:featuredmedia":[{"embeddable":true,"href":"https:\/\/radiorevelacionfm.cl\/index.php?rest_route=\/wp\/v2\/media\/47473"}],"wp:attachment":[{"href":"https:\/\/radiorevelacionfm.cl\/index.php?rest_route=%2Fwp%2Fv2%2Fmedia&parent=47472"}],"wp:term":[{"taxonomy":"category","embeddable":true,"href":"https:\/\/radiorevelacionfm.cl\/index.php?rest_route=%2Fwp%2Fv2%2Fcategories&post=47472"},{"taxonomy":"post_tag","embeddable":true,"href":"https:\/\/radiorevelacionfm.cl\/index.php?rest_route=%2Fwp%2Fv2%2Ftags&post=47472"}],"curies":[{"name":"wp","href":"https:\/\/api.w.org\/{rel}","templated":true}]}}