{"id":47469,"date":"2024-10-25T17:25:43","date_gmt":"2024-10-25T20:25:43","guid":{"rendered":"https:\/\/radiorevelacionfm.cl\/?p=47469"},"modified":"2024-11-05T23:19:10","modified_gmt":"2024-11-06T02:19:10","slug":"el-nodo-laboratorio-natural-subantartico-se-une-al-debate-global-sobre-biodiversidad-en-la-cop16","status":"publish","type":"post","link":"https:\/\/radiorevelacionfm.cl\/?p=47469","title":{"rendered":"El Nodo Laboratorio Natural Subant\u00e1rtico se une al debate global sobre biodiversidad en la COP16"},"content":{"rendered":"<div class=\"flex_column av_one_full  flex_column_div av-zero-column-padding first  avia-builder-el-0  el_before_av_one_full  avia-builder-el-first  \" style='border-radius:0px; '><div  class='avia-image-container  av-styling-    avia-builder-el-1  avia-builder-el-no-sibling  avia-align-center '  itemprop=\"image\" itemscope=\"itemscope\" itemtype=\"https:\/\/schema.org\/ImageObject\"  ><div class='avia-image-container-inner'><div class='avia-image-overlay-wrap'><img decoding=\"async\" class='wp-image-47470 avia-img-lazy-loading-not-47470 avia_image' src=\"https:\/\/radiorevelacionfm.cl\/wp-content\/uploads\/2024\/10\/IMG_0539-1-1.jpg\" alt='' title='IMG_0539 (1) (1)' height=\"600\" width=\"900\"  itemprop=\"thumbnailUrl\" srcset=\"https:\/\/radiorevelacionfm.cl\/wp-content\/uploads\/2024\/10\/IMG_0539-1-1.jpg 900w, https:\/\/radiorevelacionfm.cl\/wp-content\/uploads\/2024\/10\/IMG_0539-1-1-300x200.jpg 300w, https:\/\/radiorevelacionfm.cl\/wp-content\/uploads\/2024\/10\/IMG_0539-1-1-768x512.jpg 768w, https:\/\/radiorevelacionfm.cl\/wp-content\/uploads\/2024\/10\/IMG_0539-1-1-705x470.jpg 705w, https:\/\/radiorevelacionfm.cl\/wp-content\/uploads\/2024\/10\/IMG_0539-1-1-450x300.jpg 450w, https:\/\/radiorevelacionfm.cl\/wp-content\/uploads\/2024\/10\/IMG_0539-1-1-600x400.jpg 600w\" sizes=\"(max-width: 900px) 100vw, 900px\" \/><\/div><\/div><\/div><\/div><div class=\"flex_column av_one_full  flex_column_div av-zero-column-padding first  avia-builder-el-2  el_after_av_one_full  el_before_av_one_full  column-top-margin\" style='border-radius:0px; '><section class=\"av_textblock_section \"  itemscope=\"itemscope\" itemtype=\"https:\/\/schema.org\/BlogPosting\" itemprop=\"blogPost\" ><div class='avia_textblock  '   itemprop=\"text\" ><p style=\"text-align: center;\"><span style=\"font-size: 18pt;\"><strong>El Nodo Laboratorio Natural Subant\u00e1rtico se une al debate global sobre biodiversidad en la COP16<\/strong><\/span><\/p>\n<div id=\"gtx-trans\" style=\"position: absolute; left: -50px; top: 4.31534px;\">\n<div class=\"gtx-trans-icon\"><\/div>\n<\/div>\n<\/div><\/section><\/div><div class=\"flex_column av_one_full  flex_column_div av-zero-column-padding first  avia-builder-el-4  el_after_av_one_full  el_before_av_hr  column-top-margin\" style='border-radius:0px; '><section class=\"av_textblock_section \"  itemscope=\"itemscope\" itemtype=\"https:\/\/schema.org\/BlogPosting\" itemprop=\"blogPost\" ><div class='avia_textblock  '   itemprop=\"text\" ><p style=\"text-align: justify;\"><em>Se dar\u00e1 a conocer el modelo de articulaci\u00f3n y el rol de las comunidades locales en la conservaci\u00f3n y la sostenibilidad; adem\u00e1s, se buscar\u00e1 fortalecer la colaboraci\u00f3n internacional para el conocimiento en este territorio.<\/em><\/p>\n<p style=\"text-align: justify;\">Representado por sus directores, el Nodo Laboratorio Natural Subant\u00e1rtico se prepara para llevar su voz a uno de los escenarios m\u00e1s importantes del planeta en materia de conservaci\u00f3n de la naturaleza: la XVI Conferencia de las Partes (COP16) del Convenio de Diversidad Biol\u00f3gica (CDB). Este encuentro, que se celebra en la ciudad de Cali, Colombia, hasta 1 de noviembre de 2024, reunir\u00e1 a l\u00edderes mundiales, cient\u00edficos de renombre y representantes de organizaciones de todo el mundo con un lema com\u00fan \u201cPaz con la Naturaleza\u201d. Este lema invita a reflexionar sobre la necesidad de mejorar nuestra relaci\u00f3n con el medio ambiente y a replantear un modelo econ\u00f3mico que priorice la conservaci\u00f3n y el uso sostenible de la biodiversidad.<\/p>\n<p style=\"text-align: justify;\">La Dra. Laura S\u00e1nchez, directora del Nodo, y el subdirector Dr. Rodrigo Villa representar\u00e1n a la red colaborativa conformada por instituciones dedicadas al desarrollo cient\u00edfico y tecnol\u00f3gico en Ays\u00e9n y Magallanes. Durante este encuentro, presentar\u00e1n el modelo de articulaci\u00f3n cient\u00edfica y enfoque en la investigaci\u00f3n en los ecosistemas subant\u00e1rticos, donde la naturaleza se presenta como un laboratorio vivo en una de las zonas m\u00e1s extremas del planeta. A trav\u00e9s de este trabajo, se busca comprender mejor estos ambientes \u00fanicos y contribuir con estrategias de conservaci\u00f3n, respondiendo a los desaf\u00edos locales y fortaleciendo la identidad territorial del extremo austral.<\/p>\n<p style=\"text-align: justify;\">En este contexto, la directora del Nodo indic\u00f3 que \u201cla presencia del Nodo en la COP16, junto a la Red de Laboratorios Naturales de Chile, es una oportunidad invaluable para compartir conocimientos y subrayar el valor de la asociatividad en la lucha contra la p\u00e9rdida de biodiversidad. Los laboratorios naturales ofrecen espacios \u00fanicos para investigar soluciones locales a este desaf\u00edo global y, por tanto, est\u00e1n alineados con metas del Convenio sobre la Diversidad Biol\u00f3gica (CDB) como la Meta 30&#215;30 del Marco Global de Biodiversidad, que se revisar\u00e1 este a\u00f1o. Adem\u00e1s, destacaremos la importancia de integrar saberes ancestrales y ciencia moderna en la conservaci\u00f3n de la biodiversidad subant\u00e1rtica y de fortalecer alianzas para enfrentar estos desaf\u00edos que cruzan fronteras\u201d.<\/p>\n<p style=\"text-align: justify;\">\u201cLa Red de Laboratorios Naturales de Chile est\u00e1 compuesta por siete redes de articulaci\u00f3n, organizadas seg\u00fan las caracter\u00edsticas singulares de cada territorio. Adem\u00e1s del Nodo Laboratorio Natural Subant\u00e1rtico, se incluyen los nodos: Desierto de Atacama-Landata, Salares; Desierto, rescate de pr\u00e1cticas ancestrales; Andes del Sur; Subant\u00e1rtico y Ant\u00e1rtico. Trabajamos de manera colaborativa, especialmente con el Nodo Ant\u00e1rtico, con quienes compartimos parte del territorio, grupos de inter\u00e9s y espacios de gobernanza\u201d, enfatiz\u00f3 la directora.<\/p>\n<p style=\"text-align: justify;\">Por su parte la coordinadora del \u00e1rea de internacionalizaci\u00f3n del Nodo Ruth Saieh, agreg\u00f3 que \u201dcon su participaci\u00f3n en la COP16 de biodiversidad, el Nodo Subant\u00e1rtico refuerza su compromiso con la colaboraci\u00f3n internacional y la conservaci\u00f3n de la vida silvestre. En un momento cr\u00edtico donde, seg\u00fan el Informe Planeta Vivo 2024, hemos perdido casi el 70% de las poblaciones de especies silvestres desde 1970, el Nodo subraya la importancia de proteger estos laboratorios naturales \u00fanicos para mitigar la crisis de biodiversidad que afecta a todo el planeta.\u00bb<\/p>\n<p style=\"text-align: justify;\">El Nodo Laboratorio Natural Subant\u00e1rtico est\u00e1 compuesto por una variedad de instituciones que aportan al conocimiento en la macrozona austral. Esta red incluye a la Universidad de Magallanes, la Universidad de Ays\u00e9n, el Centro Internacional Cabo de Hornos, el Centro de Investigaci\u00f3n en Ecosistemas de la Patagonia, el Museo Regional de Ays\u00e9n y la Universidad de la Frontera. Establecida en 2022, su misi\u00f3n es promover la actividad cient\u00edfica relevante para el territorio subant\u00e1rtico mediante la articulaci\u00f3n de actores del ecosistema. Esta colaboraci\u00f3n est\u00e1 financiada por la Agencia Nacional de Investigaci\u00f3n y Desarrollo (ANID).<\/p>\n<\/div><\/section><\/div><div  style='height:50px' class='hr hr-invisible   avia-builder-el-6  el_after_av_one_full  el_before_av_social_share '><span class='hr-inner ' ><span class='hr-inner-style'><\/span><\/span><\/div><\/p>\n<div  class='av-social-sharing-box  avia-builder-el-7  el_after_av_hr  el_before_av_hr  '><div class='av-share-box'><h5 class='av-share-link-description av-no-toc '>Compartir esta noticia<\/h5><ul class='av-share-box-list noLightbox'><li class='av-share-link av-social-link-facebook' ><a target=\"_blank\" aria-label=\"Compartir en Facebook\" href='https:\/\/www.facebook.com\/sharer.php?u=https:\/\/radiorevelacionfm.cl\/?p=47469&#038;t=El%20Nodo%20Laboratorio%20Natural%20Subant%C3%A1rtico%20se%20une%20al%20debate%20global%20sobre%20biodiversidad%20en%20la%20COP16' aria-hidden='false' data-av_icon='\ue8f3' data-av_iconfont='entypo-fontello' title='' data-avia-related-tooltip='Compartir en Facebook' rel=\"noopener\"><span class='avia_hidden_link_text'>Compartir en Facebook<\/span><\/a><\/li><li class='av-share-link av-social-link-twitter' ><a target=\"_blank\" aria-label=\"Compartir en Twitter\" href='https:\/\/twitter.com\/share?text=El%20Nodo%20Laboratorio%20Natural%20Subant%C3%A1rtico%20se%20une%20al%20debate%20global%20sobre%20biodiversidad%20en%20la%20COP16&#038;url=https:\/\/radiorevelacionfm.cl\/?p=47469' aria-hidden='false' data-av_icon='\ue8f1' data-av_iconfont='entypo-fontello' title='' data-avia-related-tooltip='Compartir en Twitter' rel=\"noopener\"><span class='avia_hidden_link_text'>Compartir en Twitter<\/span><\/a><\/li><li class='av-share-link av-social-link-whatsapp' ><a target=\"_blank\" aria-label=\"Compartir en Whatsapp\" href='https:\/\/api.whatsapp.com\/send?text=https:\/\/radiorevelacionfm.cl\/?p=47469' aria-hidden='false' data-av_icon='\uf232' data-av_iconfont='entypo-fontello' title='' data-avia-related-tooltip='Compartir en Whatsapp' rel=\"noopener\"><span class='avia_hidden_link_text'>Compartir en Whatsapp<\/span><\/a><\/li><li class='av-share-link av-social-link-linkedin' ><a target=\"_blank\" aria-label=\"Compartir en LinkedIn\" href='https:\/\/linkedin.com\/shareArticle?mini=true&#038;title=El%20Nodo%20Laboratorio%20Natural%20Subant%C3%A1rtico%20se%20une%20al%20debate%20global%20sobre%20biodiversidad%20en%20la%20COP16&#038;url=https:\/\/radiorevelacionfm.cl\/?p=47469' aria-hidden='false' data-av_icon='\ue8fc' data-av_iconfont='entypo-fontello' title='' data-avia-related-tooltip='Compartir en LinkedIn' rel=\"noopener\"><span class='avia_hidden_link_text'>Compartir en LinkedIn<\/span><\/a><\/li><li class='av-share-link av-social-link-mail' ><a  aria-label=\"Compartir por correo\" href='mailto:?subject=El%20Nodo%20Laboratorio%20Natural%20Subant%C3%A1rtico%20se%20une%20al%20debate%20global%20sobre%20biodiversidad%20en%20la%20COP16&#038;body=https:\/\/radiorevelacionfm.cl\/?p=47469' aria-hidden='false' data-av_icon='\ue805' data-av_iconfont='entypo-fontello' title='' data-avia-related-tooltip='Compartir por correo'><span class='avia_hidden_link_text'>Compartir por correo<\/span><\/a><\/li><\/ul><\/div><\/div>\n<div  style='height:50px' class='hr hr-invisible   avia-builder-el-8  el_after_av_social_share  el_before_av_comments_list '><span class='hr-inner ' ><span class='hr-inner-style'><\/span><\/span><\/div>\n<div  class='av-buildercomment  av-blog-meta-html-info-disabled av-blog-meta-tag-disabled  '><\/div>\n","protected":false},"excerpt":{"rendered":"","protected":false},"author":1,"featured_media":47470,"comment_status":"open","ping_status":"open","sticky":false,"template":"","format":"standard","meta":{"footnotes":""},"categories":[53],"tags":[],"class_list":["post-47469","post","type-post","status-publish","format-standard","has-post-thumbnail","hentry","category-ciencia"],"jetpack_featured_media_url":"https:\/\/radiorevelacionfm.cl\/wp-content\/uploads\/2024\/10\/IMG_0539-1-1.jpg","_links":{"self":[{"href":"https:\/\/radiorevelacionfm.cl\/index.php?rest_route=\/wp\/v2\/posts\/47469","targetHints":{"allow":["GET"]}}],"collection":[{"href":"https:\/\/radiorevelacionfm.cl\/index.php?rest_route=\/wp\/v2\/posts"}],"about":[{"href":"https:\/\/radiorevelacionfm.cl\/index.php?rest_route=\/wp\/v2\/types\/post"}],"author":[{"embeddable":true,"href":"https:\/\/radiorevelacionfm.cl\/index.php?rest_route=\/wp\/v2\/users\/1"}],"replies":[{"embeddable":true,"href":"https:\/\/radiorevelacionfm.cl\/index.php?rest_route=%2Fwp%2Fv2%2Fcomments&post=47469"}],"version-history":[{"count":1,"href":"https:\/\/radiorevelacionfm.cl\/index.php?rest_route=\/wp\/v2\/posts\/47469\/revisions"}],"predecessor-version":[{"id":47471,"href":"https:\/\/radiorevelacionfm.cl\/index.php?rest_route=\/wp\/v2\/posts\/47469\/revisions\/47471"}],"wp:featuredmedia":[{"embeddable":true,"href":"https:\/\/radiorevelacionfm.cl\/index.php?rest_route=\/wp\/v2\/media\/47470"}],"wp:attachment":[{"href":"https:\/\/radiorevelacionfm.cl\/index.php?rest_route=%2Fwp%2Fv2%2Fmedia&parent=47469"}],"wp:term":[{"taxonomy":"category","embeddable":true,"href":"https:\/\/radiorevelacionfm.cl\/index.php?rest_route=%2Fwp%2Fv2%2Fcategories&post=47469"},{"taxonomy":"post_tag","embeddable":true,"href":"https:\/\/radiorevelacionfm.cl\/index.php?rest_route=%2Fwp%2Fv2%2Ftags&post=47469"}],"curies":[{"name":"wp","href":"https:\/\/api.w.org\/{rel}","templated":true}]}}