{"id":47465,"date":"2024-10-25T14:25:26","date_gmt":"2024-10-25T17:25:26","guid":{"rendered":"https:\/\/radiorevelacionfm.cl\/?p=47465"},"modified":"2024-10-25T14:25:26","modified_gmt":"2024-10-25T17:25:26","slug":"corte-de-coyhaique-condena-a-empresa-electrica-por-tala-ilegal-de-bosque-nativo","status":"publish","type":"post","link":"https:\/\/radiorevelacionfm.cl\/?p=47465","title":{"rendered":"Corte de Coyhaique condena a empresa el\u00e9ctrica por tala ilegal de bosque nativo"},"content":{"rendered":"<div class=\"flex_column av_one_full  flex_column_div av-zero-column-padding first  avia-builder-el-0  el_before_av_one_full  avia-builder-el-first  \" style='border-radius:0px; '><div  class='avia-image-container  av-styling-    avia-builder-el-1  avia-builder-el-no-sibling  avia-align-center '  itemprop=\"image\" itemscope=\"itemscope\" itemtype=\"https:\/\/schema.org\/ImageObject\"  ><div class='avia-image-container-inner'><div class='avia-image-overlay-wrap'><img decoding=\"async\" class='wp-image-39017 avia-img-lazy-loading-not-39017 avia_image' src=\"https:\/\/radiorevelacionfm.cl\/wp-content\/uploads\/2024\/01\/corte1-2_optimized-1.jpg\" alt='' title='corte1-(2)_optimized (1)' height=\"600\" width=\"1082\"  itemprop=\"thumbnailUrl\" srcset=\"https:\/\/radiorevelacionfm.cl\/wp-content\/uploads\/2024\/01\/corte1-2_optimized-1.jpg 1082w, https:\/\/radiorevelacionfm.cl\/wp-content\/uploads\/2024\/01\/corte1-2_optimized-1-300x166.jpg 300w, https:\/\/radiorevelacionfm.cl\/wp-content\/uploads\/2024\/01\/corte1-2_optimized-1-1030x571.jpg 1030w, https:\/\/radiorevelacionfm.cl\/wp-content\/uploads\/2024\/01\/corte1-2_optimized-1-768x426.jpg 768w, https:\/\/radiorevelacionfm.cl\/wp-content\/uploads\/2024\/01\/corte1-2_optimized-1-705x391.jpg 705w, https:\/\/radiorevelacionfm.cl\/wp-content\/uploads\/2024\/01\/corte1-2_optimized-1-450x250.jpg 450w, https:\/\/radiorevelacionfm.cl\/wp-content\/uploads\/2024\/01\/corte1-2_optimized-1-600x333.jpg 600w\" sizes=\"(max-width: 1082px) 100vw, 1082px\" \/><\/div><\/div><\/div><\/div><div class=\"flex_column av_one_full  flex_column_div av-zero-column-padding first  avia-builder-el-2  el_after_av_one_full  el_before_av_one_full  column-top-margin\" style='border-radius:0px; '><section class=\"av_textblock_section \"  itemscope=\"itemscope\" itemtype=\"https:\/\/schema.org\/BlogPosting\" itemprop=\"blogPost\" ><div class='avia_textblock  '   itemprop=\"text\" ><p style=\"text-align: center;\"><span style=\"font-size: 18pt;\"><b>Corte de Coyhaique condena a empresa el\u00e9ctrica por tala ilegal de bosque nativo<\/b><\/span><\/p>\n<div id=\"gtx-trans\" style=\"position: absolute; left: -50px; top: 4.31534px;\">\n<div class=\"gtx-trans-icon\"><\/div>\n<\/div>\n<\/div><\/section><\/div><div class=\"flex_column av_one_full  flex_column_div av-zero-column-padding first  avia-builder-el-4  el_after_av_one_full  el_before_av_hr  column-top-margin\" style='border-radius:0px; '><section class=\"av_textblock_section \"  itemscope=\"itemscope\" itemtype=\"https:\/\/schema.org\/BlogPosting\" itemprop=\"blogPost\" ><div class='avia_textblock  '   itemprop=\"text\" ><p class=\"v1MsoNormal\" style=\"text-align: justify;\">La Corte de Apelaciones de Coyhaique orden\u00f3 a la empresa\u00a0<span lang=\"ES-MX\">El\u00e9ctrica de Ays\u00e9n S.A (<\/span>Edelays\u00e9n)<span lang=\"ES-MX\">,<\/span>\u00a0el pago de una multa de\u00a0<span lang=\"ES-MX\">$2.040.000, a beneficio municipal, y a reforestar el predio talado sin plan de manejo, ubicado\u00a0<\/span>en el sector\u00a0El\u00a0Claro, de la comuna.<\/p>\n<p class=\"v1MsoNormal\" style=\"text-align: justify;\">En fallo un\u00e1nime (causa rol 38-2024), la Primera Sala del tribunal de alzada \u2013integrada por los ministros Jos\u00e9 Ignacio Mora, Natalia Rencoret y el fiscal judicial (i) \u00a0Juan Patricio Silva\u2013 revoc\u00f3 la resoluci\u00f3n apelada, dictada por el Juzgado de Polic\u00eda Local de Coyhaique, que no dio lugar a la denuncia formulada por la Corporaci\u00f3n Nacional Forestal (Conaf).<\/p>\n<p class=\"v1MsoNormal\" style=\"text-align: justify;\">\u00ab<span lang=\"ES-MX\">Que, en consecuencia, se ha establecido en autos, que la denunciada no contaba con plan de manejo ni autorizaci\u00f3n de autoridad competente, para ejecutar la corta de bosque nativo ejecutada en los predios Lote 9 y Lote 1 de la comuna de Coyhaique, con el objeto de realizar despeje de la faja tendido el\u00e9ctrico, encontr\u00e1ndose legalmente obligada a presentar el referido plan de manejo en su calidad de concesionaria del servicio p\u00fablico de suministro de energ\u00eda el\u00e9ctrica, titular de la servidumbre el\u00e9ctrica, ya que se efectu\u00f3 la corta de especies nativas<\/span>\u00ab, sostiene el fallo.<\/p>\n<p class=\"v1MsoNormal\" style=\"text-align: justify;\">La resoluci\u00f3n\u00a0agrega que: \u00ab<span lang=\"ES-MX\">(&#8230;) asimismo, consta en el informe t\u00e9cnico allegado a fojas 2 y siguientes, que\u00a0&#8216;los \u00e1rboles cortados ten\u00edan una edad superior a 30 a\u00f1os, vigorosos, con funci\u00f3n protectora de suelos y adem\u00e1s, brindando belleza al paisaje&#8230;&#8217; y que respecto del lote 9, las actividades de corta de la especie \u00f1irre comprendieron una superficie de 0,01 hect\u00e1rea alcanzando a 2,95 metros de le\u00f1a que se encontraba en el predio. En cuanto al lote 1, los trabajos influyeron en una superficie de 0,05 hect\u00e1reas, obteniendo 31,05 metros de le\u00f1a<\/span>\u00ab.<\/p>\n<p class=\"v1MsoNormal\" style=\"text-align: justify;\"><span lang=\"ES-MX\">\u00abQue, as\u00ed las cosas, los hechos asentados en el juicio, seg\u00fan se ha plasmado en los motivos precedentes, sumado a la presunci\u00f3n legal de efectividad de los hechos contenidos en la denuncia formulada a fojas 12, al estar investidos los funcionarios fiscalizadores de la entidad denunciante de la calidad de ministros de \u00a0fe, de acuerdo con el art\u00edculo 47 de la Ley N\u00b0 20.283 sobre Recuperaci\u00f3n de Bosque Nativo y Fomento Forestal, conducen a establecer la responsabilidad infraccional de la denunciada, no habiendo, por lo dem\u00e1s, discutido la efectividad de la ejecuci\u00f3n de las cortas de especies nativas, careciendo de la respectiva autorizaci\u00f3n, esto es, el correspondiente plan de manejo forestal para la superficie afectada y las especies existentes, por lo que se acoger\u00e1 el presente recurso, como se dir\u00e1\u00bb, concluye.<\/span><\/p>\n<p class=\"v1MsoNormal\" style=\"text-align: justify;\">Por tanto, se resuelve: \u00ab<b>SE REVOCA<\/b>\u00a0la resoluci\u00f3n apelada de fecha dos de julio de dos mil veinticuatro, por la que no se hizo lugar a la denuncia y se absolvi\u00f3 a la parte denunciada, y en su lugar, SE DECLARA:<\/p>\n<p class=\"v1MsoNormal\" style=\"text-align: justify;\">Que, se condena a la Empresa El\u00e9ctrica de Ays\u00e9n S.A., como autora de la infracci\u00f3n denunciada, a pagar una multa de $2.040.000, a beneficio municipal, por los \u00e1rboles ilegalmente cortados sin plan de manejo, desde el predio situado en el sector El Claro, lotes 9 y 1, de la comuna de Coyhaique, debiendo presentar dentro de un plazo de 60 d\u00edas, ante la denunciante el respectivo Plan de Manejo de Correcci\u00f3n, para reforestar una superficie igual a la cortada, equivalente 0,06 hect\u00e1reas en los predios materia de la corta denunciada, todo ello desde que quede ejecutoriada la sentencia\u00bb.<\/p>\n<\/div><\/section><\/div><div  style='height:50px' class='hr hr-invisible   avia-builder-el-6  el_after_av_one_full  el_before_av_social_share '><span class='hr-inner ' ><span class='hr-inner-style'><\/span><\/span><\/div><\/p>\n<div  class='av-social-sharing-box  avia-builder-el-7  el_after_av_hr  el_before_av_hr  '><div class='av-share-box'><h5 class='av-share-link-description av-no-toc '>Compartir esta noticia<\/h5><ul class='av-share-box-list noLightbox'><li class='av-share-link av-social-link-facebook' ><a target=\"_blank\" aria-label=\"Compartir en Facebook\" href='https:\/\/www.facebook.com\/sharer.php?u=https:\/\/radiorevelacionfm.cl\/?p=47465&#038;t=Corte%20de%20Coyhaique%20condena%20a%20empresa%20el%C3%A9ctrica%20por%20tala%20ilegal%20de%20bosque%20nativo' aria-hidden='false' data-av_icon='\ue8f3' data-av_iconfont='entypo-fontello' title='' data-avia-related-tooltip='Compartir en Facebook' rel=\"noopener\"><span class='avia_hidden_link_text'>Compartir en Facebook<\/span><\/a><\/li><li class='av-share-link av-social-link-twitter' ><a target=\"_blank\" aria-label=\"Compartir en Twitter\" href='https:\/\/twitter.com\/share?text=Corte%20de%20Coyhaique%20condena%20a%20empresa%20el%C3%A9ctrica%20por%20tala%20ilegal%20de%20bosque%20nativo&#038;url=https:\/\/radiorevelacionfm.cl\/?p=47465' aria-hidden='false' data-av_icon='\ue8f1' data-av_iconfont='entypo-fontello' title='' data-avia-related-tooltip='Compartir en Twitter' rel=\"noopener\"><span class='avia_hidden_link_text'>Compartir en Twitter<\/span><\/a><\/li><li class='av-share-link av-social-link-whatsapp' ><a target=\"_blank\" aria-label=\"Compartir en Whatsapp\" href='https:\/\/api.whatsapp.com\/send?text=https:\/\/radiorevelacionfm.cl\/?p=47465' aria-hidden='false' data-av_icon='\uf232' data-av_iconfont='entypo-fontello' title='' data-avia-related-tooltip='Compartir en Whatsapp' rel=\"noopener\"><span class='avia_hidden_link_text'>Compartir en Whatsapp<\/span><\/a><\/li><li class='av-share-link av-social-link-linkedin' ><a target=\"_blank\" aria-label=\"Compartir en LinkedIn\" href='https:\/\/linkedin.com\/shareArticle?mini=true&#038;title=Corte%20de%20Coyhaique%20condena%20a%20empresa%20el%C3%A9ctrica%20por%20tala%20ilegal%20de%20bosque%20nativo&#038;url=https:\/\/radiorevelacionfm.cl\/?p=47465' aria-hidden='false' data-av_icon='\ue8fc' data-av_iconfont='entypo-fontello' title='' data-avia-related-tooltip='Compartir en LinkedIn' rel=\"noopener\"><span class='avia_hidden_link_text'>Compartir en LinkedIn<\/span><\/a><\/li><li class='av-share-link av-social-link-mail' ><a  aria-label=\"Compartir por correo\" href='mailto:?subject=Corte%20de%20Coyhaique%20condena%20a%20empresa%20el%C3%A9ctrica%20por%20tala%20ilegal%20de%20bosque%20nativo&#038;body=https:\/\/radiorevelacionfm.cl\/?p=47465' aria-hidden='false' data-av_icon='\ue805' data-av_iconfont='entypo-fontello' title='' data-avia-related-tooltip='Compartir por correo'><span class='avia_hidden_link_text'>Compartir por correo<\/span><\/a><\/li><\/ul><\/div><\/div>\n<div  style='height:50px' class='hr hr-invisible   avia-builder-el-8  el_after_av_social_share  el_before_av_comments_list '><span class='hr-inner ' ><span class='hr-inner-style'><\/span><\/span><\/div>\n<div  class='av-buildercomment  av-blog-meta-html-info-disabled av-blog-meta-tag-disabled  '><\/div>\n","protected":false},"excerpt":{"rendered":"","protected":false},"author":1,"featured_media":39017,"comment_status":"open","ping_status":"open","sticky":false,"template":"","format":"standard","meta":{"footnotes":""},"categories":[55],"tags":[],"class_list":["post-47465","post","type-post","status-publish","format-standard","has-post-thumbnail","hentry","category-justicia"],"jetpack_featured_media_url":"https:\/\/radiorevelacionfm.cl\/wp-content\/uploads\/2024\/01\/corte1-2_optimized-1.jpg","_links":{"self":[{"href":"https:\/\/radiorevelacionfm.cl\/index.php?rest_route=\/wp\/v2\/posts\/47465","targetHints":{"allow":["GET"]}}],"collection":[{"href":"https:\/\/radiorevelacionfm.cl\/index.php?rest_route=\/wp\/v2\/posts"}],"about":[{"href":"https:\/\/radiorevelacionfm.cl\/index.php?rest_route=\/wp\/v2\/types\/post"}],"author":[{"embeddable":true,"href":"https:\/\/radiorevelacionfm.cl\/index.php?rest_route=\/wp\/v2\/users\/1"}],"replies":[{"embeddable":true,"href":"https:\/\/radiorevelacionfm.cl\/index.php?rest_route=%2Fwp%2Fv2%2Fcomments&post=47465"}],"version-history":[{"count":1,"href":"https:\/\/radiorevelacionfm.cl\/index.php?rest_route=\/wp\/v2\/posts\/47465\/revisions"}],"predecessor-version":[{"id":47466,"href":"https:\/\/radiorevelacionfm.cl\/index.php?rest_route=\/wp\/v2\/posts\/47465\/revisions\/47466"}],"wp:featuredmedia":[{"embeddable":true,"href":"https:\/\/radiorevelacionfm.cl\/index.php?rest_route=\/wp\/v2\/media\/39017"}],"wp:attachment":[{"href":"https:\/\/radiorevelacionfm.cl\/index.php?rest_route=%2Fwp%2Fv2%2Fmedia&parent=47465"}],"wp:term":[{"taxonomy":"category","embeddable":true,"href":"https:\/\/radiorevelacionfm.cl\/index.php?rest_route=%2Fwp%2Fv2%2Fcategories&post=47465"},{"taxonomy":"post_tag","embeddable":true,"href":"https:\/\/radiorevelacionfm.cl\/index.php?rest_route=%2Fwp%2Fv2%2Ftags&post=47465"}],"curies":[{"name":"wp","href":"https:\/\/api.w.org\/{rel}","templated":true}]}}