{"id":47462,"date":"2024-10-25T11:03:14","date_gmt":"2024-10-25T14:03:14","guid":{"rendered":"https:\/\/radiorevelacionfm.cl\/?p=47462"},"modified":"2024-10-25T11:03:14","modified_gmt":"2024-10-25T14:03:14","slug":"proyecto-de-ley-pesquera-movilizo-a-centenares-de-trabajadores-de-la-industria-por-las-calles-de-aysen","status":"publish","type":"post","link":"https:\/\/radiorevelacionfm.cl\/?p=47462","title":{"rendered":"Proyecto de ley pesquera moviliz\u00f3 a centenares de trabajadores de la industria por las calles de Ays\u00e9n"},"content":{"rendered":"<div class=\"flex_column av_one_full  flex_column_div av-zero-column-padding first  avia-builder-el-0  el_before_av_one_full  avia-builder-el-first  \" style='border-radius:0px; '><div  class='avia-image-container  av-styling-    avia-builder-el-1  avia-builder-el-no-sibling  avia-align-center '  itemprop=\"image\" itemscope=\"itemscope\" itemtype=\"https:\/\/schema.org\/ImageObject\"  ><div class='avia-image-container-inner'><div class='avia-image-overlay-wrap'><img decoding=\"async\" class='wp-image-47463 avia-img-lazy-loading-not-47463 avia_image' src=\"https:\/\/radiorevelacionfm.cl\/wp-content\/uploads\/2024\/10\/imagen-de-whatsapp-2024-10-22-a-las-08_optimized.22.50_67dc6049-1.jpg\" alt='' title='imagen-de-whatsapp-2024-10-22-a-las-08_optimized.22.50_67dc6049-(1)' height=\"600\" width=\"800\"  itemprop=\"thumbnailUrl\" srcset=\"https:\/\/radiorevelacionfm.cl\/wp-content\/uploads\/2024\/10\/imagen-de-whatsapp-2024-10-22-a-las-08_optimized.22.50_67dc6049-1.jpg 800w, https:\/\/radiorevelacionfm.cl\/wp-content\/uploads\/2024\/10\/imagen-de-whatsapp-2024-10-22-a-las-08_optimized.22.50_67dc6049-1-300x225.jpg 300w, https:\/\/radiorevelacionfm.cl\/wp-content\/uploads\/2024\/10\/imagen-de-whatsapp-2024-10-22-a-las-08_optimized.22.50_67dc6049-1-768x576.jpg 768w, https:\/\/radiorevelacionfm.cl\/wp-content\/uploads\/2024\/10\/imagen-de-whatsapp-2024-10-22-a-las-08_optimized.22.50_67dc6049-1-705x529.jpg 705w, https:\/\/radiorevelacionfm.cl\/wp-content\/uploads\/2024\/10\/imagen-de-whatsapp-2024-10-22-a-las-08_optimized.22.50_67dc6049-1-450x338.jpg 450w, https:\/\/radiorevelacionfm.cl\/wp-content\/uploads\/2024\/10\/imagen-de-whatsapp-2024-10-22-a-las-08_optimized.22.50_67dc6049-1-600x450.jpg 600w\" sizes=\"(max-width: 800px) 100vw, 800px\" \/><\/div><\/div><\/div><\/div><div class=\"flex_column av_one_full  flex_column_div av-zero-column-padding first  avia-builder-el-2  el_after_av_one_full  el_before_av_one_full  column-top-margin\" style='border-radius:0px; '><section class=\"av_textblock_section \"  itemscope=\"itemscope\" itemtype=\"https:\/\/schema.org\/BlogPosting\" itemprop=\"blogPost\" ><div class='avia_textblock  '   itemprop=\"text\" ><p style=\"text-align: center;\"><strong><span style=\"font-size: 18pt;\">Proyecto de ley pesquera moviliz\u00f3 a centenares de trabajadores de la industria por las calles de Ays\u00e9n<\/span><\/strong><\/p>\n<div id=\"gtx-trans\" style=\"position: absolute; left: -50px; top: 4.31534px;\">\n<div class=\"gtx-trans-icon\"><\/div>\n<\/div>\n<\/div><\/section><\/div><div class=\"flex_column av_one_full  flex_column_div av-zero-column-padding first  avia-builder-el-4  el_after_av_one_full  el_before_av_hr  column-top-margin\" style='border-radius:0px; '><section class=\"av_textblock_section \"  itemscope=\"itemscope\" itemtype=\"https:\/\/schema.org\/BlogPosting\" itemprop=\"blogPost\" ><div class='avia_textblock  '   itemprop=\"text\" ><p style=\"text-align: justify;\">Trabajadores, dirigentes y ejecutivos de la Empresa Pesquera Friosur alertan a las autoridades nacionales y regionales, sobre los negativos impactos que provocar\u00eda en la econom\u00eda local de Ays\u00e9n y en los \u00edndices de cesant\u00eda, la aprobaci\u00f3n del Proyecto de Ley de Fraccionamiento que actualmente se discute en la C\u00e1mara de Diputados.<\/p>\n<p style=\"text-align: justify;\">Aseguran que est\u00e1 en riesgo la continuidad de la Compa\u00f1\u00eda, con asiento en la Regi\u00f3n de Ays\u00e9n desde hace 40 a\u00f1os, debido a los perjuicios que traen aparejadas las indicaciones legislativas que obligan a reducir los vol\u00famenes de captura de recursos pesqueros para el sector industrial, los que se calculan en un 30% menos de su cuota propia. Eso se traduce en que los niveles de productividad y operaci\u00f3n de la industria debieran cesar durante tres meses en un a\u00f1o.<\/p>\n<p style=\"text-align: justify;\">La incertidumbre de la estabilidad laboral futura, el riesgo de perder un patrimonio empresarial para la cooperativa de trabajadores que es due\u00f1a del 20 % de la compa\u00f1\u00eda y la eventual disminuci\u00f3n en la demanda de servicios para los actuales proveedores del sector, llev\u00f3 durante esta semana a centenares de personas a movilizarse por las calles de la ciudad de Puerto Ays\u00e9n.<\/p>\n<p style=\"text-align: justify;\">Rub\u00e9n Leal, Presidente del Sindicato de Trabajadores de Friosur,\u00a0precis\u00f3 que \u00abnos vimos en la obligaci\u00f3n de molestar a nuestra propia comunidad con esta masiva marcha por las calles de Ays\u00e9n, para manifestar nuestro profundo rechazo a esta discusi\u00f3n legislativa que carece de argumentos t\u00e9cnicos. Nos es posible que se ponga en riesgo el trabajo para un numeroso grupo de familias.\u00a0 Por esta raz\u00f3n, apelamos a nuestras autoridades de gobierno y parlamentarios para que sepan dar una respuesta seria y coherente a las y los trabajadores de Ays\u00e9n\u00bb, agreg\u00f3.<\/p>\n<p style=\"text-align: justify;\">Desde la\u00a0Cooperativa de Trabajadores de Friosur, su Presidente, Mariano Villa,\u00a0recalc\u00f3 que \u00abnuestra principal preocupaci\u00f3n es la p\u00e9rdida de nuestras fuentes laborales, lo que no deja ser importante, pero adem\u00e1s, la p\u00e9rdida de nuestro patrimonio como due\u00f1os de una parte de la empresa. Eso nos cost\u00f3 mucho conseguirlo, fue una lucha de muchos a\u00f1os y ser\u00eda una p\u00e9rdida irreparable; este es un problema que afecta a todos los trabajadores de Friosur, sean due\u00f1os o no, como tambi\u00e9n a quienes prestan servicios desde alguna empresa externa\u00bb, sentenci\u00f3.<\/p>\n<p style=\"text-align: justify;\">Se est\u00e1n cambiando de manera anticipada las reglas del juego, aseguran desde la plana ejecutiva de Friosur, por la afectaci\u00f3n a los derechos adquiridos y proyectados al a\u00f1o 2032, sobre los cuales se evaluaron los proyectos de inversi\u00f3n en Ays\u00e9n.\u00a0 \u00abHacemos un llamado de urgencia a las autoridades de gobierno y parlamentarios para que reconsideren los negativos efectos que provocar\u00eda en el desarrollo de Ays\u00e9n la aprobaci\u00f3n de este proyecto de fraccionamiento; esto no es solo un problema para Friosur, sino tambi\u00e9n un perjuicio para gran parte de la comunidad regional\u00bb, indic\u00f3\u00a0Enrique Gar\u00edn, Gerente de Asuntos Corporativos y Sustentabilidad de la Empresa.<\/p>\n<p style=\"text-align: justify;\">\u00a0Desde la Compa\u00f1\u00eda estiman que, de aprobarse el Proyecto de Ley de Fraccionamiento de cuotas, bajo las actuales condiciones en que se encuentra redactado, se ver\u00edan en peligro\u00a0625\u00a0empleos directos y 1200 indirectos; repercusiones que se extender\u00edan, adem\u00e1s, al sector pesquero artesanal y el comercio local.<\/p>\n<\/div><\/section><\/div><div  style='height:50px' class='hr hr-invisible   avia-builder-el-6  el_after_av_one_full  el_before_av_social_share '><span class='hr-inner ' ><span class='hr-inner-style'><\/span><\/span><\/div><\/p>\n<div  class='av-social-sharing-box  avia-builder-el-7  el_after_av_hr  el_before_av_hr  '><div class='av-share-box'><h5 class='av-share-link-description av-no-toc '>Compartir esta noticia<\/h5><ul class='av-share-box-list noLightbox'><li class='av-share-link av-social-link-facebook' ><a target=\"_blank\" aria-label=\"Compartir en Facebook\" href='https:\/\/www.facebook.com\/sharer.php?u=https:\/\/radiorevelacionfm.cl\/?p=47462&#038;t=Proyecto%20de%20ley%20pesquera%20moviliz%C3%B3%20a%20centenares%20de%20trabajadores%20de%20la%20industria%20por%20las%20calles%20de%20Ays%C3%A9n' aria-hidden='false' data-av_icon='\ue8f3' data-av_iconfont='entypo-fontello' title='' data-avia-related-tooltip='Compartir en Facebook' rel=\"noopener\"><span class='avia_hidden_link_text'>Compartir en Facebook<\/span><\/a><\/li><li class='av-share-link av-social-link-twitter' ><a target=\"_blank\" aria-label=\"Compartir en Twitter\" href='https:\/\/twitter.com\/share?text=Proyecto%20de%20ley%20pesquera%20moviliz%C3%B3%20a%20centenares%20de%20trabajadores%20de%20la%20industria%20por%20las%20calles%20de%20Ays%C3%A9n&#038;url=https:\/\/radiorevelacionfm.cl\/?p=47462' aria-hidden='false' data-av_icon='\ue8f1' data-av_iconfont='entypo-fontello' title='' data-avia-related-tooltip='Compartir en Twitter' rel=\"noopener\"><span class='avia_hidden_link_text'>Compartir en Twitter<\/span><\/a><\/li><li class='av-share-link av-social-link-whatsapp' ><a target=\"_blank\" aria-label=\"Compartir en Whatsapp\" href='https:\/\/api.whatsapp.com\/send?text=https:\/\/radiorevelacionfm.cl\/?p=47462' aria-hidden='false' data-av_icon='\uf232' data-av_iconfont='entypo-fontello' title='' data-avia-related-tooltip='Compartir en Whatsapp' rel=\"noopener\"><span class='avia_hidden_link_text'>Compartir en Whatsapp<\/span><\/a><\/li><li class='av-share-link av-social-link-linkedin' ><a target=\"_blank\" aria-label=\"Compartir en LinkedIn\" href='https:\/\/linkedin.com\/shareArticle?mini=true&#038;title=Proyecto%20de%20ley%20pesquera%20moviliz%C3%B3%20a%20centenares%20de%20trabajadores%20de%20la%20industria%20por%20las%20calles%20de%20Ays%C3%A9n&#038;url=https:\/\/radiorevelacionfm.cl\/?p=47462' aria-hidden='false' data-av_icon='\ue8fc' data-av_iconfont='entypo-fontello' title='' data-avia-related-tooltip='Compartir en LinkedIn' rel=\"noopener\"><span class='avia_hidden_link_text'>Compartir en LinkedIn<\/span><\/a><\/li><li class='av-share-link av-social-link-mail' ><a  aria-label=\"Compartir por correo\" href='mailto:?subject=Proyecto%20de%20ley%20pesquera%20moviliz%C3%B3%20a%20centenares%20de%20trabajadores%20de%20la%20industria%20por%20las%20calles%20de%20Ays%C3%A9n&#038;body=https:\/\/radiorevelacionfm.cl\/?p=47462' aria-hidden='false' data-av_icon='\ue805' data-av_iconfont='entypo-fontello' title='' data-avia-related-tooltip='Compartir por correo'><span class='avia_hidden_link_text'>Compartir por correo<\/span><\/a><\/li><\/ul><\/div><\/div>\n<div  style='height:50px' class='hr hr-invisible   avia-builder-el-8  el_after_av_social_share  el_before_av_comments_list '><span class='hr-inner ' ><span class='hr-inner-style'><\/span><\/span><\/div>\n<div  class='av-buildercomment  av-blog-meta-html-info-disabled av-blog-meta-tag-disabled  '><\/div>\n","protected":false},"excerpt":{"rendered":"","protected":false},"author":1,"featured_media":47463,"comment_status":"open","ping_status":"open","sticky":false,"template":"","format":"standard","meta":{"footnotes":""},"categories":[60],"tags":[],"class_list":["post-47462","post","type-post","status-publish","format-standard","has-post-thumbnail","hentry","category-pesca"],"jetpack_featured_media_url":"https:\/\/radiorevelacionfm.cl\/wp-content\/uploads\/2024\/10\/imagen-de-whatsapp-2024-10-22-a-las-08_optimized.22.50_67dc6049-1.jpg","_links":{"self":[{"href":"https:\/\/radiorevelacionfm.cl\/index.php?rest_route=\/wp\/v2\/posts\/47462","targetHints":{"allow":["GET"]}}],"collection":[{"href":"https:\/\/radiorevelacionfm.cl\/index.php?rest_route=\/wp\/v2\/posts"}],"about":[{"href":"https:\/\/radiorevelacionfm.cl\/index.php?rest_route=\/wp\/v2\/types\/post"}],"author":[{"embeddable":true,"href":"https:\/\/radiorevelacionfm.cl\/index.php?rest_route=\/wp\/v2\/users\/1"}],"replies":[{"embeddable":true,"href":"https:\/\/radiorevelacionfm.cl\/index.php?rest_route=%2Fwp%2Fv2%2Fcomments&post=47462"}],"version-history":[{"count":1,"href":"https:\/\/radiorevelacionfm.cl\/index.php?rest_route=\/wp\/v2\/posts\/47462\/revisions"}],"predecessor-version":[{"id":47464,"href":"https:\/\/radiorevelacionfm.cl\/index.php?rest_route=\/wp\/v2\/posts\/47462\/revisions\/47464"}],"wp:featuredmedia":[{"embeddable":true,"href":"https:\/\/radiorevelacionfm.cl\/index.php?rest_route=\/wp\/v2\/media\/47463"}],"wp:attachment":[{"href":"https:\/\/radiorevelacionfm.cl\/index.php?rest_route=%2Fwp%2Fv2%2Fmedia&parent=47462"}],"wp:term":[{"taxonomy":"category","embeddable":true,"href":"https:\/\/radiorevelacionfm.cl\/index.php?rest_route=%2Fwp%2Fv2%2Fcategories&post=47462"},{"taxonomy":"post_tag","embeddable":true,"href":"https:\/\/radiorevelacionfm.cl\/index.php?rest_route=%2Fwp%2Fv2%2Ftags&post=47462"}],"curies":[{"name":"wp","href":"https:\/\/api.w.org\/{rel}","templated":true}]}}