{"id":47453,"date":"2024-10-25T10:13:49","date_gmt":"2024-10-25T13:13:49","guid":{"rendered":"https:\/\/radiorevelacionfm.cl\/?p=47453"},"modified":"2024-10-25T10:13:49","modified_gmt":"2024-10-25T13:13:49","slug":"lago-verde-y-puerto-aysen-fortalecen-sus-conocimientos-en-vermicompostaje-con-nuevas-capacitaciones","status":"publish","type":"post","link":"https:\/\/radiorevelacionfm.cl\/?p=47453","title":{"rendered":"Lago Verde y Puerto Ays\u00e9n fortalecen sus conocimientos en vermicompostaje con nuevas capacitaciones"},"content":{"rendered":"<div class=\"flex_column av_one_full  flex_column_div av-zero-column-padding first  avia-builder-el-0  el_before_av_one_full  avia-builder-el-first  \" style='border-radius:0px; '><div  class='avia-image-container  av-styling-    avia-builder-el-1  avia-builder-el-no-sibling  avia-align-center '  itemprop=\"image\" itemscope=\"itemscope\" itemtype=\"https:\/\/schema.org\/ImageObject\"  ><div class='avia-image-container-inner'><div class='avia-image-overlay-wrap'><img decoding=\"async\" class='wp-image-47454 avia-img-lazy-loading-not-47454 avia_image' src=\"https:\/\/radiorevelacionfm.cl\/wp-content\/uploads\/2024\/10\/compostaje-bhOCT2-1-1.jpeg\" alt='' title='compostaje-bhOCT2 (1) (1)' height=\"600\" width=\"938\"  itemprop=\"thumbnailUrl\" srcset=\"https:\/\/radiorevelacionfm.cl\/wp-content\/uploads\/2024\/10\/compostaje-bhOCT2-1-1.jpeg 938w, https:\/\/radiorevelacionfm.cl\/wp-content\/uploads\/2024\/10\/compostaje-bhOCT2-1-1-300x192.jpeg 300w, https:\/\/radiorevelacionfm.cl\/wp-content\/uploads\/2024\/10\/compostaje-bhOCT2-1-1-768x491.jpeg 768w, https:\/\/radiorevelacionfm.cl\/wp-content\/uploads\/2024\/10\/compostaje-bhOCT2-1-1-705x451.jpeg 705w, https:\/\/radiorevelacionfm.cl\/wp-content\/uploads\/2024\/10\/compostaje-bhOCT2-1-1-450x288.jpeg 450w, https:\/\/radiorevelacionfm.cl\/wp-content\/uploads\/2024\/10\/compostaje-bhOCT2-1-1-600x384.jpeg 600w\" sizes=\"(max-width: 938px) 100vw, 938px\" \/><\/div><\/div><\/div><\/div><div class=\"flex_column av_one_full  flex_column_div av-zero-column-padding first  avia-builder-el-2  el_after_av_one_full  el_before_av_one_full  column-top-margin\" style='border-radius:0px; '><section class=\"av_textblock_section \"  itemscope=\"itemscope\" itemtype=\"https:\/\/schema.org\/BlogPosting\" itemprop=\"blogPost\" ><div class='avia_textblock  '   itemprop=\"text\" ><p style=\"text-align: center;\"><strong><span style=\"font-size: 18pt;\">Lago Verde y Puerto Ays\u00e9n fortalecen sus conocimientos en vermicompostaje con nuevas capacitaciones <\/span><\/strong><\/p>\n<div id=\"gtx-trans\" style=\"position: absolute; left: -50px; top: 4.31534px;\">\n<div class=\"gtx-trans-icon\"><\/div>\n<\/div>\n<\/div><\/section><\/div><div class=\"flex_column av_one_full  flex_column_div av-zero-column-padding first  avia-builder-el-4  el_after_av_one_full  el_before_av_hr  column-top-margin\" style='border-radius:0px; '><section class=\"av_textblock_section \"  itemscope=\"itemscope\" itemtype=\"https:\/\/schema.org\/BlogPosting\" itemprop=\"blogPost\" ><div class='avia_textblock  '   itemprop=\"text\" ><p style=\"text-align: justify;\"><em>La acci\u00f3n responde al trabajo territorial que ha desplegado la empresa aysenina en colaboraci\u00f3n con actores p\u00fablicos y privados. \u00a0<\/em><\/p>\n<p style=\"text-align: justify;\">Con el objetivo de reforzar aspectos de sustentabilidad y econom\u00eda circular en distintos puntos de la regi\u00f3n de Ays\u00e9n. Empresas Bahamonde, implement\u00f3 diversas acciones de capacitaci\u00f3n tanto en la comuna de Ays\u00e9n como en Lago Verde. En las instancias, vecinos y vecinas conocieron distintas formas de reducir sus residuos domiciliarios org\u00e1nicos, lo cual a su vez, les permite conocer otras acciones que van en la l\u00ednea de la horticultura y la seguridad alimentaria. A los asistentes, se les entreg\u00f3 adem\u00e1s de manera gratuita Humus producido en el Relleno Sanitario.<\/p>\n<p style=\"text-align: justify;\">Sobre esta acci\u00f3n, B\u00e1rbara Weisser Rivera, encargada de gesti\u00f3n ambiental de la empresa aysenina destac\u00f3 el convenio que posee Empresas Bahamonde con la municipalidad de Lago Verde y que hizo posible generar el taller en Villa Amengual para 27 personas. As\u00ed como tambi\u00e9n, valor\u00f3 una nueva instancia efectuada en la capital de la comuna porte\u00f1a \u201cestas acciones nos permiten construir un Ays\u00e9n de futuro y agradecemos a Julio Gonz\u00e1lez quien pertenece a Gemat, la empresa que nos asesora en el lombrifiltro del Relleno sanitario\u201d.<\/p>\n<p style=\"text-align: justify;\">Respecto a los cursos, el ingeniero ambiental, Julio Gonz\u00e1lez, explic\u00f3 que por tres a\u00f1os ya han capacitado a m\u00e1s de 400 personas en la regi\u00f3n. \u201cEsta es la d\u00e9cimo cuarta versi\u00f3n del Taller de compostaje y vermicompostaje\u201d, a\u00f1adiendo que \u201cestamos contentos porque junto a Empresas Bahamonde, logramos este objetivo de educaci\u00f3n ambiental y adem\u00e1s posicionar el tema del tratamiento de los residuos org\u00e1nicos, para darles un tratamiento \u00e1gil desde el relleno sanitario\u201d.<\/p>\n<p style=\"text-align: justify;\">Una de las asistentes al curso efectuado en Puerto Ays\u00e9n, Gicela Vargas, valor\u00f3 positivamente esta nueva acci\u00f3n de Empresas Bahamonde indicando que \u201cesto lo podemos hacer en la casa, evitar botar m\u00e1s basura, poder tener nuestros propias verduras, comer saludable m\u00e1s que nada, sembrar y cooperar con el medio ambiente\u201d, puntualiz\u00f3 la vecina de Ays\u00e9n.<\/p>\n<\/div><\/section><\/div><div  style='height:50px' class='hr hr-invisible   avia-builder-el-6  el_after_av_one_full  el_before_av_social_share '><span class='hr-inner ' ><span class='hr-inner-style'><\/span><\/span><\/div><\/p>\n<div  class='av-social-sharing-box  avia-builder-el-7  el_after_av_hr  el_before_av_hr  '><div class='av-share-box'><h5 class='av-share-link-description av-no-toc '>Compartir esta noticia<\/h5><ul class='av-share-box-list noLightbox'><li class='av-share-link av-social-link-facebook' ><a target=\"_blank\" aria-label=\"Compartir en Facebook\" href='https:\/\/www.facebook.com\/sharer.php?u=https:\/\/radiorevelacionfm.cl\/?p=47453&#038;t=Lago%20Verde%20y%20Puerto%20Ays%C3%A9n%20fortalecen%20sus%20conocimientos%20en%20vermicompostaje%20con%20nuevas%20capacitaciones' aria-hidden='false' data-av_icon='\ue8f3' data-av_iconfont='entypo-fontello' title='' data-avia-related-tooltip='Compartir en Facebook' rel=\"noopener\"><span class='avia_hidden_link_text'>Compartir en Facebook<\/span><\/a><\/li><li class='av-share-link av-social-link-twitter' ><a target=\"_blank\" aria-label=\"Compartir en Twitter\" href='https:\/\/twitter.com\/share?text=Lago%20Verde%20y%20Puerto%20Ays%C3%A9n%20fortalecen%20sus%20conocimientos%20en%20vermicompostaje%20con%20nuevas%20capacitaciones&#038;url=https:\/\/radiorevelacionfm.cl\/?p=47453' aria-hidden='false' data-av_icon='\ue8f1' data-av_iconfont='entypo-fontello' title='' data-avia-related-tooltip='Compartir en Twitter' rel=\"noopener\"><span class='avia_hidden_link_text'>Compartir en Twitter<\/span><\/a><\/li><li class='av-share-link av-social-link-whatsapp' ><a target=\"_blank\" aria-label=\"Compartir en Whatsapp\" href='https:\/\/api.whatsapp.com\/send?text=https:\/\/radiorevelacionfm.cl\/?p=47453' aria-hidden='false' data-av_icon='\uf232' data-av_iconfont='entypo-fontello' title='' data-avia-related-tooltip='Compartir en Whatsapp' rel=\"noopener\"><span class='avia_hidden_link_text'>Compartir en Whatsapp<\/span><\/a><\/li><li class='av-share-link av-social-link-linkedin' ><a target=\"_blank\" aria-label=\"Compartir en LinkedIn\" href='https:\/\/linkedin.com\/shareArticle?mini=true&#038;title=Lago%20Verde%20y%20Puerto%20Ays%C3%A9n%20fortalecen%20sus%20conocimientos%20en%20vermicompostaje%20con%20nuevas%20capacitaciones&#038;url=https:\/\/radiorevelacionfm.cl\/?p=47453' aria-hidden='false' data-av_icon='\ue8fc' data-av_iconfont='entypo-fontello' title='' data-avia-related-tooltip='Compartir en LinkedIn' rel=\"noopener\"><span class='avia_hidden_link_text'>Compartir en LinkedIn<\/span><\/a><\/li><li class='av-share-link av-social-link-mail' ><a  aria-label=\"Compartir por correo\" href='mailto:?subject=Lago%20Verde%20y%20Puerto%20Ays%C3%A9n%20fortalecen%20sus%20conocimientos%20en%20vermicompostaje%20con%20nuevas%20capacitaciones&#038;body=https:\/\/radiorevelacionfm.cl\/?p=47453' aria-hidden='false' data-av_icon='\ue805' data-av_iconfont='entypo-fontello' title='' data-avia-related-tooltip='Compartir por correo'><span class='avia_hidden_link_text'>Compartir por correo<\/span><\/a><\/li><\/ul><\/div><\/div>\n<div  style='height:50px' class='hr hr-invisible   avia-builder-el-8  el_after_av_social_share  el_before_av_comments_list '><span class='hr-inner ' ><span class='hr-inner-style'><\/span><\/span><\/div>\n<div  class='av-buildercomment  av-blog-meta-html-info-disabled av-blog-meta-tag-disabled  '><\/div>\n","protected":false},"excerpt":{"rendered":"","protected":false},"author":1,"featured_media":47454,"comment_status":"open","ping_status":"open","sticky":false,"template":"","format":"standard","meta":{"footnotes":""},"categories":[38],"tags":[],"class_list":["post-47453","post","type-post","status-publish","format-standard","has-post-thumbnail","hentry","category-regional"],"jetpack_featured_media_url":"https:\/\/radiorevelacionfm.cl\/wp-content\/uploads\/2024\/10\/compostaje-bhOCT2-1-1.jpeg","_links":{"self":[{"href":"https:\/\/radiorevelacionfm.cl\/index.php?rest_route=\/wp\/v2\/posts\/47453","targetHints":{"allow":["GET"]}}],"collection":[{"href":"https:\/\/radiorevelacionfm.cl\/index.php?rest_route=\/wp\/v2\/posts"}],"about":[{"href":"https:\/\/radiorevelacionfm.cl\/index.php?rest_route=\/wp\/v2\/types\/post"}],"author":[{"embeddable":true,"href":"https:\/\/radiorevelacionfm.cl\/index.php?rest_route=\/wp\/v2\/users\/1"}],"replies":[{"embeddable":true,"href":"https:\/\/radiorevelacionfm.cl\/index.php?rest_route=%2Fwp%2Fv2%2Fcomments&post=47453"}],"version-history":[{"count":1,"href":"https:\/\/radiorevelacionfm.cl\/index.php?rest_route=\/wp\/v2\/posts\/47453\/revisions"}],"predecessor-version":[{"id":47455,"href":"https:\/\/radiorevelacionfm.cl\/index.php?rest_route=\/wp\/v2\/posts\/47453\/revisions\/47455"}],"wp:featuredmedia":[{"embeddable":true,"href":"https:\/\/radiorevelacionfm.cl\/index.php?rest_route=\/wp\/v2\/media\/47454"}],"wp:attachment":[{"href":"https:\/\/radiorevelacionfm.cl\/index.php?rest_route=%2Fwp%2Fv2%2Fmedia&parent=47453"}],"wp:term":[{"taxonomy":"category","embeddable":true,"href":"https:\/\/radiorevelacionfm.cl\/index.php?rest_route=%2Fwp%2Fv2%2Fcategories&post=47453"},{"taxonomy":"post_tag","embeddable":true,"href":"https:\/\/radiorevelacionfm.cl\/index.php?rest_route=%2Fwp%2Fv2%2Ftags&post=47453"}],"curies":[{"name":"wp","href":"https:\/\/api.w.org\/{rel}","templated":true}]}}