{"id":47449,"date":"2024-10-25T09:51:52","date_gmt":"2024-10-25T12:51:52","guid":{"rendered":"https:\/\/radiorevelacionfm.cl\/?p=47449"},"modified":"2024-10-25T09:51:52","modified_gmt":"2024-10-25T12:51:52","slug":"ninos-as-de-jardin-infantil-bambin-gesu-participaron-de-entretenida-charla-de-astronomia","status":"publish","type":"post","link":"https:\/\/radiorevelacionfm.cl\/?p=47449","title":{"rendered":"Ni\u00f1os\/as de jard\u00edn infantil \u201cBambin Gesu\u201d participaron de entretenida charla de astronom\u00eda"},"content":{"rendered":"<div class=\"flex_column av_one_full  flex_column_div av-zero-column-padding first  avia-builder-el-0  el_before_av_one_full  avia-builder-el-first  \" style='border-radius:0px; '><div  class='avia-image-container  av-styling-    avia-builder-el-1  avia-builder-el-no-sibling  avia-align-center '  itemprop=\"image\" itemscope=\"itemscope\" itemtype=\"https:\/\/schema.org\/ImageObject\"  ><div class='avia-image-container-inner'><div class='avia-image-overlay-wrap'><img decoding=\"async\" class='wp-image-47450 avia-img-lazy-loading-not-47450 avia_image' src=\"https:\/\/radiorevelacionfm.cl\/wp-content\/uploads\/2024\/10\/charla-astronomia-1-1_optimized.jpg\" alt='' title='charla-astronomia-1-(1)_optimized' height=\"600\" width=\"1067\"  itemprop=\"thumbnailUrl\" srcset=\"https:\/\/radiorevelacionfm.cl\/wp-content\/uploads\/2024\/10\/charla-astronomia-1-1_optimized.jpg 1067w, https:\/\/radiorevelacionfm.cl\/wp-content\/uploads\/2024\/10\/charla-astronomia-1-1_optimized-300x169.jpg 300w, https:\/\/radiorevelacionfm.cl\/wp-content\/uploads\/2024\/10\/charla-astronomia-1-1_optimized-1030x579.jpg 1030w, https:\/\/radiorevelacionfm.cl\/wp-content\/uploads\/2024\/10\/charla-astronomia-1-1_optimized-768x432.jpg 768w, https:\/\/radiorevelacionfm.cl\/wp-content\/uploads\/2024\/10\/charla-astronomia-1-1_optimized-705x396.jpg 705w, https:\/\/radiorevelacionfm.cl\/wp-content\/uploads\/2024\/10\/charla-astronomia-1-1_optimized-450x253.jpg 450w, https:\/\/radiorevelacionfm.cl\/wp-content\/uploads\/2024\/10\/charla-astronomia-1-1_optimized-600x337.jpg 600w\" sizes=\"(max-width: 1067px) 100vw, 1067px\" \/><\/div><\/div><\/div><\/div><div class=\"flex_column av_one_full  flex_column_div av-zero-column-padding first  avia-builder-el-2  el_after_av_one_full  el_before_av_one_full  column-top-margin\" style='border-radius:0px; '><section class=\"av_textblock_section \"  itemscope=\"itemscope\" itemtype=\"https:\/\/schema.org\/BlogPosting\" itemprop=\"blogPost\" ><div class='avia_textblock  '   itemprop=\"text\" ><p style=\"text-align: center;\"><strong><span style=\"font-size: 18pt;\">Ni\u00f1os\/as de jard\u00edn infantil \u201cBambin Gesu\u201d participaron de entretenida charla de astronom\u00eda <\/span><\/strong><\/p>\n<div id=\"gtx-trans\" style=\"position: absolute; left: -50px; top: 4.31534px;\">\n<div class=\"gtx-trans-icon\"><\/div>\n<\/div>\n<\/div><\/section><\/div><div class=\"flex_column av_one_full  flex_column_div av-zero-column-padding first  avia-builder-el-4  el_after_av_one_full  el_before_av_hr  column-top-margin\" style='border-radius:0px; '><section class=\"av_textblock_section \"  itemscope=\"itemscope\" itemtype=\"https:\/\/schema.org\/BlogPosting\" itemprop=\"blogPost\" ><div class='avia_textblock  '   itemprop=\"text\" ><p style=\"text-align: justify;\">Una entretenida y did\u00e1ctica actividad fue la que organiz\u00f3 la Biblioteca P\u00fablica de Ays\u00e9n, en esta ocasi\u00f3n con ni\u00f1os y ni\u00f1as del jard\u00edn infantil \u201cBambin Gesu\u201d, quienes fueron parte de una charla de astronom\u00eda, dictado por un vecino de la ciudad y ampliamente conocedor del tema, Patricio Antiman.<\/p>\n<p style=\"text-align: justify;\">La encargada de la Biblioteca, Yasna Jara, valor\u00f3 la confianza del recinto de educaci\u00f3n pre b\u00e1sica en asistir al recinto administrado por la Municipalidad y de esta forma ampliar los conocimientos de los peque\u00f1os, quienes por estos d\u00edas se encuentran estudiando el universo.<\/p>\n<p style=\"text-align: justify;\">\u201cEn primer lugar, agradecemos la confianza del jard\u00edn infantil, Bambin Gesu, para poder visitarnos y decir que cuando nos plantearon que ellos estaban estudiando el universo con los ni\u00f1os y ni\u00f1as, quisimos invitar a nuestro vecino Patricio Antiman, que siempre esta presto a apoyar este tipo de actividades, \u00e9l vino y les hizo una charla muy did\u00e1ctica a los ni\u00f1os, quienes ya manejan el tema, se not\u00f3 cuando ellos respond\u00edan\u201d \u2026<\/p>\n<p style=\"text-align: justify;\">Yasna Jara, comento que la Biblioteca P\u00fablica de Ays\u00e9n, tiene sus puertas abiertas a los distintos establecimientos educacionales, ya sea, para conocer el recinto, para realizar alguna actividad did\u00e1ctica o educativa.<\/p>\n<p style=\"text-align: justify;\">\u201cSimplemente basta llamar y agendar una visita, acabamos de agendar la visita de otro jard\u00edn, como les dec\u00eda, bienvenidos todos, la biblioteca y sus dependencias son justamente para la comunidad y los espacios est\u00e1n abiertos para que la comunidad disponga de ellos. Cultura y biblioteca no son solamente libros, tenemos que acercar a nuestra comunidad, todas las formas de comunicaci\u00f3n que tenemos en com\u00fan\u201d \u2026<\/p>\n<p style=\"text-align: justify;\">Patricio Antiman, vecino y conocedor del tema astron\u00f3mico, se\u00f1al\u00f3 que, atendiendo a la invitaci\u00f3n de la encargada de biblioteca, realiz\u00f3 la charla con los peque\u00f1os, quienes destacaron por su interacci\u00f3n con el relator de la actividad.<\/p>\n<p style=\"text-align: justify;\">\u201cContento, no es la primera vez que puedo participar en la biblioteca ante la invitaci\u00f3n de Yasna, son charlas muy breves, son menores de tres a cuatro a\u00f1os. Entonces, son im\u00e1genes para mostrar y preguntar algunas cosas, as\u00ed es que, muy feliz de participar junto a ellos, donde pueden visitar con otros ojos la biblioteca y tener un poco m\u00e1s de informaci\u00f3n. Aqu\u00ed pudimos exponer tem\u00e1ticas relacionadas a estrellas, lo que vemos en el cielo, los planetas, hacer algunas comparaciones de tama\u00f1o para que ellos se vayan imaginando las proporciones y otros objetos b\u00e1sicos\u201d.<\/p>\n<p style=\"text-align: justify;\">Desde la Biblioteca P\u00fablica de Ays\u00e9n, reiteraron la invitaci\u00f3n a los jardines infantiles, colegios, cursos, a visitar el recinto con el fin de conocer las instalaciones, los distintos textos y poder ser parte de actividades o talleres como lo realizado en torno a la astronom\u00eda.<\/p>\n<\/div><\/section><\/div><div  style='height:50px' class='hr hr-invisible   avia-builder-el-6  el_after_av_one_full  el_before_av_social_share '><span class='hr-inner ' ><span class='hr-inner-style'><\/span><\/span><\/div><\/p>\n<div  class='av-social-sharing-box  avia-builder-el-7  el_after_av_hr  el_before_av_hr  '><div class='av-share-box'><h5 class='av-share-link-description av-no-toc '>Compartir esta noticia<\/h5><ul class='av-share-box-list noLightbox'><li class='av-share-link av-social-link-facebook' ><a target=\"_blank\" aria-label=\"Compartir en Facebook\" href='https:\/\/www.facebook.com\/sharer.php?u=https:\/\/radiorevelacionfm.cl\/?p=47449&#038;t=Ni%C3%B1os%2Fas%20de%20jard%C3%ADn%20infantil%20%E2%80%9CBambin%20Gesu%E2%80%9D%20participaron%20de%20entretenida%20charla%20de%20astronom%C3%ADa' aria-hidden='false' data-av_icon='\ue8f3' data-av_iconfont='entypo-fontello' title='' data-avia-related-tooltip='Compartir en Facebook' rel=\"noopener\"><span class='avia_hidden_link_text'>Compartir en Facebook<\/span><\/a><\/li><li class='av-share-link av-social-link-twitter' ><a target=\"_blank\" aria-label=\"Compartir en Twitter\" href='https:\/\/twitter.com\/share?text=Ni%C3%B1os%2Fas%20de%20jard%C3%ADn%20infantil%20%E2%80%9CBambin%20Gesu%E2%80%9D%20participaron%20de%20entretenida%20charla%20de%20astronom%C3%ADa&#038;url=https:\/\/radiorevelacionfm.cl\/?p=47449' aria-hidden='false' data-av_icon='\ue8f1' data-av_iconfont='entypo-fontello' title='' data-avia-related-tooltip='Compartir en Twitter' rel=\"noopener\"><span class='avia_hidden_link_text'>Compartir en Twitter<\/span><\/a><\/li><li class='av-share-link av-social-link-whatsapp' ><a target=\"_blank\" aria-label=\"Compartir en Whatsapp\" href='https:\/\/api.whatsapp.com\/send?text=https:\/\/radiorevelacionfm.cl\/?p=47449' aria-hidden='false' data-av_icon='\uf232' data-av_iconfont='entypo-fontello' title='' data-avia-related-tooltip='Compartir en Whatsapp' rel=\"noopener\"><span class='avia_hidden_link_text'>Compartir en Whatsapp<\/span><\/a><\/li><li class='av-share-link av-social-link-linkedin' ><a target=\"_blank\" aria-label=\"Compartir en LinkedIn\" href='https:\/\/linkedin.com\/shareArticle?mini=true&#038;title=Ni%C3%B1os%2Fas%20de%20jard%C3%ADn%20infantil%20%E2%80%9CBambin%20Gesu%E2%80%9D%20participaron%20de%20entretenida%20charla%20de%20astronom%C3%ADa&#038;url=https:\/\/radiorevelacionfm.cl\/?p=47449' aria-hidden='false' data-av_icon='\ue8fc' data-av_iconfont='entypo-fontello' title='' data-avia-related-tooltip='Compartir en LinkedIn' rel=\"noopener\"><span class='avia_hidden_link_text'>Compartir en LinkedIn<\/span><\/a><\/li><li class='av-share-link av-social-link-mail' ><a  aria-label=\"Compartir por correo\" href='mailto:?subject=Ni%C3%B1os%2Fas%20de%20jard%C3%ADn%20infantil%20%E2%80%9CBambin%20Gesu%E2%80%9D%20participaron%20de%20entretenida%20charla%20de%20astronom%C3%ADa&#038;body=https:\/\/radiorevelacionfm.cl\/?p=47449' aria-hidden='false' data-av_icon='\ue805' data-av_iconfont='entypo-fontello' title='' data-avia-related-tooltip='Compartir por correo'><span class='avia_hidden_link_text'>Compartir por correo<\/span><\/a><\/li><\/ul><\/div><\/div>\n<div  style='height:50px' class='hr hr-invisible   avia-builder-el-8  el_after_av_social_share  el_before_av_comments_list '><span class='hr-inner ' ><span class='hr-inner-style'><\/span><\/span><\/div>\n<div  class='av-buildercomment  av-blog-meta-html-info-disabled av-blog-meta-tag-disabled  '><\/div>\n","protected":false},"excerpt":{"rendered":"","protected":false},"author":1,"featured_media":47450,"comment_status":"open","ping_status":"open","sticky":false,"template":"","format":"standard","meta":{"footnotes":""},"categories":[38],"tags":[],"class_list":["post-47449","post","type-post","status-publish","format-standard","has-post-thumbnail","hentry","category-regional"],"jetpack_featured_media_url":"https:\/\/radiorevelacionfm.cl\/wp-content\/uploads\/2024\/10\/charla-astronomia-1-1_optimized.jpg","_links":{"self":[{"href":"https:\/\/radiorevelacionfm.cl\/index.php?rest_route=\/wp\/v2\/posts\/47449","targetHints":{"allow":["GET"]}}],"collection":[{"href":"https:\/\/radiorevelacionfm.cl\/index.php?rest_route=\/wp\/v2\/posts"}],"about":[{"href":"https:\/\/radiorevelacionfm.cl\/index.php?rest_route=\/wp\/v2\/types\/post"}],"author":[{"embeddable":true,"href":"https:\/\/radiorevelacionfm.cl\/index.php?rest_route=\/wp\/v2\/users\/1"}],"replies":[{"embeddable":true,"href":"https:\/\/radiorevelacionfm.cl\/index.php?rest_route=%2Fwp%2Fv2%2Fcomments&post=47449"}],"version-history":[{"count":1,"href":"https:\/\/radiorevelacionfm.cl\/index.php?rest_route=\/wp\/v2\/posts\/47449\/revisions"}],"predecessor-version":[{"id":47451,"href":"https:\/\/radiorevelacionfm.cl\/index.php?rest_route=\/wp\/v2\/posts\/47449\/revisions\/47451"}],"wp:featuredmedia":[{"embeddable":true,"href":"https:\/\/radiorevelacionfm.cl\/index.php?rest_route=\/wp\/v2\/media\/47450"}],"wp:attachment":[{"href":"https:\/\/radiorevelacionfm.cl\/index.php?rest_route=%2Fwp%2Fv2%2Fmedia&parent=47449"}],"wp:term":[{"taxonomy":"category","embeddable":true,"href":"https:\/\/radiorevelacionfm.cl\/index.php?rest_route=%2Fwp%2Fv2%2Fcategories&post=47449"},{"taxonomy":"post_tag","embeddable":true,"href":"https:\/\/radiorevelacionfm.cl\/index.php?rest_route=%2Fwp%2Fv2%2Ftags&post=47449"}],"curies":[{"name":"wp","href":"https:\/\/api.w.org\/{rel}","templated":true}]}}